{"id":211843,"date":"2014-02-19T21:14:55","date_gmt":"2014-02-19T18:14:55","guid":{"rendered":"https:\/\/analyse.optim.biz\/?p=211843"},"modified":"2014-02-19T21:14:55","modified_gmt":"2014-02-19T18:14:55","slug":"traian-basescu-ponta-si-antonescu-chiar-nu-sunteti-responsabili-incetati-criza","status":"publish","type":"post","link":"https:\/\/analyse.optim.biz\/?p=211843","title":{"rendered":"Traian B\u0103sescu: \u201ePonta \u0219i Antonescu, chiar nu sunte\u021bi responsabili? \u00cenceta\u021bi criza!\u201d"},"content":{"rendered":"<div class=\"entry data-app-meta data-app-meta-article\" data-embed-base-url-canonical=\"https:\/\/www.digi24.ro\/embed\/stiri\/actualitate\/politica\/traian-basescu-ponta-si-antonescu-chiar-nu-sunteti-responsabili-incetati-criza-203123\">\n<p data-index=\"1\"><img decoding=\"async\" src=\"https:\/\/analyse.optim.biz\/wp-content\/uploads\/2024\/09\/cgcmdz04mdamagfzad1mm2q3njcznwfhzwjmotzhztizmtflywu1mdlmzmzmoa-thumb_.jpg\" data-skip-htmlfix=\"1\" title=\"cgcmdz04mdamagfzad1mm2q3njcznwfhzwjmotzhztizmtflywu1mdlmzmzmoa-thumb_\"><\/p>\n<p data-index=\"2\"><em><strong>Foto: presidency.ro<\/strong><\/em><\/p>\n<p data-index=\"3\">\u201e<span>Fac un apel la cei doi lideri USL s\u0103 revin\u0103 la ra\u021biune, pentru c\u0103 nu vor s\u0103 se despart\u0103, dar au orgolii, \u0219i nu \u0219tiu cine pierde. \u00cei propun lui Victor Ponta s\u0103 cedeze la solicitarea PNL s\u0103-l aib\u0103 pe Klaus Iohannis viceprim-ministru\u201d, a declarat pre\u0219edintele.<\/span><\/p>\n<p data-index=\"4\">\u201e<span>E inadmisibil c\u00e2nd vezi ce e \u00een frontiera de nord \u015fi sud est, cu Ucraina, tu s\u0103 te mai joci cu instabilitatea, pe care nici m\u0103car nu o avem. Sunt orgoliile a doi politicieni lipsi\u0163i de maturitate. Fac un apel public la cei doi lideri s\u0103 g\u0103seasc\u0103 o formul\u0103 rezonabil\u0103 \u015fi nu e niciun cap\u0103t de \u0163ar\u0103 dac\u0103 Iohannis va fi vicepremier\u201d, a ad\u0103ugat Traian B\u0103sescu.<\/span><\/p>\n<p data-index=\"5\">\u0218eful statului a insistat asupra necesit\u0103\u021bii \u00eencet\u0103rii crizei politice. \u201ePonta \u0219i Antonescu, chiar nu sunte\u021bi reponsabili? Face\u021bi-l viceprim-ministru, chiar prim-viceprim-ministru pe Iohannis, dar \u00eenceta\u021bi criza!\u201d, a spus pre\u0219edintele.<\/p>\n<\/div>\n<p> Source URL: https:\/\/www.digi24.ro\/stiri\/actualitate\/politica\/traian-basescu-ponta-si-antonescu-chiar-nu-sunteti-responsabili-incetati-criza-203123<\/p>\n","protected":false},"excerpt":{"rendered":"<p>Foto: presidency.ro \u201eFac un apel la cei doi lideri USL s\u0103 revin\u0103 la ra\u021biune, pentru c\u0103 nu vor s\u0103 se despart\u0103, dar au orgolii, \u0219i nu \u0219tiu cine pierde. \u00cei propun lui Victor Ponta s\u0103 cedeze la solicitarea PNL s\u0103-l aib\u0103 pe Klaus Iohannis viceprim-ministru\u201d, a declarat pre\u0219edintele. \u201eE inadmisibil c\u00e2nd vezi ce e \u00een [&hellip;]<\/p>\n","protected":false},"author":1,"featured_media":211844,"comment_status":"open","ping_status":"","sticky":false,"template":"","format":"standard","meta":{"footnotes":""},"categories":[2],"tags":[11],"class_list":["post-211843","post","type-post","status-publish","format-standard","has-post-thumbnail","hentry","category-politics","tag-digi24"],"_links":{"self":[{"href":"https:\/\/analyse.optim.biz\/index.php?rest_route=\/wp\/v2\/posts\/211843","targetHints":{"allow":["GET"]}}],"collection":[{"href":"https:\/\/analyse.optim.biz\/index.php?rest_route=\/wp\/v2\/posts"}],"about":[{"href":"https:\/\/analyse.optim.biz\/index.php?rest_route=\/wp\/v2\/types\/post"}],"author":[{"embeddable":true,"href":"https:\/\/analyse.optim.biz\/index.php?rest_route=\/wp\/v2\/users\/1"}],"replies":[{"embeddable":true,"href":"https:\/\/analyse.optim.biz\/index.php?rest_route=%2Fwp%2Fv2%2Fcomments&post=211843"}],"version-history":[{"count":0,"href":"https:\/\/analyse.optim.biz\/index.php?rest_route=\/wp\/v2\/posts\/211843\/revisions"}],"wp:featuredmedia":[{"embeddable":true,"href":"https:\/\/analyse.optim.biz\/index.php?rest_route=\/wp\/v2\/media\/211844"}],"wp:attachment":[{"href":"https:\/\/analyse.optim.biz\/index.php?rest_route=%2Fwp%2Fv2%2Fmedia&parent=211843"}],"wp:term":[{"taxonomy":"category","embeddable":true,"href":"https:\/\/analyse.optim.biz\/index.php?rest_route=%2Fwp%2Fv2%2Fcategories&post=211843"},{"taxonomy":"post_tag","embeddable":true,"href":"https:\/\/analyse.optim.biz\/index.php?rest_route=%2Fwp%2Fv2%2Ftags&post=211843"}],"curies":[{"name":"wp","href":"https:\/\/api.w.org\/{rel}","templated":true}]}}