{"id":2118393,"date":"2026-08-29T00:00:00","date_gmt":"2026-08-28T21:00:00","guid":{"rendered":"https:\/\/analyse.optim.biz\/?p=2118393"},"modified":"2026-08-29T00:00:00","modified_gmt":"2026-08-28T21:00:00","slug":"video-franta-extrema-dreapta-acuza-stanga-ca-ameninta-pacea-civila-in-caz-de-victorie-a-lui-marine-le-pen-in-alegeri","status":"publish","type":"post","link":"https:\/\/analyse.optim.biz\/?p=2118393","title":{"rendered":"VIDEO Fran\u021ba: Extrema dreapt\u0103 acuz\u0103 st\u00e2nga c\u0103 amenin\u021b\u0103 &#8216;pacea civil\u0103&#8217; \u00een caz de victorie a lui Marine Le Pen \u00een alegeri"},"content":{"rendered":"<p>[analyse_image type=&#8221;featured&#8221; src=&#8221;https:\/\/agerpres.ro\/data\/202608\/20260829195850_103409.jpg&#8221;]<\/p>\n<div class=\"mx-auto pt-3\">\n<p><strong>Extrema dreapt\u0103 francez\u0103 a acuzat s\u00e2mb\u0103t\u0103 st\u00e2nga c\u0103 \u00eencearc\u0103 &#8216;s\u0103 pun\u0103 sub semnul \u00eentreb\u0103rii pacea civil\u0103&#8217; dac\u0103 reprezentanta sa Marine Le Pen c\u00e2\u0219tig\u0103 alegerile preziden\u021biale \u00een prim\u0103vara lui 2027, \u00een care este creditat\u0103 cu prima \u0219ans\u0103, relateaz\u0103 AFP.<\/strong><\/p>\n<p>Jordan Bardella, pre\u0219edintele Rassemblement national (RN, Adunarea na\u021bional\u0103) a criticat La France insoumise (Fran\u021ba nesupus\u0103), partid al st\u00e2ngii radicale, \u00een prima sa deplasare de campanie \u00een Ch\u00e2lons-en-Champagne, \u00een estul Fran\u021bei.<\/p>\n<p>\u00centrebat despre apelurile la &#8216;nesupunere civic\u0103&#8217; lansate de st\u00e2nga dac\u0103 RN ajunge la putere, Jordan Bardella a v\u0103zut \u00een acestea &#8216;o m\u0103rturie a sl\u0103biciunii st\u00e2ngii, care detest\u0103 democra\u021bia, care pune sub semnul \u00eentreb\u0103rii marile principii ale statului de drept \u0219i func\u021bion\u0103rii electorale&#8217;.<\/p>\n<div class=\"videoEmbed\"><iframe loading=\"lazy\" allowfullscreen frameborder height=\"349\" mozallowfullscreen src=\"https:\/\/www.youtube.com\/embed\/sNzWkT-ZezU\" webkitallowfullscreen width=\"560\"><\/iframe><\/div>\n<p>&#8216;Atitudinea La France insoumise \u00een acest debut de campanie este una profund \u00eengrijor\u0103toare, care vizeaz\u0103 deja punerea sub semnul \u00eentreb\u0103rii a p\u0103cii civile \u00een \u021bara noastr\u0103&#8217;, a declarat presei cel care va de\u021bine func\u021bia de premier dac\u0103 Marine Le Pen ar c\u00e2\u0219tiga alegerile preziden\u021biale.<\/p>\n<p>&#8216;Asta \u00eenseamn\u0103 c\u0103 au pierdut deja aceste alegeri&#8217;, a apreciat el.<\/p>\n<p><strong>Intervievat\u0103 recent pe canalul LCI, secretarul na\u021bional al Ecologi\u0219tilor, Marine Tondelier, a r\u0103spuns afirmativ la \u00eentrebarea dac\u0103 sper\u0103 \u00een &#8216;nesupuneri&#8217; \u00een caz de victorie a RN.<\/strong><\/p>\n<p>La t\u00e2rgul agricol de la Ch\u00e2lons, \u00eent\u00e2lnire obligatorie pentru candida\u021bii la pre\u0219edin\u021bie, aleg\u0103torii \u0219i-au explicat motiva\u021bia pentru a vota cu extrema dreapt\u0103.<\/p>\n<p>Dezam\u0103git de candida\u021bii cu care a votat la ultimele alegeri preziden\u021biale, Damien, un tat\u0103 de familie, a spus c\u0103 va vota de aceast\u0103 dat\u0103 cu RN, &#8216;pentru c\u0103 asta nu am mai \u00eencercat&#8217;.<\/p>\n<p><strong>Potrivit unui ultim sondaj din aceast\u0103 s\u0103pt\u0103m\u00e2n\u0103 pentru LCI, Le Figaro \u0219i Sud Radio, Marine Le Pen este deta\u0219at \u00een frunte cu 33 p\u00e2n\u0103 la 35% din inten\u021biile de vot \u00een primul tur. Urmeaz\u0103 apoi pre\u0219edintele partidului Horizons (centru-dreapta), Edouard Philippe, cu \u00eentre 18 \u0219i 21%, \u0219i apoi Jean-Luc M\u00e9lenchon (st\u00e2nga radical\u0103), creditat cu 17 p\u00e2n\u0103 la 19%.<\/strong>AGERPRES\/(AS &#8211; redactor: Florin \u0218tefan, editor online: Andreea Preda)<\/p>\n<\/div>\n<div class=\"mx-auto pt-3\">\n                                Afisari: 379\n                            <\/div>\n<p>[analyse_source url=&#8221;https:\/\/agerpres.ro\/politic-extern\/2026\/08\/29\/video-franta-extrema-dreapta-acuza-stanga-ca-ameninta-pacea-civila-in-caz-de-victorie-a-lui-marine-l&#8211;1588965&#8243;]<\/p>\n","protected":false},"excerpt":{"rendered":"<p>[analyse_image type=&#8221;featured&#8221; src=&#8221;https:\/\/agerpres.ro\/data\/202608\/20260829195850_103409.jpg&#8221;] Extrema dreapt\u0103 francez\u0103 a acuzat s\u00e2mb\u0103t\u0103 st\u00e2nga c\u0103 \u00eencearc\u0103 &#8216;s\u0103 pun\u0103 sub semnul \u00eentreb\u0103rii pacea civil\u0103&#8217; dac\u0103 reprezentanta sa Marine Le Pen c\u00e2\u0219tig\u0103 alegerile preziden\u021biale \u00een prim\u0103vara lui 2027, \u00een care este creditat\u0103 cu prima \u0219ans\u0103, relateaz\u0103 AFP. Jordan Bardella, pre\u0219edintele Rassemblement national (RN, Adunarea na\u021bional\u0103) a criticat La France insoumise (Fran\u021ba [&hellip;]<\/p>\n","protected":false},"author":1,"featured_media":0,"comment_status":"open","ping_status":"","sticky":false,"template":"","format":"standard","meta":{"footnotes":""},"categories":[2],"tags":[37,226],"class_list":["post-2118393","post","type-post","status-publish","format-standard","hentry","category-politics","tag-agerpres-ro","tag-crawlmanager"],"_links":{"self":[{"href":"https:\/\/analyse.optim.biz\/index.php?rest_route=\/wp\/v2\/posts\/2118393","targetHints":{"allow":["GET"]}}],"collection":[{"href":"https:\/\/analyse.optim.biz\/index.php?rest_route=\/wp\/v2\/posts"}],"about":[{"href":"https:\/\/analyse.optim.biz\/index.php?rest_route=\/wp\/v2\/types\/post"}],"author":[{"embeddable":true,"href":"https:\/\/analyse.optim.biz\/index.php?rest_route=\/wp\/v2\/users\/1"}],"replies":[{"embeddable":true,"href":"https:\/\/analyse.optim.biz\/index.php?rest_route=%2Fwp%2Fv2%2Fcomments&post=2118393"}],"version-history":[{"count":0,"href":"https:\/\/analyse.optim.biz\/index.php?rest_route=\/wp\/v2\/posts\/2118393\/revisions"}],"wp:attachment":[{"href":"https:\/\/analyse.optim.biz\/index.php?rest_route=%2Fwp%2Fv2%2Fmedia&parent=2118393"}],"wp:term":[{"taxonomy":"category","embeddable":true,"href":"https:\/\/analyse.optim.biz\/index.php?rest_route=%2Fwp%2Fv2%2Fcategories&post=2118393"},{"taxonomy":"post_tag","embeddable":true,"href":"https:\/\/analyse.optim.biz\/index.php?rest_route=%2Fwp%2Fv2%2Ftags&post=2118393"}],"curies":[{"name":"wp","href":"https:\/\/api.w.org\/{rel}","templated":true}]}}