{"id":2118381,"date":"2026-08-29T16:51:48","date_gmt":"2026-08-29T13:51:48","guid":{"rendered":"https:\/\/analyse.optim.biz\/?p=2118381"},"modified":"2026-08-29T16:51:48","modified_gmt":"2026-08-29T13:51:48","slug":"pogacar-abandons-la-vuelta-after-heavy-crash-33km-from-finish","status":"publish","type":"post","link":"https:\/\/analyse.optim.biz\/?p=2118381","title":{"rendered":"Poga\u010dar abandons La Vuelta after heavy crash 33km from finish"},"content":{"rendered":"<p>[analyse_image type=&#8221;featured&#8221; src=&#8221;https:\/\/images.euronews.com\/articles\/stories\/09\/89\/40\/64\/1200x675_cmsv2_8355d338-c6e4-54db-b675-472de09c9298-9894064.jpg&#8221;]<\/p>\n<article id=\"abe-2921539-pos1-c-latest-stories\" class=\"the-media-object m-modeMobile-1 m-modeDesktop-1 m-modeXL-1\" data-nid=\"2921539\" data-cid=\"9894093\" data-part-label=\"Partner content\">\n<figure id=\"abe-2921539-label-pos1-c-latest-stories\" class=\"the-media-object__figure\"><img decoding=\"async\" class=\"the-media-object__image\" src=\"https:\/\/images.euronews.com\/articles\/stories\/09\/89\/40\/35\/189x106_cmsv2_062349ef-9114-5d1e-9b42-6003c72fa405-9894035.jpg\" loading=\"lazy\" alt=\"Olivier Faure and Boris Vallaud speak to the press after a meeting with Emmanuel Macron on 10 October 2025.\" height=\"9\" width=\"16\"><\/figure>\n<div class=\"the-media-object__content\">\n                    Europe News<\/p>\n<div class=\"the-media-object__title  \">\n<p>    France political season: Bardella, Faure, Lecornu, Hollande, Philippe\n  <\/p><\/div>\n<\/div>\n<\/article>\n<article id=\"abe-2921483-pos2-c-latest-stories\" class=\"the-media-object m-modeMobile-1 m-modeDesktop-1 m-modeXL-1\" data-nid=\"2921483\" data-cid=\"9893818\" data-part-label=\"Partner content\">\n<figure id=\"abe-2921483-label-pos2-c-latest-stories\" class=\"the-media-object__figure\"><img decoding=\"async\" class=\"the-media-object__image\" src=\"https:\/\/images.euronews.com\/articles\/stories\/09\/89\/37\/81\/189x106_cmsv2_2b83b370-5a9b-5e2c-99d6-607efa94d5e7-9893781.jpg\" loading=\"lazy\" alt=\"Migrants who crossed from Morocco into Spain return to a beach after being expelled the previous day, in the Spanish enclave of Ceuta, on 21 August 2026.\" height=\"9\" width=\"16\"><\/figure>\n<div class=\"the-media-object__content\">\n                    Europe News<\/p>\n<div class=\"the-media-object__title  \">\n<p>    50-boat flotilla sails to Ceuta amid migration tensions\n  <\/p><\/div>\n<\/div>\n<\/article>\n<article id=\"abe-2921547-pos3-c-latest-stories\" class=\"the-media-object m-modeMobile-1 m-modeDesktop-1 m-modeXL-1 the-media-object--has-video\" data-nid=\"2921547\" data-cid=\"9894068\" data-part-label=\"Partner content\">\n<figure id=\"abe-2921547-label-pos3-c-latest-stories\" class=\"the-media-object__figure\"><img decoding=\"async\" class=\"the-media-object__image\" src=\"https:\/\/images.euronews.com\/articles\/stories\/09\/89\/40\/68\/189x106_cmsv2_26697f8b-4ca3-5c0c-9181-a460f5dddb88-9894068.jpg\" loading=\"lazy\" alt=\"Latest news bulletin | August 29th, 2026 \u2013 Evening\" height=\"9\" width=\"16\"><\/figure>\n<div class=\"the-media-object__content\">\n                    Top News Stories Today<\/p>\n<div class=\"the-media-object__title  \">\n<p>    Latest news bulletin | August 29th, 2026 \u2013 Evening\n  <\/p><\/div>\n<\/div>\n<\/article>\n<article id=\"abe-2921533-pos4-c-latest-stories\" class=\"the-media-object m-modeMobile-1 m-modeDesktop-1 m-modeXL-1 the-media-object--has-video\" data-nid=\"2921533\" data-cid=\"9893993\" data-part-label=\"Partner content\">\n<figure id=\"abe-2921533-label-pos4-c-latest-stories\" class=\"the-media-object__figure\"><img decoding=\"async\" class=\"the-media-object__image\" src=\"https:\/\/images.euronews.com\/articles\/stories\/09\/89\/39\/93\/189x106_cmsv2_4f0852aa-773b-540e-8ffd-973de0bd6025-9893993.jpg\" loading=\"lazy\" alt=\"A voter casts a ballot during Iceland&apos;s referendum at Reykjavik City Hall in Reykjavik, Iceland, Saturday, Aug. 29, 2026.\" height=\"9\" width=\"16\"><\/figure>\n<div class=\"the-media-object__content\">\n                    Europe News<\/p>\n<div class=\"the-media-object__title  \">\n<p>    Iceland&#8217;s EU referendum sees high preliminary voter turnout\n  <\/p><\/div>\n<\/div>\n<\/article>\n<article id=\"abe-2921539-pos1-c-latest-stories-sidebar\" class=\"the-media-object m-modeMobile-2 m-modeDesktop-2 m-modeXL-2\" data-nid=\"2921539\" data-cid=\"9894093\" data-part-label=\"Partner content\">\n<figure id=\"abe-2921539-label-pos1-c-latest-stories-sidebar\" class=\"the-media-object__figure\"><img decoding=\"async\" class=\"the-media-object__image\" src=\"https:\/\/images.euronews.com\/articles\/stories\/09\/89\/40\/35\/189x106_cmsv2_062349ef-9114-5d1e-9b42-6003c72fa405-9894035.jpg\" loading=\"lazy\" alt=\"Olivier Faure and Boris Vallaud speak to the press after a meeting with Emmanuel Macron on 10 October 2025.\" height=\"9\" width=\"16\"><\/figure>\n<div class=\"the-media-object__content\">\n                    Europe News<\/p>\n<div class=\"the-media-object__title  \">\n<p>    France political season: Bardella, Faure, Lecornu, Hollande, Philippe\n  <\/p><\/div>\n<\/div>\n<\/article>\n<article id=\"abe-2921483-pos2-c-latest-stories-sidebar\" class=\"the-media-object m-modeMobile-2 m-modeDesktop-2 m-modeXL-2\" data-nid=\"2921483\" data-cid=\"9893818\" data-part-label=\"Partner content\">\n<figure id=\"abe-2921483-label-pos2-c-latest-stories-sidebar\" class=\"the-media-object__figure\"><img decoding=\"async\" class=\"the-media-object__image\" src=\"https:\/\/images.euronews.com\/articles\/stories\/09\/89\/37\/81\/189x106_cmsv2_2b83b370-5a9b-5e2c-99d6-607efa94d5e7-9893781.jpg\" loading=\"lazy\" alt=\"Migrants who crossed from Morocco into Spain return to a beach after being expelled the previous day, in the Spanish enclave of Ceuta, on 21 August 2026.\" height=\"9\" width=\"16\"><\/figure>\n<div class=\"the-media-object__content\">\n                    Europe News<\/p>\n<div class=\"the-media-object__title  \">\n<p>    50-boat flotilla sails to Ceuta amid migration tensions\n  <\/p><\/div>\n<\/div>\n<\/article>\n<article id=\"abe-2921547-pos3-c-latest-stories-sidebar\" class=\"the-media-object m-modeMobile-2 m-modeDesktop-2 m-modeXL-2 the-media-object--has-video\" data-nid=\"2921547\" data-cid=\"9894068\" data-part-label=\"Partner content\">\n<figure id=\"abe-2921547-label-pos3-c-latest-stories-sidebar\" class=\"the-media-object__figure\"><img decoding=\"async\" class=\"the-media-object__image\" src=\"https:\/\/images.euronews.com\/articles\/stories\/09\/89\/40\/68\/189x106_cmsv2_26697f8b-4ca3-5c0c-9181-a460f5dddb88-9894068.jpg\" loading=\"lazy\" alt=\"Latest news bulletin | August 29th, 2026 \u2013 Evening\" height=\"9\" width=\"16\"><\/figure>\n<div class=\"the-media-object__content\">\n                    Top News Stories Today<\/p>\n<div class=\"the-media-object__title  \">\n<p>    Latest news bulletin | August 29th, 2026 \u2013 Evening\n  <\/p><\/div>\n<\/div>\n<\/article>\n<article id=\"abe-2921533-pos4-c-latest-stories-sidebar\" class=\"the-media-object m-modeMobile-2 m-modeDesktop-2 m-modeXL-2 the-media-object--has-video\" data-nid=\"2921533\" data-cid=\"9893993\" data-part-label=\"Partner content\">\n<figure id=\"abe-2921533-label-pos4-c-latest-stories-sidebar\" class=\"the-media-object__figure\"><img decoding=\"async\" class=\"the-media-object__image\" src=\"https:\/\/images.euronews.com\/articles\/stories\/09\/89\/39\/93\/189x106_cmsv2_4f0852aa-773b-540e-8ffd-973de0bd6025-9893993.jpg\" loading=\"lazy\" alt=\"A voter casts a ballot during Iceland&apos;s referendum at Reykjavik City Hall in Reykjavik, Iceland, Saturday, Aug. 29, 2026.\" height=\"9\" width=\"16\"><\/figure>\n<div class=\"the-media-object__content\">\n                    Europe News<\/p>\n<div class=\"the-media-object__title  \">\n<p>    Iceland&#8217;s EU referendum sees high preliminary voter turnout\n  <\/p><\/div>\n<\/div>\n<\/article>\n<article class=\"helper-site-row o-article-newsy\">\n<div class=\"helper-site-container o-article-newsy__container\">\n<div class=\"o-article-newsy__main\">\n<header class=\"h-grid o-article-newsy__main__header\">\n<nav aria-label=\"Breadcrumbs\" class=\"c-article-breadcrumbs\">\n<div id=\"adb-article-breadcrumb\" class=\"c-article-breadcrumbs__list\">\n<p>                          News<\/p>\n<p>                          Sport<\/p><\/div>\n<\/nav>\n<h1 class=\"c-article-redesign-title\">\n                            Poga\u010dar abandons La Vuelta after heavy crash 33km from finish<\/h1>\n<div class=\"c-article-image-video u-position-relative \">\n<div class=\"js-superdiv u-aspect-ratio-16x9 u-position-relative \" data-controller=\"video-player\" data-sponsored=\"Partner content\"><img fetchpriority=\"high\" decoding=\"async\" class=\"js-poster-img c-article-media__img\" src=\"https:\/\/images.euronews.com\/articles\/stories\/09\/89\/40\/64\/1536x864_cmsv2_8355d338-c6e4-54db-b675-472de09c9298-9894064.jpg\" width=\"1536\" height=\"864\" loading=\"eager\" alt=\"Slovenian Tadej Pogacar, wearing the red leader&apos;s jersey in the overall classification of the Vuelta a Espa\u00f1a, on 22 August 2026.\"><\/div>\n<div class=\"c-article-caption u-position-absolute\"><i id=\"article-caption-content\" class=\"c-article-caption__content\"><span class=\"c-article-caption__text\"><br \/>\n              Slovenia&#8217;s Tadej Pogacar wearing the red leader&#8217;s jersey of the Vuelta a Espa\u00f1a general classification on 22 August 2026.<br \/>\n                    <span class=\"u-color-white\">&#8211;\u00a0<\/span><span class=\"c-article-caption__copyright\">Copyright\u00a0<\/span><span class=\"c-article-caption__credit\">Copyright 2026 The Associated Press. All rights reserved<\/span><\/span><\/i><\/div>\n<div class=\"c-article-image-copyright c-article-image-copyright--novideo\">\n      Copyright\u00a0Copyright 2026 The Associated Press. All rights reserved\n  <\/div>\n<\/div>\n<\/header>\n<div class=\"h-grid o-article-newsy__main__body u-article-content\">\n<div class=\"o-article-newsy__contributors-publication-date\">\n<div class=\"c-article-contributors\">\n  By&amp;nbspRafael Salido\n<\/div>\n<div class=\"c-article-publication-date\" data-timestamp=\"1788022308\">\n         Published on<br \/>\n            <time datetime=\"2026-08-29 18:51:48 +02:00\">29\/08\/2026 &#8211; 18:51 GMT+2<\/time><\/div>\n<\/div>\n<div class=\"c-article-share-comment u-align-items-center u-display-flex\"><span class=\"c-article-share-comment__links u-align-items-center u-display-flex u-justify-content-center js-c-article-share-comment-share\"><span class=\"c-article-share-comment__label\">Share<\/span><\/span><span class=\"c-article-share-comment__label\">Comments<\/span><span class=\"c-article-share-comment__label c-article-share-comment__label--always\">Add Euronews on Google<\/span><\/div>\n<div class=\"c-article-share-comment-popup-overlay js-c-article-share-comment-popup-overlay u-display-none\">\n<div id=\"js-c-article-share-comment-popup\" class=\"c-article-share-comment-popup js-c-article-share-comment-popup\">\n<div class=\"c-article-share-comment-popup__header u-display-flex\"><span>Share<\/span><img decoding=\"async\" src=\"https:\/\/static.euronews.com\/website\/images\/vector\/icon-close.svg\" width=\"24\" height=\"24\" alt=\"Close Button\" class=\"u-cursor-pointer js-c-article-share-comment-close\" loading=\"lazy\"><\/div>\n<div class=\"c-article-share-comment-popup__content u-display-flex\">\n<div id=\"share-comment-popup-content-container\" class=\"c-article-share-comment-popup__content__container u-display-flex\"><span class=\"u-display-flex u-gap-1 u-show-for-mobile-only\"><img decoding=\"async\" src=\"https:\/\/static.euronews.com\/website\/images\/vector\/social-icons\/article-redesign-facebook.svg\" width=\"24\" height=\"24\" alt=\"facebook\" loading=\"lazy\"><span>Facebook<\/span><\/span><img decoding=\"async\" src=\"https:\/\/static.euronews.com\/website\/images\/vector\/social-icons\/article-redesign-facebook.svg\" width=\"48\" height=\"48\" alt=\"facebook\" class=\"u-show-for-desktop\" loading=\"lazy\"><span class=\"u-display-flex u-gap-1 u-show-for-mobile-only\"><img decoding=\"async\" src=\"https:\/\/static.euronews.com\/website\/images\/vector\/social-icons\/article-redesign-twitter.svg\" width=\"24\" height=\"24\" alt=\"twitter\" loading=\"lazy\"><span>Twitter<\/span><\/span><img decoding=\"async\" src=\"https:\/\/static.euronews.com\/website\/images\/vector\/social-icons\/article-redesign-twitter.svg\" width=\"48\" height=\"48\" alt=\"twitter\" class=\"u-show-for-desktop\" loading=\"lazy\"><span class=\"u-display-flex u-gap-1 u-show-for-mobile-only\"><img decoding=\"async\" src=\"https:\/\/static.euronews.com\/website\/images\/vector\/social-icons\/article-redesign-flipboard.svg\" width=\"24\" height=\"24\" alt=\"flipboard\" loading=\"lazy\"><span>Flipboard<\/span><\/span><img decoding=\"async\" src=\"https:\/\/static.euronews.com\/website\/images\/vector\/social-icons\/article-redesign-flipboard.svg\" width=\"48\" height=\"48\" alt=\"flipboard\" class=\"u-show-for-desktop\" loading=\"lazy\"><span class=\"u-display-flex u-gap-1 u-show-for-mobile-only\"><img decoding=\"async\" src=\"https:\/\/static.euronews.com\/website\/images\/vector\/social-icons\/article-redesign-send.svg\" width=\"24\" height=\"24\" alt=\"send\" loading=\"lazy\"><span>Send<\/span><\/span><img decoding=\"async\" src=\"https:\/\/static.euronews.com\/website\/images\/vector\/social-icons\/article-redesign-send.svg\" width=\"48\" height=\"48\" alt=\"send\" class=\"u-show-for-desktop\" loading=\"lazy\"><span class=\"u-display-flex u-gap-1 u-show-for-mobile-only\"><img decoding=\"async\" src=\"https:\/\/static.euronews.com\/website\/images\/vector\/social-icons\/article-redesign-reddit.svg\" width=\"24\" height=\"24\" alt=\"reddit\" loading=\"lazy\"><span>Reddit<\/span><\/span><img decoding=\"async\" src=\"https:\/\/static.euronews.com\/website\/images\/vector\/social-icons\/article-redesign-reddit.svg\" width=\"48\" height=\"48\" alt=\"reddit\" class=\"u-show-for-desktop\" loading=\"lazy\"><span class=\"u-display-flex u-gap-1 u-show-for-mobile-only\"><img decoding=\"async\" src=\"https:\/\/static.euronews.com\/website\/images\/vector\/social-icons\/article-redesign-linkedin.svg\" width=\"24\" height=\"24\" alt=\"linkedin\" loading=\"lazy\"><span>Linkedin<\/span><\/span><img decoding=\"async\" src=\"https:\/\/static.euronews.com\/website\/images\/vector\/social-icons\/article-redesign-linkedin.svg\" width=\"48\" height=\"48\" alt=\"linkedin\" class=\"u-show-for-desktop\" loading=\"lazy\"><span class=\"u-display-flex u-gap-1 u-show-for-mobile-only\"><img decoding=\"async\" src=\"https:\/\/static.euronews.com\/website\/images\/vector\/social-icons\/article-redesign-messenger.svg\" width=\"24\" height=\"24\" alt=\"messenger\" loading=\"lazy\"><span>Messenger<\/span><\/span><img decoding=\"async\" src=\"https:\/\/static.euronews.com\/website\/images\/vector\/social-icons\/article-redesign-messenger.svg\" width=\"48\" height=\"48\" alt=\"messenger\" class=\"u-show-for-desktop\" loading=\"lazy\"><span class=\"u-display-flex u-gap-1 u-show-for-mobile-only\"><img decoding=\"async\" src=\"https:\/\/static.euronews.com\/website\/images\/vector\/social-icons\/article-redesign-telegram.svg\" width=\"24\" height=\"24\" alt=\"telegram\" loading=\"lazy\"><span>Telegram<\/span><\/span><img decoding=\"async\" src=\"https:\/\/static.euronews.com\/website\/images\/vector\/social-icons\/article-redesign-telegram.svg\" width=\"48\" height=\"48\" alt=\"telegram\" class=\"u-show-for-desktop\" loading=\"lazy\"><span class=\"u-display-flex u-gap-1 u-show-for-mobile-only\"><img decoding=\"async\" src=\"https:\/\/static.euronews.com\/website\/images\/vector\/social-icons\/article-redesign-vk.svg\" width=\"24\" height=\"24\" alt=\"vk\" loading=\"lazy\"><span>VK<\/span><\/span><img decoding=\"async\" src=\"https:\/\/static.euronews.com\/website\/images\/vector\/social-icons\/article-redesign-vk.svg\" width=\"48\" height=\"48\" alt=\"vk\" class=\"u-show-for-desktop\" loading=\"lazy\"><span class=\"u-display-flex u-gap-1 u-show-for-mobile-only\"><img decoding=\"async\" src=\"https:\/\/static.euronews.com\/website\/images\/vector\/social-icons\/article-redesign-bluesky.svg\" width=\"24\" height=\"24\" alt=\"bluesky\" loading=\"lazy\"><span>Bluesky<\/span><\/span><img decoding=\"async\" src=\"https:\/\/static.euronews.com\/website\/images\/vector\/social-icons\/article-redesign-bluesky.svg\" width=\"48\" height=\"48\" alt=\"bluesky\" class=\"u-show-for-desktop\" loading=\"lazy\"><span class=\"u-display-flex u-gap-1 u-show-for-mobile-only\"><img decoding=\"async\" src=\"https:\/\/static.euronews.com\/website\/images\/vector\/social-icons\/article-redesign-threads.svg\" width=\"24\" height=\"24\" alt=\"threads\" loading=\"lazy\"><span>Threads<\/span><\/span><img decoding=\"async\" src=\"https:\/\/static.euronews.com\/website\/images\/vector\/social-icons\/article-redesign-threads.svg\" width=\"48\" height=\"48\" alt=\"threads\" class=\"u-show-for-desktop\" loading=\"lazy\"><span class=\"u-display-flex u-gap-1 u-show-for-mobile-only\"><img decoding=\"async\" src=\"https:\/\/static.euronews.com\/website\/images\/vector\/social-icons\/article-redesign-whatsapp.svg\" width=\"24\" height=\"24\" alt=\"whatsapp\" loading=\"lazy\"><span>Whatsapp<\/span><\/span><img decoding=\"async\" src=\"https:\/\/static.euronews.com\/website\/images\/vector\/social-icons\/article-redesign-whatsapp.svg\" width=\"48\" height=\"48\" alt=\"whatsapp\" class=\"u-show-for-desktop\" loading=\"lazy\"><\/div>\n<\/div>\n<\/div>\n<\/div>\n<h2 class=\"c-article-summary\">\n        The Slovenian cyclist, who was leading the race, suffered a heavy crash and had to be taken to hospital by ambulance.<br \/>\n    <\/h2>\n<div class=\"c-article-content js-article-content\">\n<p>Tadej Poga\u010darhas been forced to abandon La Vuelta a Espa\u00f1a after suffering a heavy crash 33 kilometres from the finish of the eighth stage, held between Pu\u00e7ol and Xeraco in Spain&#8217;s Valencian Community, according to local media.<\/p>\n<div>\n<div class=\"c-ad u-show-for-mobile-only\">\n<div class=\"c-ad__placeholder\"><img decoding=\"async\" class=\"c-ad__placeholder__logo\" src=\"https:\/\/static.euronews.com\/website\/images\/logos\/logo-euronews-stacked-outlined-72x72-grey-9.svg\" width=\"72\" height=\"72\" alt loading=\"lazy\"><span>ADVERTISEMENT<\/span><\/div>\n<\/div>\n<div class=\"c-ad u-show-for-desktop\">\n<div class=\"c-ad__placeholder\"><img decoding=\"async\" class=\"c-ad__placeholder__logo\" src=\"https:\/\/static.euronews.com\/website\/images\/logos\/logo-euronews-stacked-outlined-72x72-grey-9.svg\" width=\"72\" height=\"72\" alt loading=\"lazy\"><span>ADVERTISEMENT<\/span><\/div>\n<\/div>\n<\/div>\n<p>The 27-year-old Slovenian rider was the undisputed leader of the general classification and held an advantage of 3 minutes 50 seconds over Enric Mas. The UAE Team Emirates rider suffered a heavy impact while travelling at high speed at the front of the peloton and quickly showed signs of pain in his shoulder and elbow.<\/p>\n<p>Images taken after the crash showed Poga\u010dar with blood down one side of his face and an open wound above his eyebrow. Doctors had to attend to the race leader, bandage his arm and take him away on a stretcher.<\/p>\n<p>Poga\u010dar tried to get back on his bike but was unable to continue. He was eventually taken straight to an ambulance, accompanied by his sports director, Joxean Fern\u00e1ndez &#8216;Matx\u00edn&#8217;. The rest of the UAE Team Emirates line-up waited for the Slovenian before resuming the stage.<\/p>\n<p>Poga\u010dar&#8217;s withdrawal completely reshapes the Vuelta standings, with Mas as the new leader of the race, which in this edition started in Monaco.<\/p>\n<\/div>\n<p>                                  Go to accessibility shortcuts<\/p>\n<div class=\"c-article-share-comment u-align-items-center u-display-flex\"><span class=\"c-article-share-comment__links u-align-items-center u-display-flex u-justify-content-center js-c-article-share-comment-share\"><span class=\"c-article-share-comment__label\">Share<\/span><\/span><span class=\"c-article-share-comment__label\">Comments<\/span><span class=\"c-article-share-comment__label c-article-share-comment__label--always\">Add Euronews on Google<\/span><\/div>\n<div id=\"adb-article-you-might-also-like\" class=\"perf-cv-auto c-article-you-might-also-like\">\n<h2 class=\"c-article-you-might-also-like__title\">\n        Read more<br \/>\n      <\/h2>\n<div class=\"c-article-you-might-also-like__item\">\n<h3>\n<p>                  World Bicycle Day: How Rome is urging more people to ditch their cars and cycle<\/p>\n<\/h3>\n<\/div>\n<div class=\"c-article-you-might-also-like__item\">\n<h3>\n<p>                  Cycling Declaration hailed as \u2018historic\u2019 moment for Europe<\/p>\n<\/h3>\n<\/div>\n<div class=\"c-article-you-might-also-like__item\">\n<h3>\n<p>                  Poga\u010dar abandons La Vuelta after heavy crash 33km from finish<\/p>\n<\/h3>\n<\/div>\n<\/div>\n<div class=\"perf-cv-auto\">\n<ul id=\"adb-article-tags\" class=\"c-tags-list\">\n<li class=\"c-tags-list__item\">\n<section class=\"tc-cta\" data-twig-component=\"Cta-default\">\n  Tour of Spain<br \/>\n<\/section>\n<\/li>\n<li class=\"c-tags-list__item\">\n<section class=\"tc-cta\" data-twig-component=\"Cta-default\">\n  Cycling<br \/>\n<\/section>\n<\/li>\n<li class=\"c-tags-list__item\">\n<section class=\"tc-cta\" data-twig-component=\"Cta-default\">\n  Sport<br \/>\n<\/section>\n<\/li>\n<\/ul>\n<\/div>\n<\/div>\n<\/div>\n<aside class=\"o-article-newsy__aside\">\n<div class=\"c-ad-wrapper o-article-newsy__aside__content-1\" data-ad-name=\"adzone-halfpage\">\n<div class=\"c-ad c-ad-halfpage u-show-for-desktop\">\n<div class=\"c-ad__placeholder\"><img loading=\"lazy\" decoding=\"async\" class=\"c-ad__placeholder__logo\" src=\"https:\/\/static.euronews.com\/website\/images\/logos\/logo-euronews-stacked-outlined-72x72-grey-9.svg\" width=\"72\" height=\"72\" alt><span>ADVERTISEMENT<\/span><\/div>\n<\/div>\n<div class=\"c-ad u-show-for-mobile-only\">\n<div class=\"c-ad__placeholder\"><img loading=\"lazy\" decoding=\"async\" class=\"c-ad__placeholder__logo\" src=\"https:\/\/static.euronews.com\/website\/images\/logos\/logo-euronews-stacked-outlined-72x72-grey-9.svg\" width=\"72\" height=\"72\" alt><span>ADVERTISEMENT<\/span><\/div>\n<\/div>\n<\/div>\n<div id=\"adb-article-top-stories\" class=\"perf-cv-auto c-top-stories\">\n<h2 class=\"c-top-stories__title\">Top stories<\/h2>\n<div class=\"c-top-stories__item\">\n<article id=\"abe-2921533-pos2-top-stories\" class=\"the-media-object m-modeMobile-2 m-modeDesktop-2 m-modeXL-2 the-media-object--has-video the-media-object--no-label\" data-nid=\"2921533\" data-cid=\"9893993\" data-part-label=\"Partner content\">\n<figure id=\"abe-2921533-label-pos2-top-stories\" class=\"the-media-object__figure\"><img decoding=\"async\" class=\"the-media-object__image\" src=\"https:\/\/images.euronews.com\/articles\/stories\/09\/89\/39\/93\/320x180_cmsv2_4f0852aa-773b-540e-8ffd-973de0bd6025-9893993.jpg\" loading=\"lazy\" alt=\"A voter casts a ballot during Iceland&apos;s referendum at Reykjavik City Hall in Reykjavik, Iceland, Saturday, Aug. 29, 2026.\" height=\"9\" width=\"16\"><\/figure>\n<div class=\"the-media-object__content\">\n<h3 class=\"the-media-object__title  \">\n<p>    Iceland&#8217;s EU referendum sees high preliminary voter turnout<br \/>\n  <\/h3>\n<\/div>\n<\/article>\n<\/div>\n<div class=\"c-top-stories__item\">\n<article id=\"abe-2921446-pos3-top-stories\" class=\"the-media-object m-modeMobile-2 m-modeDesktop-2 m-modeXL-2 the-media-object--has-video the-media-object--no-label\" data-nid=\"2921446\" data-cid=\"9893646\" data-part-label=\"Partner content\">\n<figure id=\"abe-2921446-label-pos3-top-stories\" class=\"the-media-object__figure\"><img decoding=\"async\" class=\"the-media-object__image\" src=\"https:\/\/images.euronews.com\/articles\/stories\/09\/89\/36\/46\/320x180_cmsv2_6196c225-b22b-5c57-b455-925ac3fe845d-9893646.jpg\" loading=\"lazy\" alt=\"President Donald Trump gives a thumbs up after arriving on Air Force One, Friday, Aug. 28, 2026, at Joint Base Andrews, Md.\" height=\"9\" width=\"16\"><\/figure>\n<div class=\"the-media-object__content\">\n<h3 class=\"the-media-object__title  \">\n<p>    US and Venezuela strike huge oil deal<br \/>\n  <\/h3>\n<\/div>\n<\/article>\n<\/div>\n<div class=\"c-top-stories__item\">\n<article id=\"abe-2921464-pos4-top-stories\" class=\"the-media-object m-modeMobile-2 m-modeDesktop-2 m-modeXL-2 the-media-object--has-video the-media-object--no-label\" data-nid=\"2921464\" data-cid=\"9893689\" data-part-label=\"Partner content\">\n<figure id=\"abe-2921464-label-pos4-top-stories\" class=\"the-media-object__figure\"><img decoding=\"async\" class=\"the-media-object__image\" src=\"https:\/\/images.euronews.com\/articles\/stories\/09\/89\/36\/89\/320x180_cmsv2_1a3ee2ba-6cf0-5d4c-aa3d-5188bbd1d2c7-9893689.jpg\" loading=\"lazy\" alt=\"Firefighters try to extinguish a fire at a destroyed warehouse after Russian drone attacks on the outskirts of Kyiv, Ukraine, Friday, Aug. 28, 2026.\" height=\"9\" width=\"16\"><\/figure>\n<div class=\"the-media-object__content\">\n<h3 class=\"the-media-object__title  \">\n<p>    At least 37 killed in Russian strike on warehouse in Bucha<br \/>\n  <\/h3>\n<\/div>\n<\/article>\n<\/div>\n<div class=\"c-top-stories__item\">\n<article id=\"abe-2921401-pos5-top-stories\" class=\"the-media-object m-modeMobile-2 m-modeDesktop-2 m-modeXL-2 the-media-object--has-video the-media-object--no-label\" data-nid=\"2921401\" data-cid=\"9893497\" data-part-label=\"Partner content\">\n<figure id=\"abe-2921401-label-pos5-top-stories\" class=\"the-media-object__figure\"><img decoding=\"async\" class=\"the-media-object__image\" src=\"https:\/\/images.euronews.com\/articles\/stories\/09\/89\/34\/97\/320x180_cmsv2_c4700f6d-725d-5d15-871c-2e627e7f61ce-9893497.jpg\" loading=\"lazy\" alt=\"Residents salvage their belongings from damaged houses after flash flooding in the Devighat area of Nuwakot district in Nepal, 28 August, 2026\" height=\"9\" width=\"16\"><\/figure>\n<div class=\"the-media-object__content\">\n<h3 class=\"the-media-object__title  \">\n<p>    Number of missing in Nepal floods rises to nearly 3,000<br \/>\n  <\/h3>\n<\/div>\n<\/article>\n<\/div>\n<div class=\"c-top-stories__item\">\n<article id=\"abe-2921539-pos6-top-stories\" class=\"the-media-object m-modeMobile-2 m-modeDesktop-2 m-modeXL-2 the-media-object--no-label\" data-nid=\"2921539\" data-cid=\"9894093\" data-part-label=\"Partner content\">\n<figure id=\"abe-2921539-label-pos6-top-stories\" class=\"the-media-object__figure\"><img decoding=\"async\" class=\"the-media-object__image\" src=\"https:\/\/images.euronews.com\/articles\/stories\/09\/89\/40\/35\/320x180_cmsv2_062349ef-9114-5d1e-9b42-6003c72fa405-9894035.jpg\" loading=\"lazy\" alt=\"Olivier Faure and Boris Vallaud speak to the press after a meeting with Emmanuel Macron on 10 October 2025.\" height=\"9\" width=\"16\"><\/figure>\n<div class=\"the-media-object__content\">\n<h3 class=\"the-media-object__title  \">\n<p>    France political season: Bardella, Faure, Lecornu, Hollande, Philippe<br \/>\n  <\/h3>\n<\/div>\n<\/article>\n<\/div>\n<\/div>\n<div class=\"perf-cv-auto c-ad-wrapper o-article-newsy__aside__content-2\" data-ad-name=\"adzone-halfpage\">\n<div class=\"c-ad c-ad-halfpage u-show-for-desktop\">\n<div class=\"c-ad__placeholder\"><img loading=\"lazy\" decoding=\"async\" class=\"c-ad__placeholder__logo\" src=\"https:\/\/static.euronews.com\/website\/images\/logos\/logo-euronews-stacked-outlined-72x72-grey-9.svg\" width=\"72\" height=\"72\" alt><span>ADVERTISEMENT<\/span><\/div>\n<\/div>\n<div class=\"c-ad u-show-for-mobile-only\">\n<div class=\"c-ad__placeholder\"><img loading=\"lazy\" decoding=\"async\" class=\"c-ad__placeholder__logo\" src=\"https:\/\/static.euronews.com\/website\/images\/logos\/logo-euronews-stacked-outlined-72x72-grey-9.svg\" width=\"72\" height=\"72\" alt><span>ADVERTISEMENT<\/span><\/div>\n<\/div>\n<\/div>\n<div class=\"perf-cv-auto c-most-viewed\">\n<h2 class=\"c-most-viewed__title qa-section-title\">Most read<\/h2>\n<div class=\"c-most-viewed__list\">\n<div class=\"c-most-viewed__item\"><span class=\"c-most-viewed__item__number\">1<\/span><\/p>\n<article id=\"abe-2921322-pos1-mostViewed\" class=\"the-media-object m-modeMobile-3 m-modeDesktop-3 m-modeXL-3 the-media-object--no-label\" data-nid=\"2921322\" data-cid=\"9892933\" data-part-label=\"Partner content\">\n<div class=\"the-media-object__content\">\n<h3 class=\"the-media-object__title  \">\n<p>    \u2018Disgusting\u2019: Donald Trump faces backlash for posting AI image of him and Dolly Parton<br \/>\n  <\/h3>\n<\/div>\n<\/article>\n<\/div>\n<div class=\"c-most-viewed__item\"><span class=\"c-most-viewed__item__number\">2<\/span><\/p>\n<article id=\"abe-2921232-pos2-mostViewed\" class=\"the-media-object m-modeMobile-3 m-modeDesktop-3 m-modeXL-3 the-media-object--no-label\" data-nid=\"2921232\" data-cid=\"9893458\" data-part-label=\"Partner content\">\n<div class=\"the-media-object__content\">\n<h3 class=\"the-media-object__title  \">\n<p>    Ceuta &#8216;on the brink of collapse&#8217; as Spain seeks Frontex support<br \/>\n  <\/h3>\n<\/div>\n<\/article>\n<\/div>\n<div class=\"c-most-viewed__item\"><span class=\"c-most-viewed__item__number\">3<\/span><\/p>\n<article id=\"abe-2921258-pos3-mostViewed\" class=\"the-media-object m-modeMobile-3 m-modeDesktop-3 m-modeXL-3 the-media-object--has-video the-media-object--no-label\" data-nid=\"2921258\" data-cid=\"9892639\" data-part-label=\"Partner content\">\n<div class=\"the-media-object__content\">\n<h3 class=\"the-media-object__title  \">\n<p>    Iceland goes to the polls in high-stakes EU referendum<br \/>\n  <\/h3>\n<\/div>\n<\/article>\n<\/div>\n<div class=\"c-most-viewed__item\"><span class=\"c-most-viewed__item__number\">4<\/span><\/p>\n<article id=\"abe-2921342-pos4-mostViewed\" class=\"the-media-object m-modeMobile-3 m-modeDesktop-3 m-modeXL-3 the-media-object--has-video the-media-object--no-label\" data-nid=\"2921342\" data-cid=\"9893355\" data-part-label=\"Partner content\">\n<div class=\"the-media-object__content\">\n<h3 class=\"the-media-object__title  \">\n<p>    C\u00e9line Dion concerts: Canadian star returns to Paris after six years away from the stage<br \/>\n  <\/h3>\n<\/div>\n<\/article>\n<\/div>\n<div class=\"c-most-viewed__item\"><span class=\"c-most-viewed__item__number\">5<\/span><\/p>\n<article id=\"abe-2921351-pos5-mostViewed\" class=\"the-media-object m-modeMobile-3 m-modeDesktop-3 m-modeXL-3 the-media-object--no-label\" data-nid=\"2921351\" data-cid=\"9893240\" data-part-label=\"Partner content\">\n<div class=\"the-media-object__content\">\n<h3 class=\"the-media-object__title  \">\n<p>    How Canada\u2019s turn toward Europe might test the EU&#8217;s borders<br \/>\n  <\/h3>\n<\/div>\n<\/article>\n<\/div>\n<\/div>\n<\/div>\n<div class=\"perf-cv-auto c-ad-wrapper o-article-newsy__aside__content-3\" data-ad-name=\"adzone-halfpage\">\n<div class=\"c-ad c-ad-halfpage u-show-for-desktop\">\n<div class=\"c-ad__placeholder\"><img loading=\"lazy\" decoding=\"async\" class=\"c-ad__placeholder__logo\" src=\"https:\/\/static.euronews.com\/website\/images\/logos\/logo-euronews-stacked-outlined-72x72-grey-9.svg\" width=\"72\" height=\"72\" alt><span>ADVERTISEMENT<\/span><\/div>\n<\/div>\n<div class=\"c-ad u-show-for-mobile-only\">\n<div class=\"c-ad__placeholder\"><img loading=\"lazy\" decoding=\"async\" class=\"c-ad__placeholder__logo\" src=\"https:\/\/static.euronews.com\/website\/images\/logos\/logo-euronews-stacked-outlined-72x72-grey-9.svg\" width=\"72\" height=\"72\" alt><span>ADVERTISEMENT<\/span><\/div>\n<\/div>\n<\/div>\n<\/aside>\n<\/div>\n<\/article>\n<article id=\"abe-2921533-pos2-top-stories\" class=\"the-media-object m-modeMobile-2 m-modeDesktop-2 m-modeXL-2 the-media-object--has-video the-media-object--no-label\" data-nid=\"2921533\" data-cid=\"9893993\" data-part-label=\"Partner content\">\n<figure id=\"abe-2921533-label-pos2-top-stories\" class=\"the-media-object__figure\"><img decoding=\"async\" class=\"the-media-object__image\" src=\"https:\/\/images.euronews.com\/articles\/stories\/09\/89\/39\/93\/320x180_cmsv2_4f0852aa-773b-540e-8ffd-973de0bd6025-9893993.jpg\" loading=\"lazy\" alt=\"A voter casts a ballot during Iceland&apos;s referendum at Reykjavik City Hall in Reykjavik, Iceland, Saturday, Aug. 29, 2026.\" height=\"9\" width=\"16\"><\/figure>\n<div class=\"the-media-object__content\">\n<h3 class=\"the-media-object__title  \">\n<p>    Iceland&#8217;s EU referendum sees high preliminary voter turnout<br \/>\n  <\/h3>\n<\/div>\n<\/article>\n<article id=\"abe-2921446-pos3-top-stories\" class=\"the-media-object m-modeMobile-2 m-modeDesktop-2 m-modeXL-2 the-media-object--has-video the-media-object--no-label\" data-nid=\"2921446\" data-cid=\"9893646\" data-part-label=\"Partner content\">\n<figure id=\"abe-2921446-label-pos3-top-stories\" class=\"the-media-object__figure\"><img decoding=\"async\" class=\"the-media-object__image\" src=\"https:\/\/images.euronews.com\/articles\/stories\/09\/89\/36\/46\/320x180_cmsv2_6196c225-b22b-5c57-b455-925ac3fe845d-9893646.jpg\" loading=\"lazy\" alt=\"President Donald Trump gives a thumbs up after arriving on Air Force One, Friday, Aug. 28, 2026, at Joint Base Andrews, Md.\" height=\"9\" width=\"16\"><\/figure>\n<div class=\"the-media-object__content\">\n<h3 class=\"the-media-object__title  \">\n<p>    US and Venezuela strike huge oil deal<br \/>\n  <\/h3>\n<\/div>\n<\/article>\n<article id=\"abe-2921464-pos4-top-stories\" class=\"the-media-object m-modeMobile-2 m-modeDesktop-2 m-modeXL-2 the-media-object--has-video the-media-object--no-label\" data-nid=\"2921464\" data-cid=\"9893689\" data-part-label=\"Partner content\">\n<figure id=\"abe-2921464-label-pos4-top-stories\" class=\"the-media-object__figure\"><img decoding=\"async\" class=\"the-media-object__image\" src=\"https:\/\/images.euronews.com\/articles\/stories\/09\/89\/36\/89\/320x180_cmsv2_1a3ee2ba-6cf0-5d4c-aa3d-5188bbd1d2c7-9893689.jpg\" loading=\"lazy\" alt=\"Firefighters try to extinguish a fire at a destroyed warehouse after Russian drone attacks on the outskirts of Kyiv, Ukraine, Friday, Aug. 28, 2026.\" height=\"9\" width=\"16\"><\/figure>\n<div class=\"the-media-object__content\">\n<h3 class=\"the-media-object__title  \">\n<p>    At least 37 killed in Russian strike on warehouse in Bucha<br \/>\n  <\/h3>\n<\/div>\n<\/article>\n<article id=\"abe-2921401-pos5-top-stories\" class=\"the-media-object m-modeMobile-2 m-modeDesktop-2 m-modeXL-2 the-media-object--has-video the-media-object--no-label\" data-nid=\"2921401\" data-cid=\"9893497\" data-part-label=\"Partner content\">\n<figure id=\"abe-2921401-label-pos5-top-stories\" class=\"the-media-object__figure\"><img decoding=\"async\" class=\"the-media-object__image\" src=\"https:\/\/images.euronews.com\/articles\/stories\/09\/89\/34\/97\/320x180_cmsv2_c4700f6d-725d-5d15-871c-2e627e7f61ce-9893497.jpg\" loading=\"lazy\" alt=\"Residents salvage their belongings from damaged houses after flash flooding in the Devighat area of Nuwakot district in Nepal, 28 August, 2026\" height=\"9\" width=\"16\"><\/figure>\n<div class=\"the-media-object__content\">\n<h3 class=\"the-media-object__title  \">\n<p>    Number of missing in Nepal floods rises to nearly 3,000<br \/>\n  <\/h3>\n<\/div>\n<\/article>\n<article id=\"abe-2921539-pos6-top-stories\" class=\"the-media-object m-modeMobile-2 m-modeDesktop-2 m-modeXL-2 the-media-object--no-label\" data-nid=\"2921539\" data-cid=\"9894093\" data-part-label=\"Partner content\">\n<figure id=\"abe-2921539-label-pos6-top-stories\" class=\"the-media-object__figure\"><img decoding=\"async\" class=\"the-media-object__image\" src=\"https:\/\/images.euronews.com\/articles\/stories\/09\/89\/40\/35\/320x180_cmsv2_062349ef-9114-5d1e-9b42-6003c72fa405-9894035.jpg\" loading=\"lazy\" alt=\"Olivier Faure and Boris Vallaud speak to the press after a meeting with Emmanuel Macron on 10 October 2025.\" height=\"9\" width=\"16\"><\/figure>\n<div class=\"the-media-object__content\">\n<h3 class=\"the-media-object__title  \">\n<p>    France political season: Bardella, Faure, Lecornu, Hollande, Philippe<br \/>\n  <\/h3>\n<\/div>\n<\/article>\n<article id=\"abe-2921322-pos1-mostViewed\" class=\"the-media-object m-modeMobile-3 m-modeDesktop-3 m-modeXL-3 the-media-object--no-label\" data-nid=\"2921322\" data-cid=\"9892933\" data-part-label=\"Partner content\">\n<div class=\"the-media-object__content\">\n<h3 class=\"the-media-object__title  \">\n<p>    \u2018Disgusting\u2019: Donald Trump faces backlash for posting AI image of him and Dolly Parton<br \/>\n  <\/h3>\n<\/div>\n<\/article>\n<article id=\"abe-2921232-pos2-mostViewed\" class=\"the-media-object m-modeMobile-3 m-modeDesktop-3 m-modeXL-3 the-media-object--no-label\" data-nid=\"2921232\" data-cid=\"9893458\" data-part-label=\"Partner content\">\n<div class=\"the-media-object__content\">\n<h3 class=\"the-media-object__title  \">\n<p>    Ceuta &#8216;on the brink of collapse&#8217; as Spain seeks Frontex support<br \/>\n  <\/h3>\n<\/div>\n<\/article>\n<article id=\"abe-2921258-pos3-mostViewed\" class=\"the-media-object m-modeMobile-3 m-modeDesktop-3 m-modeXL-3 the-media-object--has-video the-media-object--no-label\" data-nid=\"2921258\" data-cid=\"9892639\" data-part-label=\"Partner content\">\n<div class=\"the-media-object__content\">\n<h3 class=\"the-media-object__title  \">\n<p>    Iceland goes to the polls in high-stakes EU referendum<br \/>\n  <\/h3>\n<\/div>\n<\/article>\n<article id=\"abe-2921342-pos4-mostViewed\" class=\"the-media-object m-modeMobile-3 m-modeDesktop-3 m-modeXL-3 the-media-object--has-video the-media-object--no-label\" data-nid=\"2921342\" data-cid=\"9893355\" data-part-label=\"Partner content\">\n<div class=\"the-media-object__content\">\n<h3 class=\"the-media-object__title  \">\n<p>    C\u00e9line Dion concerts: Canadian star returns to Paris after six years away from the stage<br \/>\n  <\/h3>\n<\/div>\n<\/article>\n<article id=\"abe-2921351-pos5-mostViewed\" class=\"the-media-object m-modeMobile-3 m-modeDesktop-3 m-modeXL-3 the-media-object--no-label\" data-nid=\"2921351\" data-cid=\"9893240\" data-part-label=\"Partner content\">\n<div class=\"the-media-object__content\">\n<h3 class=\"the-media-object__title  \">\n<p>    How Canada\u2019s turn toward Europe might test the EU&#8217;s borders<br \/>\n  <\/h3>\n<\/div>\n<\/article>\n<div class=\"articleBody\" data-key=\"articleBody\">Tadej Poga\u010dar has been forced to abandon La Vuelta a Espa\u00f1a after suffering a heavy crash 33 kilometres from the finish of the eighth stage, held between Pu\u00e7ol and Xeraco in Spain&#8217;s Valencian Community, according to local media.The 27-year-old Slovenian rider was the undisputed leader of the general classification and held an advantage of 3 minutes 50 seconds over Enric Mas. The UAE Team Emirates rider suffered a heavy impact while travelling at high speed at the front of the peloton and quickly showed signs of pain in his shoulder and elbow.Images taken after the crash showed Poga\u010dar with blood down one side of his face and an open wound above his eyebrow. Doctors had to attend to the race leader, bandage his arm and take him away on a stretcher.Poga\u010dar tried to get back on his bike but was unable to continue. He was eventually taken straight to an ambulance, accompanied by his sports director, Joxean Fern\u00e1ndez &#8216;Matx\u00edn&#8217;. The rest of the UAE Team Emirates line-up waited for the Slovenian before resuming the stage.Poga\u010dar&#8217;s withdrawal completely reshapes the Vuelta standings, with Mas as the new leader of the race, which in this edition started in Monaco.<\/div>\n<p>[analyse_source url=&#8221;https:\/\/www.euronews.com\/2026\/08\/29\/pogacar-abandons-la-vuelta-after-heavy-crash-33km-from-finish&#8221;]<\/p>\n","protected":false},"excerpt":{"rendered":"<p>[analyse_image type=&#8221;featured&#8221; src=&#8221;https:\/\/images.euronews.com\/articles\/stories\/09\/89\/40\/64\/1200x675_cmsv2_8355d338-c6e4-54db-b675-472de09c9298-9894064.jpg&#8221;] Europe News France political season: Bardella, Faure, Lecornu, Hollande, Philippe Europe News 50-boat flotilla sails to Ceuta amid migration tensions Top News Stories Today Latest news bulletin | August 29th, 2026 \u2013 Evening Europe News Iceland&#8217;s EU referendum sees high preliminary voter turnout Europe News France political season: Bardella, Faure, Lecornu, Hollande, [&hellip;]<\/p>\n","protected":false},"author":1,"featured_media":0,"comment_status":"open","ping_status":"","sticky":false,"template":"","format":"standard","meta":{"footnotes":""},"categories":[90],"tags":[226,36],"class_list":["post-2118381","post","type-post","status-publish","format-standard","hentry","category-international","tag-crawlmanager","tag-euronews-com"],"_links":{"self":[{"href":"https:\/\/analyse.optim.biz\/index.php?rest_route=\/wp\/v2\/posts\/2118381","targetHints":{"allow":["GET"]}}],"collection":[{"href":"https:\/\/analyse.optim.biz\/index.php?rest_route=\/wp\/v2\/posts"}],"about":[{"href":"https:\/\/analyse.optim.biz\/index.php?rest_route=\/wp\/v2\/types\/post"}],"author":[{"embeddable":true,"href":"https:\/\/analyse.optim.biz\/index.php?rest_route=\/wp\/v2\/users\/1"}],"replies":[{"embeddable":true,"href":"https:\/\/analyse.optim.biz\/index.php?rest_route=%2Fwp%2Fv2%2Fcomments&post=2118381"}],"version-history":[{"count":0,"href":"https:\/\/analyse.optim.biz\/index.php?rest_route=\/wp\/v2\/posts\/2118381\/revisions"}],"wp:attachment":[{"href":"https:\/\/analyse.optim.biz\/index.php?rest_route=%2Fwp%2Fv2%2Fmedia&parent=2118381"}],"wp:term":[{"taxonomy":"category","embeddable":true,"href":"https:\/\/analyse.optim.biz\/index.php?rest_route=%2Fwp%2Fv2%2Fcategories&post=2118381"},{"taxonomy":"post_tag","embeddable":true,"href":"https:\/\/analyse.optim.biz\/index.php?rest_route=%2Fwp%2Fv2%2Ftags&post=2118381"}],"curies":[{"name":"wp","href":"https:\/\/api.w.org\/{rel}","templated":true}]}}