{"id":2118333,"date":"2026-08-29T16:52:55","date_gmt":"2026-08-29T13:52:55","guid":{"rendered":"https:\/\/analyse.optim.biz\/?p=2118333"},"modified":"2026-08-29T16:52:55","modified_gmt":"2026-08-29T13:52:55","slug":"motogp-2026-gp-di-spagna-ad-aragon-pecco-bagnaia-11-nella-sprint-il-dna-di-questa-moto-non-mi-si-addice-piu-tanto-ma-non-mollo-team-affiatato","status":"publish","type":"post","link":"https:\/\/analyse.optim.biz\/?p=2118333","title":{"rendered":"MotoGP 2026. GP di Spagna ad Aragon. Pecco Bagnaia, 11\u00b0 nella Sprint: &#8220;Il DNA di questa moto non mi si addice pi\u00f9 tanto, ma non mollo. Team affiatato&#8221;"},"content":{"rendered":"<div class=\"atxt atxt--first \" id=\"part-1649909\">\n<p><span class=\"atxt-dropcap\">P<\/span>ecco Bagnaia ha concluso un sabato a due facce: positiva la mattina con il passaggio in Q2, negativa la Sprint. Ecco cosa ha detto ai giornalisti.<\/p>\n<p>A <em>Sky<\/em>: &#8220;Una giornata <strong>migliore rispetto a ieri<\/strong>, in termini di feeling, soprattutto stamattina dove abbiamo fatto un passo avanti. In gara ho faticato soprattutto <strong>con la trazione <\/strong>in uscita dalle curve. Ci stiamo lavorando, il miglioramento stamattina \u00e8 stato abbastanza chiaro rispetto a ieri, abbiamo faticato nell&#8217;indirizzare la strada del setup ma magari domani andremo nella direzione opposta&#8221;<\/p>\n<p><strong>Sulla Sprint, conclusa all&#8217;11\u00b0 posto, partendo 8\u00b0&#8230;<\/strong><\/p>\n<p>&#8220;Non ho mai avuto grande feeling in gara, se non alla fine quindi magari utile per domani. Io vengo qua per andar forte, mi interessa dove sar\u00f2 il prossimo anno, ma mi interessa il presente. Negli ultimi due anni purtroppo le occasioni per fare bene son state poche e il DNA di questa moto sappiamo che non mi si addice pi\u00f9 tanto. Ci saranno volte dove sar\u00f2 pi\u00f9 avanti ed altre dove faticher\u00f2, ma tirare i remi in barca non mi si addice&#8221;<\/p>\n<p><strong>Sull&#8217;affiatamento con la squadra&#8230;<\/strong><\/p>\n<p>&#8220;Il lavoro che facciamo nel box credo sia quello di un team molto affiatato, da fuori magari non si vede. Quando un pilota poi non va molto forte si pu\u00f2 pensare la qualunque, ma stiamo lavorando per migliorare. Quando vai forte la direzione \u00e8 chiara, mentre quando fai fatica \u00e8 complicato ma in generale stiamo tutti lavorando tanto per migliorare&#8221;<\/p>\n<p>Poi ai giornalisti inglesi:<\/p>\n<p><strong>Sei passato in Q2, quindi hai fatto una buona qualifica, ma in gara non sei riuscito a fare progressi&#8230;<\/strong><\/p>\n<p>&#8220;No, voglio partire dalla mattina e voglio dire che \u00e8 stato fatto un piccolo passo avanti rispetto a ieri, quindi la sensazione stamattina era migliore, ero contento dei giri con la gomma media, non ero veloce come Marc, ma il passo era tra 1&#8217;46 alto e 1&#8217;47 basso, ed ero abbastanza sicuro che in gara avrei tenuto lo stesso passo, ma poi quando sono partito ho faticato di nuovo un po&#8217; con il grip al posteriore, ed era difficile essere veloce dietro agli altri piloti, perdevo molto in accelerazione e anche un po&#8217; in velocit\u00e0 massima, sia in uscita di curva che in accelerazione, quindi non sono riuscito nemmeno ad attaccare per restare vicino, ma in ogni caso \u00e8 quello che \u00e8, lavoriamo per domani e forse grazie alla gara di oggi capiamo la direzione da seguire&#8221;<\/p>\n<p><strong>La mano ora va bene?<\/strong><\/p>\n<p>&#8220;S\u00ec, con gli antidolorifici, s\u00ec, meglio&#8221;<\/p>\n<p><strong>Cosa ti aspetti da domani? Abbiamo visto un paio di Aprilia usare la gomma soft, mentre le Ducati non l&#8217;hanno usata, com&#8217;\u00e8 stato il tuo utilizzo della gomma, il consumo?<\/strong><\/p>\n<p>&#8220;Avevo un po&#8217; di pattinamento a destra, grip molto basso a sinistra, ma ho fatto il miglior tempo sul giro nell&#8217;ultimo giro, quindi stavo migliorando, all&#8217;inizio ero lento ma sono migliorato nell&#8217;ultimo giro, quindi per domani se riesco ad avere lo stesso passo di stamattina forse arrivano dei buoni punti, nella top 7, altrimenti sar\u00e0 difficile, ma dobbiamo fare il massimo&#8221;<\/p>\n<p><strong>Pensi di poter attaccare diverse posizioni in pista o no?<\/strong><\/p>\n<p>&#8220;Dipende dalla prestazione, da quello che sentir\u00f2&#8221;<\/p>\n<\/div>\n","protected":false},"excerpt":{"rendered":"<p>Pecco Bagnaia ha concluso un sabato a due facce: positiva la mattina con il passaggio in Q2, negativa la Sprint. Ecco cosa ha detto ai giornalisti. A Sky: &#8220;Una giornata migliore rispetto a ieri, in termini di feeling, soprattutto stamattina dove abbiamo fatto un passo avanti. In gara ho faticato soprattutto con la trazione in [&hellip;]<\/p>\n","protected":false},"author":1,"featured_media":0,"comment_status":"open","ping_status":"","sticky":false,"template":"","format":"standard","meta":{"footnotes":""},"categories":[1],"tags":[226,238],"class_list":["post-2118333","post","type-post","status-publish","format-standard","hentry","category-uncategorized","tag-crawlmanager","tag-moto-it"],"_links":{"self":[{"href":"https:\/\/analyse.optim.biz\/index.php?rest_route=\/wp\/v2\/posts\/2118333","targetHints":{"allow":["GET"]}}],"collection":[{"href":"https:\/\/analyse.optim.biz\/index.php?rest_route=\/wp\/v2\/posts"}],"about":[{"href":"https:\/\/analyse.optim.biz\/index.php?rest_route=\/wp\/v2\/types\/post"}],"author":[{"embeddable":true,"href":"https:\/\/analyse.optim.biz\/index.php?rest_route=\/wp\/v2\/users\/1"}],"replies":[{"embeddable":true,"href":"https:\/\/analyse.optim.biz\/index.php?rest_route=%2Fwp%2Fv2%2Fcomments&post=2118333"}],"version-history":[{"count":0,"href":"https:\/\/analyse.optim.biz\/index.php?rest_route=\/wp\/v2\/posts\/2118333\/revisions"}],"wp:attachment":[{"href":"https:\/\/analyse.optim.biz\/index.php?rest_route=%2Fwp%2Fv2%2Fmedia&parent=2118333"}],"wp:term":[{"taxonomy":"category","embeddable":true,"href":"https:\/\/analyse.optim.biz\/index.php?rest_route=%2Fwp%2Fv2%2Fcategories&post=2118333"},{"taxonomy":"post_tag","embeddable":true,"href":"https:\/\/analyse.optim.biz\/index.php?rest_route=%2Fwp%2Fv2%2Ftags&post=2118333"}],"curies":[{"name":"wp","href":"https:\/\/api.w.org\/{rel}","templated":true}]}}