{"id":2118321,"date":"2026-08-29T17:15:08","date_gmt":"2026-08-29T14:15:08","guid":{"rendered":"https:\/\/analyse.optim.biz\/?p=2118321"},"modified":"2026-08-29T17:15:08","modified_gmt":"2026-08-29T14:15:08","slug":"comunitatile-poloneze-din-romania-si-oaspeti-din-strainatate-la-solonetu-nou-la-sarbatoarea-roadelor","status":"publish","type":"post","link":"https:\/\/analyse.optim.biz\/?p=2118321","title":{"rendered":"Comunit\u0103\u021bile poloneze din Rom\u00e2nia \u0219i oaspe\u021bi din str\u0103in\u0103tate, la Solone\u021bu Nou, la \u201dS\u0103rb\u0103toarea Roadelor\u201d"},"content":{"rendered":"<p>[analyse_image type=&#8221;featured&#8221; src=&#8221;https:\/\/www.radiotop.ro\/img\/media\/2026\/08\/polonezi-roade.jpg&#8221;]<\/p>\n<div class=\"entry-content no-share\">\n<div class=\"content-inner \">\n<p>S\u00eemb\u0103t\u0103, 29 august, Solone\u021bu Nou a fost gazda reuniunii anuale a tuturor comunit\u0103\u021bilor poloneze care tr\u0103iesc \u00een Rom\u00e2nia, \u00een cadrul \u201dS\u0103rb\u0103torii Roadelor\u201d.<\/p>\n<p>Evenimentul a \u00eenceput la ora 11:00 cu o Sf\u00eent\u0103 Liturghie solemn\u0103, cu sfin\u021birea coroanelor \u0219i a roadelor. Slujba a fost prezidat\u0103 de episcopul auxiliar al Arhiepiscopiei de Cracovia \u0219i delegatul Conferin\u021bei Episcopatului Poloniei pentru Pastora\u021bia Emigra\u021biei Polonez\u0103, pr. Robert Chrz\u0105szcz. Au concelebrat decanul de Bucovina, pr. Alois Far\u021badi, franciscan care sluje\u0219te la Cern\u0103u\u021bi, p\u0103rinte Jerzy Brz\u00f3ska, capelanul polonezilor din dieceza de Ia\u0219i \u0219i parohul la Solone\u021bu Nou, pr. Stanislav Ioan Cucharec, precum \u0219i mul\u021bi al\u021bi preo\u021bi din \u00eentregul decanat de Bucovin\u0103.<\/p>\n<p>Dup\u0103 Sf\u00eenta Liturghie au prezentat standuri cu specialit\u0103\u021bi culinare comunit\u0103\u021bile polonezilor din Bucovina, dar \u0219i din Ia\u0219i, Constan\u021ba \u0219i Bucure\u0219ti. Au fost \u0219i standuri cu produse regionale din regiunea Podkarpacie \u2013 doamnele de la Cercurile de Gospodine din localit\u0103\u021bile Widacz\u00f3w \u0219i Skopanie, precum \u0219i regiunea Ma\u0142opolska \u2013 \u0219i Cercurile de Gospodine din localitatea Paw\u0119z\u00f3w, comuna Lisia G\u00f3ra \u0219i Nieciecza, comuna \u017babno, reprezent\u00eend Camera Agricol\u0103 din Ma\u0142opolska.<\/p>\n<p>A avut loc \u0219i o tombol\u0103, precum \u0219i un concert folcloric cu participarea ansamblurilor comunit\u0103\u021bii poloneze din Bucovina: \u201eMa\u0142a Pojana\u201d din Poiana Micului, \u201eSo\u0142onczanka\u201d din Solone\u021bu Nou, \u201eKaczykanka\u201d din Cacica \u0219i \u201eEcho\u201d din Moara. Pe scen\u0103 au urcat \u0219i ansamblul vocal al comunit\u0103\u021bii poloneze \u201eEcho Prutu\u201d din Cern\u0103u\u021bi, Ucraina, grupul reprezent\u00eend delega\u021bia Camerei Agricole din Ma\u0142opolska, ansamblul urma\u0219ilor reemigran\u021bilor din Bucovina \u00een Polonia \u201eDolina Nowego So\u0142o\u0144ca\u201d din Z\u0142otnik \u0219i forma\u021bia Kapela Dziki Bez, care a prezentat tradi\u021biile muzicale ale grupului etnografic Lasowiacy.<\/p>\n<p>Al\u0103turi de comunitatea polonez\u0103 din Rom\u00e2nia \u0219i de participan\u021bii la Zilele Culturii Polon\u0103 au mai fost: Ambasadorul Republicii Polone la Bucure\u0219ti ES Pawe\u0142 Soloch, Consulul RP la Bucure\u0219ti Artur Tarasewicz, Consului onorific RP la Bra\u0219ov Janusz Szali\u0144ski, o delega\u021bie a Voievodatului Podkarpackie cu vice-pre\u0219edintele Consiliului Voievodatului Podkarpackie Piotr Pilch \u0219i secretarul Voievodatului Podkarpackie Katarzyna So\u0142ek, viceprimar ora\u0219ului Cz\u0119stochowa Ryszard Stefaniak, precum \u0219i membru conducerii Asocia\u021biei \u201eWsp\u00f3lnota Polska\u201d Sebastian Jaworowski. Autorit\u0103\u021bile locale au fost reprezentate de subprefecta jude\u021bului Suceava Camelia Damian, vicepre\u0219edintele Consiliului Jude\u021bean Suceava Stelian Simeria \u0219i viceprimarul comunei Cacica Mihai Break.<\/p>\n<p>\u00a0<\/p>\n<\/div>\n<\/div>\n<div class=\"content-inner \">\n<p>S\u00eemb\u0103t\u0103, 29 august, Solone\u021bu Nou a fost gazda reuniunii anuale a tuturor comunit\u0103\u021bilor poloneze care tr\u0103iesc \u00een Rom\u00e2nia, \u00een cadrul \u201dS\u0103rb\u0103torii Roadelor\u201d.<\/p>\n<p>Evenimentul a \u00eenceput la ora 11:00 cu o Sf\u00eent\u0103 Liturghie solemn\u0103, cu sfin\u021birea coroanelor \u0219i a roadelor. Slujba a fost prezidat\u0103 de episcopul auxiliar al Arhiepiscopiei de Cracovia \u0219i delegatul Conferin\u021bei Episcopatului Poloniei pentru Pastora\u021bia Emigra\u021biei Polonez\u0103, pr. Robert Chrz\u0105szcz. Au concelebrat decanul de Bucovina, pr. Alois Far\u021badi, franciscan care sluje\u0219te la Cern\u0103u\u021bi, p\u0103rinte Jerzy Brz\u00f3ska, capelanul polonezilor din dieceza de Ia\u0219i \u0219i parohul la Solone\u021bu Nou, pr. Stanislav Ioan Cucharec, precum \u0219i mul\u021bi al\u021bi preo\u021bi din \u00eentregul decanat de Bucovin\u0103.<\/p>\n<p>Dup\u0103 Sf\u00eenta Liturghie au prezentat standuri cu specialit\u0103\u021bi culinare comunit\u0103\u021bile polonezilor din Bucovina, dar \u0219i din Ia\u0219i, Constan\u021ba \u0219i Bucure\u0219ti. Au fost \u0219i standuri cu produse regionale din regiunea Podkarpacie \u2013 doamnele de la Cercurile de Gospodine din localit\u0103\u021bile Widacz\u00f3w \u0219i Skopanie, precum \u0219i regiunea Ma\u0142opolska \u2013 \u0219i Cercurile de Gospodine din localitatea Paw\u0119z\u00f3w, comuna Lisia G\u00f3ra \u0219i Nieciecza, comuna \u017babno, reprezent\u00eend Camera Agricol\u0103 din Ma\u0142opolska.<\/p>\n<p>A avut loc \u0219i o tombol\u0103, precum \u0219i un concert folcloric cu participarea ansamblurilor comunit\u0103\u021bii poloneze din Bucovina: \u201eMa\u0142a Pojana\u201d din Poiana Micului, \u201eSo\u0142onczanka\u201d din Solone\u021bu Nou, \u201eKaczykanka\u201d din Cacica \u0219i \u201eEcho\u201d din Moara. Pe scen\u0103 au urcat \u0219i ansamblul vocal al comunit\u0103\u021bii poloneze \u201eEcho Prutu\u201d din Cern\u0103u\u021bi, Ucraina, grupul reprezent\u00eend delega\u021bia Camerei Agricole din Ma\u0142opolska, ansamblul urma\u0219ilor reemigran\u021bilor din Bucovina \u00een Polonia \u201eDolina Nowego So\u0142o\u0144ca\u201d din Z\u0142otnik \u0219i forma\u021bia Kapela Dziki Bez, care a prezentat tradi\u021biile muzicale ale grupului etnografic Lasowiacy.<\/p>\n<p>Al\u0103turi de comunitatea polonez\u0103 din Rom\u00e2nia \u0219i de participan\u021bii la Zilele Culturii Polon\u0103 au mai fost: Ambasadorul Republicii Polone la Bucure\u0219ti ES Pawe\u0142 Soloch, Consulul RP la Bucure\u0219ti Artur Tarasewicz, Consului onorific RP la Bra\u0219ov Janusz Szali\u0144ski, o delega\u021bie a Voievodatului Podkarpackie cu vice-pre\u0219edintele Consiliului Voievodatului Podkarpackie Piotr Pilch \u0219i secretarul Voievodatului Podkarpackie Katarzyna So\u0142ek, viceprimar ora\u0219ului Cz\u0119stochowa Ryszard Stefaniak, precum \u0219i membru conducerii Asocia\u021biei \u201eWsp\u00f3lnota Polska\u201d Sebastian Jaworowski. Autorit\u0103\u021bile locale au fost reprezentate de subprefecta jude\u021bului Suceava Camelia Damian, vicepre\u0219edintele Consiliului Jude\u021bean Suceava Stelian Simeria \u0219i viceprimarul comunei Cacica Mihai Break.<\/p>\n<p>\u00a0<\/p>\n<\/div>\n<p>[analyse_source url=&#8221;https:\/\/www.radiotop.ro\/actualitate\/comunitatile-poloneze-din-romania-si-oaspeti-din-strainatate-la-solonetu-nou-la-sarbatoarea-roadelor.html&#8221;]<\/p>\n","protected":false},"excerpt":{"rendered":"<p>[analyse_image type=&#8221;featured&#8221; src=&#8221;https:\/\/www.radiotop.ro\/img\/media\/2026\/08\/polonezi-roade.jpg&#8221;] S\u00eemb\u0103t\u0103, 29 august, Solone\u021bu Nou a fost gazda reuniunii anuale a tuturor comunit\u0103\u021bilor poloneze care tr\u0103iesc \u00een Rom\u00e2nia, \u00een cadrul \u201dS\u0103rb\u0103torii Roadelor\u201d. Evenimentul a \u00eenceput la ora 11:00 cu o Sf\u00eent\u0103 Liturghie solemn\u0103, cu sfin\u021birea coroanelor \u0219i a roadelor. Slujba a fost prezidat\u0103 de episcopul auxiliar al Arhiepiscopiei de Cracovia \u0219i delegatul [&hellip;]<\/p>\n","protected":false},"author":1,"featured_media":0,"comment_status":"open","ping_status":"","sticky":false,"template":"","format":"standard","meta":{"footnotes":""},"categories":[89],"tags":[226,163],"class_list":["post-2118321","post","type-post","status-publish","format-standard","hentry","category-romania","tag-crawlmanager","tag-radiotop-ro"],"_links":{"self":[{"href":"https:\/\/analyse.optim.biz\/index.php?rest_route=\/wp\/v2\/posts\/2118321","targetHints":{"allow":["GET"]}}],"collection":[{"href":"https:\/\/analyse.optim.biz\/index.php?rest_route=\/wp\/v2\/posts"}],"about":[{"href":"https:\/\/analyse.optim.biz\/index.php?rest_route=\/wp\/v2\/types\/post"}],"author":[{"embeddable":true,"href":"https:\/\/analyse.optim.biz\/index.php?rest_route=\/wp\/v2\/users\/1"}],"replies":[{"embeddable":true,"href":"https:\/\/analyse.optim.biz\/index.php?rest_route=%2Fwp%2Fv2%2Fcomments&post=2118321"}],"version-history":[{"count":0,"href":"https:\/\/analyse.optim.biz\/index.php?rest_route=\/wp\/v2\/posts\/2118321\/revisions"}],"wp:attachment":[{"href":"https:\/\/analyse.optim.biz\/index.php?rest_route=%2Fwp%2Fv2%2Fmedia&parent=2118321"}],"wp:term":[{"taxonomy":"category","embeddable":true,"href":"https:\/\/analyse.optim.biz\/index.php?rest_route=%2Fwp%2Fv2%2Fcategories&post=2118321"},{"taxonomy":"post_tag","embeddable":true,"href":"https:\/\/analyse.optim.biz\/index.php?rest_route=%2Fwp%2Fv2%2Ftags&post=2118321"}],"curies":[{"name":"wp","href":"https:\/\/api.w.org\/{rel}","templated":true}]}}