{"id":2118309,"date":"2026-08-28T15:31:59","date_gmt":"2026-08-28T12:31:59","guid":{"rendered":"https:\/\/analyse.optim.biz\/?p=2118309"},"modified":"2026-08-28T15:31:59","modified_gmt":"2026-08-28T12:31:59","slug":"nicusor-dan-a-promulgat-legea-ani-nu-pot-accepta-o-noua-lovitura-adusa-credibilitatii-romaniei","status":"publish","type":"post","link":"https:\/\/analyse.optim.biz\/?p=2118309","title":{"rendered":"Nicu\u0219or Dan a promulgat Legea ANI: Nu pot accepta o nou\u0103 lovitur\u0103 adus\u0103 credibilit\u0103\u021bii Rom\u00e2niei"},"content":{"rendered":"<p>[analyse_image type=&#8221;featured&#8221; src=&#8221;https:\/\/ziardesuceava.ro\/wp-content\/uploads\/2026\/08\/79868-1024&#215;683.jpeg&#8221;]<\/p>\n<div class=\"post-content clearfix\">\n<div class=\"blog-post-thumb\"><img loading=\"lazy\" decoding=\"async\" width=\"1140\" height=\"694\" src=\"https:\/\/ziardesuceava.ro\/wp-content\/uploads\/2026\/08\/79868-1140x694.jpeg\" class=\"attachment-inhype-blog-thumb size-inhype-blog-thumb wp-post-image\" alt><\/div>\n<div class=\"entry-content\">\n<div>\n<p class=\"fara-orfani lead\">Pre\u0219edintele Nicu\u0219or Dan a promulgat vineri Legea privind integritatea \u00een domeniul public. El a transmis c\u0103 men\u021bine argumentele din sesizarea de neconstitu\u021bionalitate pe care CCR a respins-o.<\/p>\n<div class=\"continut-articol\">\n<p>\u201dAm promulgat ast\u0103zi Legea pentru modificarea \u0219i completarea unor acte normative \u00een domeniul integrit\u0103\u021bii \u00een forma care mi-a fost transmis\u0103 de c\u0103tre Parlamentul Rom\u00e2niei. \u00cemi men\u021bin \u00een continuare argumentele din sesizarea de neconstitu\u021bionalitate pe care am \u00eenaintat-o Cur\u021bii Constitu\u021bionale\u201d, a afirmat \u00eentr-o declara\u021bie transmis\u0103 presei pre\u0219edintele Nicu\u0219or Dan.<\/p>\n<p>CCR a respins sesizarea sa, astfel c\u0103 legea s-a \u00eentors \u00een Parlament, unde a fost votat\u0103 inclusiv cu \u201damendamentul Fritz\u201d chiar \u0219i de c\u0103tre liberali.<\/p>\n<p>Ulterior, Ilie Bolojan a invocat banii din PNRR, care au avut \u00eent\u00e2ietate \u00een fa\u021ba unui amendament introdus special de PSD pentru Dominic Fritz.<\/p>\n<p>\u0218i Nicu\u0219or Dan a invocat riscul pierderii banilor din PNRR din cauza neadopt\u0103rii Legi ANI.<\/p>\n<p>El sus\u021bine c\u0103, dac\u0103 ar fi existat timpul necesar pentru dezbatere, ar fi retrimis proiectul \u00een Parlament pentru reexaminare.<\/p>\n<p>\u201dNu ne permitem s\u0103 nu acces\u0103m aceste fonduri \u0219i nici nu pot accepta o nou\u0103 lovitur\u0103 adus\u0103 credibilit\u0103\u021bii Rom\u00e2niei \u00een plan extern. Cer Parlamentului ca, \u00een sesiunea de toamn\u0103, s\u0103 reia \u0219i s\u0103 aprofundeze discu\u021biile asupra acestei legi. Integritatea este un subiect mult prea important pentru societate \u0219i trebuie transpus \u00eentr-o lege aflat\u0103 dincolo de orice suspiciuni \u0219i interpret\u0103ri\u201d, a precizat Nicu\u0219or Dan.<\/p>\n<p>\u00cen pofida deciziei CCR, \u201damendamentul Fritz\u201d \u00eencalc\u0103 Constitu\u021bia, care prevede c\u0103 o lege nu poate fi retroactiv\u0103.\u00a0<\/p>\n<p>\u00centrebat\u0103 de acest amendament, Comisia European\u0103 a precizat c\u0103 va evalua legea \u00een cadrul ultimei cereri de plat\u0103 care urmeaz\u0103 s\u0103 fie depus\u0103 de Guvernul Rom\u00e2niei \u00een septembrie.<\/p>\n<p>\u201d\u00cen conformitate cu regulamentul RRF, este responsabilitatea statului membru s\u0103 se asigure c\u0103 utilizarea fondurilor \u00een leg\u0103tur\u0103 cu m\u0103surile sprijinite de facilitate este \u00een conformitate cu legisla\u021bia aplicabil\u0103 a Uniunii \u0219i na\u021bional\u0103\u201d, a spus joi un purt\u0103torul de cuv\u00e2nt al CE.<\/p>\n<\/div>\n<\/div>\n<\/div>\n<div class=\"inhype-social-share-fixed sidebar-position-right\">\n<div class=\"post-social-wrapper\">\n<div class=\"post-social-title\"><span class=\"post-social-title-text\">Share<\/span><\/div>\n<\/div>\n<\/div>\n<\/div>\n<p>[analyse_source url=&#8221;https:\/\/ziardesuceava.ro\/nicusor-dan-a-promulgat-legea-ani-nu-pot-accepta-o-noua-lovitura-adusa-credibilitatii-romaniei\/&#8221;]<\/p>\n","protected":false},"excerpt":{"rendered":"<p>[analyse_image type=&#8221;featured&#8221; src=&#8221;https:\/\/ziardesuceava.ro\/wp-content\/uploads\/2026\/08\/79868-1024&#215;683.jpeg&#8221;] Pre\u0219edintele Nicu\u0219or Dan a promulgat vineri Legea privind integritatea \u00een domeniul public. El a transmis c\u0103 men\u021bine argumentele din sesizarea de neconstitu\u021bionalitate pe care CCR a respins-o. \u201dAm promulgat ast\u0103zi Legea pentru modificarea \u0219i completarea unor acte normative \u00een domeniul integrit\u0103\u021bii \u00een forma care mi-a fost transmis\u0103 de c\u0103tre Parlamentul Rom\u00e2niei. \u00cemi [&hellip;]<\/p>\n","protected":false},"author":1,"featured_media":0,"comment_status":"open","ping_status":"","sticky":false,"template":"","format":"standard","meta":{"footnotes":""},"categories":[89],"tags":[226,171],"class_list":["post-2118309","post","type-post","status-publish","format-standard","hentry","category-romania","tag-crawlmanager","tag-ziardesuceava-ro"],"_links":{"self":[{"href":"https:\/\/analyse.optim.biz\/index.php?rest_route=\/wp\/v2\/posts\/2118309","targetHints":{"allow":["GET"]}}],"collection":[{"href":"https:\/\/analyse.optim.biz\/index.php?rest_route=\/wp\/v2\/posts"}],"about":[{"href":"https:\/\/analyse.optim.biz\/index.php?rest_route=\/wp\/v2\/types\/post"}],"author":[{"embeddable":true,"href":"https:\/\/analyse.optim.biz\/index.php?rest_route=\/wp\/v2\/users\/1"}],"replies":[{"embeddable":true,"href":"https:\/\/analyse.optim.biz\/index.php?rest_route=%2Fwp%2Fv2%2Fcomments&post=2118309"}],"version-history":[{"count":0,"href":"https:\/\/analyse.optim.biz\/index.php?rest_route=\/wp\/v2\/posts\/2118309\/revisions"}],"wp:attachment":[{"href":"https:\/\/analyse.optim.biz\/index.php?rest_route=%2Fwp%2Fv2%2Fmedia&parent=2118309"}],"wp:term":[{"taxonomy":"category","embeddable":true,"href":"https:\/\/analyse.optim.biz\/index.php?rest_route=%2Fwp%2Fv2%2Fcategories&post=2118309"},{"taxonomy":"post_tag","embeddable":true,"href":"https:\/\/analyse.optim.biz\/index.php?rest_route=%2Fwp%2Fv2%2Ftags&post=2118309"}],"curies":[{"name":"wp","href":"https:\/\/api.w.org\/{rel}","templated":true}]}}