{"id":2118307,"date":"2026-08-29T16:45:00","date_gmt":"2026-08-29T13:45:00","guid":{"rendered":"https:\/\/analyse.optim.biz\/?p=2118307"},"modified":"2026-08-29T16:45:00","modified_gmt":"2026-08-29T13:45:00","slug":"vannacci-laffetta-meloni-londa-nera-dellex-generale-continua-a-crescere-secondo-gli-ultimi","status":"publish","type":"post","link":"https:\/\/analyse.optim.biz\/?p=2118307","title":{"rendered":"Vannacci l&#8217;affetta meloni! &#8211; l&#8217;onda nera dell&#8217;ex generale continua a crescere (secondo gli ultimi&#8230;"},"content":{"rendered":"<p>[analyse_image type=&#8221;featured&#8221; src=&#8221;https:\/\/static.dagospia.com\/img\/patch\/07-2026\/roberto-vannacci-giorgia-meloni-2287175_600_q50.webp&#8221;]<\/p>\n<article>\n<div class=\"img-wrapper\"><img decoding=\"async\" src=\"https:\/\/static.dagospia.com\/img\/patch\/07-2026\/roberto-vannacci-giorgia-meloni-2287175_600_q50.webp\" alt=\"roberto vannacci giorgia meloni\"><time class=\"data-ora\">29 ago 2026 18:45<\/time><\/div>\n<p>VANNACCI L&#8217;AFFETTA MELONI! &#8211; <span>L&#8217;ONDA NERA DELL&#8217;EX GENERALE CONTINUA A CRESCERE<\/span> (SECONDO IL SONDAGGIO &#8220;LAB21&#8221; PER &#8220;AFFARI ITALIANI&#8221;, FUTURO NAZIONALE \u00c8 ALL&#8217;8%, SOPRA A FORZA ITALIA) <span>DI PARI PASSO AI MUGUGNI CHE SERPEGGIANO TRA I MELONIANI, CHE TEMONO L&#8217;AVANZATA DI VANNACCI &#8211; <\/span>LE ULTIME RILEVAZIONI MOSTRANO CHE SE LA &#8220;SPORCA DOZZINA&#8221; RIMARRA&#8217; FUORI DALLA COALIZIONE, <span>IL CENTRODESTRA NON RAGGIUNGERA&#8217; IL PREMIO DI MAGGIORANZA ALLE PROSSIME ELEZIONI <\/span>&#8211; &#8220;REPUBBLICA&#8221;: &#8220;PI\u00d9 DI UN PARLAMENTARE DI FDI, A MICROFONI SPENTI, SI DICE PREOCCUPATO DAI CONTRACCOLPI DI UNA LINEA NETTA DI CHIUSURA&#8221; &#8211; <span>L&#8217;APERTURA DEL MELONIANO CIRIELLI:\u00a0<\/span>&#8220;MI AUGURO SI POSSA GOVERNARE CON VANNACCI&#8221;<\/p>\n<div class=\"share-section\">\n                Condividi  questo articolo<\/p>\n<div class=\"socials\"><a href=\"http:\/\/www.facebook.com\/sharer.php?u=http:\/\/www.dagospia.com\/politica\/vannacci-l-affetta-meloni-l-onda-nera-dell-ex-generale-continua-crescere-485133\" target=\"_blank\"><img decoding=\"async\" src=\"https:\/\/static.dagospia.com\/img\/icons\/facebook.svg\" alt=\"Condividi su Facebook\"><\/a><a href=\"http:\/\/www.twitter.com\/share?url=http:\/\/www.dagospia.com\/politica\/vannacci-l-affetta-meloni-l-onda-nera-dell-ex-generale-continua-crescere-485133&amp;text=VANNACCI%20L&apos;AFFETTA%20MELONI!%20-%20L&apos;ONDA%20NERA%20DELL&apos;EX%20GENERALE%20CONTINUA%20A%20CRESCERE%20(SECONDO%20GLI%20ULTIMI...\" target=\"_blank\"><img decoding=\"async\" src=\"https:\/\/static.dagospia.com\/img\/icons\/x-icon.png\" alt=\"Condividi su X\"><\/a><a href=\"\/\/www.dagospia.com\/politica\/vannacci-l-affetta-meloni-l-onda-nera-dell-ex-generale-continua-crescere-485133\" target=\"_blank\"><img decoding=\"async\" src=\"https:\/\/static.dagospia.com\/img\/icons\/whatsapp.svg\" alt=\"Condividi su Whatsapp\"><\/a><a href=\"mailto:?body=http:\/\/www.dagospia.com\/politica\/vannacci-l-affetta-meloni-l-onda-nera-dell-ex-generale-continua-crescere-485133\" target=\"_blank\"><img decoding=\"async\" src=\"https:\/\/static.dagospia.com\/img\/icons\/mail.svg\" alt=\"Invia in email\"><\/a><\/div>\n<\/div>\n<div class=\"content\">\n<p class=\"disable\"><strong>Estratto dell&#8217;articolo di Miriam Di Peri per <a href=\"http:\/\/www.repubblica.it\" target=\"_blank\">&#8220;la Repubblica&#8221;<\/a><\/strong><\/p>\n<p class=\"disable\">\u00a0<\/p>\n<p><a href=\"https:\/\/www.dagospia.com\/media-gallery\/dago-fotogallery-521560\/2296762\" class=\"float-right img-wrapper\"><img decoding=\"async\" id=\"2296762\" loading=\"lazy\" src=\"https:\/\/static.dagospia.com\/img\/foto\/08-2026\/roberto-vannacci-coi-meloni-in-mano-2296762_800_q50.webp\"><span class=\"img-title\">roberto vannacci coi meloni in mano <\/span><\/a><\/p>\n<p class=\"disable\">Apocalittici da una parte, integrati dall\u2019altra. I mugugni, dentro Fratelli d\u2019Italia, serpeggiano attorno al tema delle alleanze. Da una parte il sondaggio di BidiMedia che registra il sorpasso di Futuro nazionale, stimato all\u20198%, non soltanto sulla Lega, ma anche su Forza Italia.<\/p>\n<p class=\"disable\">\u00a0<\/p>\n<p class=\"disable\">Dall\u2019altra, l\u2019apertura a Roberto Vannacci del viceministro agli Esteri Edmondo Cirielli porta alla luce la crepa nel partito che prepara la prova di forza del 4 settembre, quando a Bari celebrer\u00e0 il primato di longevit\u00e0 del governo Meloni. Via della Scrofa \u00e8 intervenuta per bollare quella di Cirielli, ex militare, come posizione a titolo personale, ma pi\u00f9 d\u2019uno pensa che una riflessione vada fatta.<\/p>\n<p class=\"disable\">\u00a0<\/p>\n<p class=\"disable\">La linea \u00e8 ribadita dal responsabile organizzazione del partito, Giovanni Donzelli: \u00abNon c\u2019\u00e8 una sola persona di FdI che vuole allearsi con chi vota contro il governo Meloni, il tema non si pone\u00bb. Parole che scoraggiano altre fughe in avanti. Ma le preoccupazioni emergono tra chi tra i Fratelli guarda agli effetti della legge elettorale in discussione in Parlamento e al rischio che la coalizione non raggiunga il premio di maggioranza alle prossime elezioni.<\/p>\n<p class=\"disable\">\u00a0<\/p>\n<p><a href=\"https:\/\/www.dagospia.com\/media-gallery\/dago-fotogallery-521560\/2201388\" class=\"float-left img-wrapper\"><img decoding=\"async\" id=\"2201388\" loading=\"lazy\" src=\"https:\/\/static.dagospia.com\/img\/foto\/11-2025\/giorgia-meloni-comizio-a-napoli-per-cirielli-2199854-2201388_800_q50.webp\"><span class=\"img-title\">giorgia meloni comizio a napoli per cirielli 2199854<\/span><\/a><\/p>\n<p class=\"disable\">I pi\u00f9 allarmati, gli apocalittici, vedono la possibilit\u00e0 che Fn rosicchi consensi anche a FdI (che nel sondaggio segna un -0,8%) dopo aver ridimensionato significativamente la Lega di Matteo Salvini. Il mondo militare, in cui da sempre FdI pesca elettori, guarda alle posizioni del generale con curiosit\u00e0. La sicurezza \u00e8 un nervo scoperto.<\/p>\n<p class=\"disable\">\u00a0<\/p>\n<p class=\"disable\">Pi\u00f9 di un parlamentare, a microfoni spenti, si dice preoccupato dai contraccolpi di una linea netta di chiusura. E riconosce che l\u2019apertura di Cirelli non \u00e8 del tutto campata in aria. [&#8230;]<\/p>\n<p class=\"disable\">\u00a0<\/p>\n<p><a href=\"https:\/\/www.dagospia.com\/media-gallery\/dago-fotogallery-521560\/2300467\" class=\"float-right img-wrapper\"><img decoding=\"async\" id=\"2300467\" loading=\"lazy\" src=\"https:\/\/static.dagospia.com\/img\/foto\/08-2026\/sondaggio-28-agosto-2026-affari-italiani-2300467_800_q50.webp\"><span class=\"img-title\">SONDAGGIO 28 AGOSTO 2026 &#8211; AFFARI ITALIANI<\/span><\/a><\/p>\n<p class=\"disable\">Di certo, il centrodestra e Vannacci restano nemici e avversari in Calabria, dove \u00e8 ai nastri di partenza la campagna per le suppletive alla Camera di fine settembre e Fn punta sull\u2019ex capogruppo di Forza Italia in consiglio regionale, Domenico Giannetta.<\/p>\n<p class=\"disable\">\u00a0<\/p>\n<p class=\"disable\">Tra i forzisti &#8211; non solo in Calabria &#8211; la tensione \u00e8 alta. E il segretario Antonio Tajani chiude a qualunque ipotesi di dialogo: \u00abVannacci \u00e8 un rappresentante dell\u2019opposizione, vota sempre contro il governo, sostiene di fatto la sinistra contro il centrodestra e quindi \u00e8 lui che si \u00e8 posto fuori\u00bb. E il sondaggio? \u00ab\u00c8 solo una rilevazione, altre dicono il contrario\u00bb.<\/p>\n<p class=\"imgRight\"><a href=\"https:\/\/www.dagospia.com\/media-gallery\/dago-fotogallery-521560\/2297319\" class=\"float-right img-wrapper\"><img decoding=\"async\" id=\"2297319\" loading=\"lazy\" src=\"https:\/\/static.dagospia.com\/img\/foto\/08-2026\/giorgia-meloni-al-mare-alla-maddalena-foto-gente-5-2297319_800_q50.webp\"><span class=\"img-title\">giorgia meloni al mare alla maddalena foto gente 5<\/span><\/a><\/p>\n<p><a href=\"https:\/\/www.dagospia.com\/media-gallery\/dago-fotogallery-521560\/2200585\" class=\"float-right img-wrapper\"><img decoding=\"async\" id=\"2200585\" loading=\"lazy\" src=\"https:\/\/static.dagospia.com\/img\/foto\/11-2025\/edmondo-cirielli-giorgia-meloni-2200585_800_q50.webp\"><span class=\"img-title\">EDMONDO CIRIELLI &#8211; GIORGIA MELONI <\/span><\/a><a href=\"https:\/\/www.dagospia.com\/media-gallery\/dago-fotogallery-521560\/2297316\" class=\"float-right img-wrapper\"><img decoding=\"async\" id=\"2297316\" loading=\"lazy\" src=\"https:\/\/static.dagospia.com\/img\/foto\/08-2026\/giorgia-meloni-al-mare-alla-maddalena-foto-gente-3-2297316_800_q50.webp\"><span class=\"img-title\">giorgia meloni al mare alla maddalena foto gente 3<\/span><\/a><a href=\"https:\/\/www.dagospia.com\/media-gallery\/dago-fotogallery-521560\/2277719\" class=\"float-right img-wrapper\"><img decoding=\"async\" id=\"2277719\" loading=\"lazy\" src=\"https:\/\/static.dagospia.com\/img\/foto\/06-2026\/roberto-vannacci-contro-meloni-sulle-preferenze-2277719_800_q50.webp\"><span class=\"img-title\"> roberto vannacci contro meloni sulle preferenze <\/span><\/a><a href=\"https:\/\/www.dagospia.com\/media-gallery\/dago-fotogallery-521560\/2277722\" class=\"float-right img-wrapper\"><img decoding=\"async\" id=\"2277722\" loading=\"lazy\" src=\"https:\/\/static.dagospia.com\/img\/foto\/06-2026\/roberto-vannacci-contro-meloni-sulle-preferenze-2277722_800_q50.webp\"><span class=\"img-title\">roberto vannacci contro meloni sulle preferenze<\/span><\/a><\/p>\n<\/div>\n<div class=\"share-section\">\n                Condividi  questo articolo<\/p>\n<div class=\"socials\"><a href=\"https:\/\/www.dagospia.com\/politica\/vannacci-l-affetta-meloni-l-onda-nera-dell-ex-generale-continua-crescere-485133\"><img decoding=\"async\" src=\"https:\/\/static.dagospia.com\/img\/icons\/facebook.svg\" alt=\"Condividi su Facebook\"><\/a><a href=\"https:\/\/www.dagospia.com\/politica\/vannacci-l-affetta-meloni-l-onda-nera-dell-ex-generale-continua-crescere-485133\"><img decoding=\"async\" src=\"https:\/\/static.dagospia.com\/img\/icons\/x-icon.png\" alt=\"Condividi su X\"><\/a><a href=\"https:\/\/www.dagospia.com\/politica\/vannacci-l-affetta-meloni-l-onda-nera-dell-ex-generale-continua-crescere-485133\"><img decoding=\"async\" src=\"https:\/\/static.dagospia.com\/img\/icons\/whatsapp.svg\" alt=\"Condividi su Whatsapp\"><\/a><a href=\"https:\/\/www.dagospia.com\/politica\/vannacci-l-affetta-meloni-l-onda-nera-dell-ex-generale-continua-crescere-485133\"><img decoding=\"async\" src=\"https:\/\/static.dagospia.com\/img\/icons\/mail.svg\" alt=\"Invia in email\"><\/a><\/div>\n<\/div>\n<\/article>\n<div class=\"content\">\n<p class=\"disable\"><strong>Estratto dell&#8217;articolo di Miriam Di Peri per <a href=\"http:\/\/www.repubblica.it\" target=\"_blank\">&#8220;la Repubblica&#8221;<\/a><\/strong><\/p>\n<p class=\"disable\">\u00a0<\/p>\n<p><a href=\"https:\/\/www.dagospia.com\/media-gallery\/dago-fotogallery-521560\/2296762\" class=\"float-right img-wrapper\"><img decoding=\"async\" id=\"2296762\" loading=\"lazy\" src=\"https:\/\/static.dagospia.com\/img\/foto\/08-2026\/roberto-vannacci-coi-meloni-in-mano-2296762_800_q50.webp\"><span class=\"img-title\">roberto vannacci coi meloni in mano <\/span><\/a><\/p>\n<p class=\"disable\">Apocalittici da una parte, integrati dall\u2019altra. I mugugni, dentro Fratelli d\u2019Italia, serpeggiano attorno al tema delle alleanze. Da una parte il sondaggio di BidiMedia che registra il sorpasso di Futuro nazionale, stimato all\u20198%, non soltanto sulla Lega, ma anche su Forza Italia.<\/p>\n<p class=\"disable\">\u00a0<\/p>\n<p class=\"disable\">Dall\u2019altra, l\u2019apertura a Roberto Vannacci del viceministro agli Esteri Edmondo Cirielli porta alla luce la crepa nel partito che prepara la prova di forza del 4 settembre, quando a Bari celebrer\u00e0 il primato di longevit\u00e0 del governo Meloni. Via della Scrofa \u00e8 intervenuta per bollare quella di Cirielli, ex militare, come posizione a titolo personale, ma pi\u00f9 d\u2019uno pensa che una riflessione vada fatta.<\/p>\n<p class=\"disable\">\u00a0<\/p>\n<p class=\"disable\">La linea \u00e8 ribadita dal responsabile organizzazione del partito, Giovanni Donzelli: \u00abNon c\u2019\u00e8 una sola persona di FdI che vuole allearsi con chi vota contro il governo Meloni, il tema non si pone\u00bb. Parole che scoraggiano altre fughe in avanti. Ma le preoccupazioni emergono tra chi tra i Fratelli guarda agli effetti della legge elettorale in discussione in Parlamento e al rischio che la coalizione non raggiunga il premio di maggioranza alle prossime elezioni.<\/p>\n<p class=\"disable\">\u00a0<\/p>\n<p><a href=\"https:\/\/www.dagospia.com\/media-gallery\/dago-fotogallery-521560\/2201388\" class=\"float-left img-wrapper\"><img decoding=\"async\" id=\"2201388\" loading=\"lazy\" src=\"https:\/\/static.dagospia.com\/img\/foto\/11-2025\/giorgia-meloni-comizio-a-napoli-per-cirielli-2199854-2201388_800_q50.webp\"><span class=\"img-title\">giorgia meloni comizio a napoli per cirielli 2199854<\/span><\/a><\/p>\n<p class=\"disable\">I pi\u00f9 allarmati, gli apocalittici, vedono la possibilit\u00e0 che Fn rosicchi consensi anche a FdI (che nel sondaggio segna un -0,8%) dopo aver ridimensionato significativamente la Lega di Matteo Salvini. Il mondo militare, in cui da sempre FdI pesca elettori, guarda alle posizioni del generale con curiosit\u00e0. La sicurezza \u00e8 un nervo scoperto.<\/p>\n<p class=\"disable\">\u00a0<\/p>\n<p class=\"disable\">Pi\u00f9 di un parlamentare, a microfoni spenti, si dice preoccupato dai contraccolpi di una linea netta di chiusura. E riconosce che l\u2019apertura di Cirelli non \u00e8 del tutto campata in aria. [&#8230;]<\/p>\n<p class=\"disable\">\u00a0<\/p>\n<p><a href=\"https:\/\/www.dagospia.com\/media-gallery\/dago-fotogallery-521560\/2300467\" class=\"float-right img-wrapper\"><img decoding=\"async\" id=\"2300467\" loading=\"lazy\" src=\"https:\/\/static.dagospia.com\/img\/foto\/08-2026\/sondaggio-28-agosto-2026-affari-italiani-2300467_800_q50.webp\"><span class=\"img-title\">SONDAGGIO 28 AGOSTO 2026 &#8211; AFFARI ITALIANI<\/span><\/a><\/p>\n<p class=\"disable\">Di certo, il centrodestra e Vannacci restano nemici e avversari in Calabria, dove \u00e8 ai nastri di partenza la campagna per le suppletive alla Camera di fine settembre e Fn punta sull\u2019ex capogruppo di Forza Italia in consiglio regionale, Domenico Giannetta.<\/p>\n<p class=\"disable\">\u00a0<\/p>\n<p class=\"disable\">Tra i forzisti &#8211; non solo in Calabria &#8211; la tensione \u00e8 alta. E il segretario Antonio Tajani chiude a qualunque ipotesi di dialogo: \u00abVannacci \u00e8 un rappresentante dell\u2019opposizione, vota sempre contro il governo, sostiene di fatto la sinistra contro il centrodestra e quindi \u00e8 lui che si \u00e8 posto fuori\u00bb. E il sondaggio? \u00ab\u00c8 solo una rilevazione, altre dicono il contrario\u00bb.<\/p>\n<p class=\"imgRight\"><a href=\"https:\/\/www.dagospia.com\/media-gallery\/dago-fotogallery-521560\/2297319\" class=\"float-right img-wrapper\"><img decoding=\"async\" id=\"2297319\" loading=\"lazy\" src=\"https:\/\/static.dagospia.com\/img\/foto\/08-2026\/giorgia-meloni-al-mare-alla-maddalena-foto-gente-5-2297319_800_q50.webp\"><span class=\"img-title\">giorgia meloni al mare alla maddalena foto gente 5<\/span><\/a><\/p>\n<p><a href=\"https:\/\/www.dagospia.com\/media-gallery\/dago-fotogallery-521560\/2200585\" class=\"float-right img-wrapper\"><img decoding=\"async\" id=\"2200585\" loading=\"lazy\" src=\"https:\/\/static.dagospia.com\/img\/foto\/11-2025\/edmondo-cirielli-giorgia-meloni-2200585_800_q50.webp\"><span class=\"img-title\">EDMONDO CIRIELLI &#8211; GIORGIA MELONI <\/span><\/a><a href=\"https:\/\/www.dagospia.com\/media-gallery\/dago-fotogallery-521560\/2297316\" class=\"float-right img-wrapper\"><img decoding=\"async\" id=\"2297316\" loading=\"lazy\" src=\"https:\/\/static.dagospia.com\/img\/foto\/08-2026\/giorgia-meloni-al-mare-alla-maddalena-foto-gente-3-2297316_800_q50.webp\"><span class=\"img-title\">giorgia meloni al mare alla maddalena foto gente 3<\/span><\/a><a href=\"https:\/\/www.dagospia.com\/media-gallery\/dago-fotogallery-521560\/2277719\" class=\"float-right img-wrapper\"><img decoding=\"async\" id=\"2277719\" loading=\"lazy\" src=\"https:\/\/static.dagospia.com\/img\/foto\/06-2026\/roberto-vannacci-contro-meloni-sulle-preferenze-2277719_800_q50.webp\"><span class=\"img-title\"> roberto vannacci contro meloni sulle preferenze <\/span><\/a><a href=\"https:\/\/www.dagospia.com\/media-gallery\/dago-fotogallery-521560\/2277722\" class=\"float-right img-wrapper\"><img decoding=\"async\" id=\"2277722\" loading=\"lazy\" src=\"https:\/\/static.dagospia.com\/img\/foto\/06-2026\/roberto-vannacci-contro-meloni-sulle-preferenze-2277722_800_q50.webp\"><span class=\"img-title\">roberto vannacci contro meloni sulle preferenze<\/span><\/a><\/p>\n<\/div>\n<article><a href=\"https:\/\/www.dagospia.com\/politica\/risiko-s-ingrossa-l-apertura-assicurazioni-generali-valutare-l-offerta-484996\"><\/p>\n<div class=\"img-wrapper\"><img decoding=\"async\" src=\"https:\/\/static.dagospia.com\/img\/patch\/08-2026\/generali-philippe-donnet-luigi-lovaglio-carlo-messina-2292458_600_q50.webp\" alt=\"generali philippe donnet luigi lovaglio carlo messina \" loading=\"lazy\"><time class=\"data-ora\">27 ago 21:02<\/time><\/div>\n<div class=\"excerpt\">\n<p>DAGOREPORT &#8211; <span>IL RISIKO S&#8217;INGROSSA!<\/span> L\u2019APERTURA DI ASSICURAZIONI GENERALI A VALUTARE L&#8217;OFFERTA\u201d DI MPS PER L\u2019ACQUISIZIONE DI BANCA GENERALI, <span>\u00c8 UN GRAN PASSO AVANTI PER IL PIANO DI LOVAGLIO PER DISINNESCARE L\u2019OPAS SUL \u201cMONTE\u201d DI BANCA INTESA <\/span>&#8211; SECONDO PIAZZA AFFARI, L\u2019OPERAZIONE TRIESTE-SIENA POTREBBE AVERE DALLA SUA <span>L\u2019APPOGGIO DEI POTENTISSIMI FONDI DI INVESTIMENTO INTERNAZIONALI, TRA CUI BLACKROCK<\/span>, CHE HA PERALTRO IMPORTANTI INTERESSI NELLE BANCHE ITALIANE, TRA CUI INTESA &#8211; <span>ORA INIZIA UNA PARTITA APERTISSIMA DAL PUNTO DI VISTA FINANZIARIO, MA ANCHE DA QUELLO POLITICO:<\/span> IL 26 OTTOBRE\u00a0 L\u2019ASSEMBLEA STRAORDINARIA DI MPS SARA&#8217; CHIAMATA AD APPROVARE L&#8217;ACQUISIZIONE E TUTTO PUO&#8217; SUCCEDERE&#8230;<\/p>\n<\/div>\n<p><\/a><\/article>\n<article><a href=\"https:\/\/www.dagospia.com\/cronache\/voluto-trump-t-attacchi-scorta-i-leader-silicon-valley-484985\"><\/p>\n<div class=\"img-wrapper\"><img decoding=\"async\" src=\"https:\/\/static.dagospia.com\/img\/patch\/08-2026\/mark-zuckerberg-proteste-2299936_600_q50.webp\" alt=\"mark zuckerberg proteste \" loading=\"lazy\"><time class=\"data-ora\">27 ago 19:54<\/time><\/div>\n<div class=\"excerpt\">\n<p>HAI VOLUTO TRUMP? E ORA T\u2019ATTACCHI ALLA SCORTA! \u2013<span> I LEADER DELLA SILICON VALLEY SONO OSSESSIONATI DALLA LORO SICUREZZA, E SPENDONO VAGONATE DI DOLLARI IN PROTEZIONE, GUARDIE DEL CORPO, BUNKER. <\/span>COLPA DELLA SVOLTA TRUMPIANA E DELLA RIVOLUZIONE DELL\u2019ACCELERAZIONE INCONTROLLABILE DELL\u2019INTELLIGENZA ARTIFICIALE, CHE RISCHIA DI PRODURRE FOLLE DI DISOCCUPATI INCAZZATI PRONTI AD ASSALTARE, OLTRE AI DATA CENTER, I VILLONI DEI PAPERONI \u2013 <span>IL PI\u00d9 PARANOICO DI TUTTI? MARK ZUCKERBERG! META SPENDE OLTRE 25 MILIONI DI DOLLARI ALL\u2019ANNO ESCLUSIVAMENTE PER LA PROTEZIONE DEL SUO FONDATORE<\/span> \u2013 L\u2019OSSESSIONE DEI MILIARDARI PER BUNKER DI LUSSO, FORTEZZE SOTTERRANEE, RIFUGI IN NUOVA ZELANDA E HAWAII, CON INVESTIMENTI CHE OSCILLAVANO TRA I DIECI E I CINQUANTA MILIONI DI DOLLARI CIASCUNO&#8230;<\/p>\n<\/div>\n<p><\/a><\/article>\n<article><a href=\"https:\/\/www.dagospia.com\/politica\/flash-giorgia-meloni-manda-armi-sottobanco-all-ucraina-per-non-spaccare-484982\"><\/p>\n<div class=\"img-wrapper\"><img decoding=\"async\" src=\"https:\/\/static.dagospia.com\/img\/patch\/08-2026\/giorgia-meloni-volodymyr-zelensky-mario-draghi-2299913_600_q50.webp\" alt=\"giorgia meloni volodymyr zelensky mario draghi \" loading=\"lazy\"><time class=\"data-ora\">27 ago 17:21<\/time><\/div>\n<div class=\"excerpt\">\n<p>FLASH \u2013<span> GIORGIA MELONI MANDA LE ARMI SOTTOBANCO ALL\u2019UCRAINA PER NON SPACCARE LA SUA MAGGIORANZA. IL PRIMO A FARLO FU DRAGHI: <\/span>\u201cMARIOPIO\u201d NEL 2022 INTRODUSSE IL RICORSO A DECRETI INTERMINISTERIALI CON ELENCHI SECRETATI PER L&#8217;INVIO DI FORNITURE MILITARI ALL&#8217;UCRAINA. AVENDO COME AZIONISTI MAGGIORANZA I PUTINIANI DI LEGA\u00a0E MOVIMENTO 5 STELLE, L\u2019UNICO MODO PER MANDARE AVANTI LA BARACCA ERA \u201cNASCONDERE\u201d L\u2019INVIO DI ARMI\u2026<\/p>\n<\/div>\n<p><\/a><\/article>\n<article><a href=\"https:\/\/www.dagospia.com\/politica\/qual-era-scopo-blitz-capo-cia-mosca-i-beninformati-washington-484881\"><\/p>\n<div class=\"img-wrapper\"><img decoding=\"async\" src=\"https:\/\/static.dagospia.com\/img\/patch\/12-2025\/vladimir-putin-donald-trump-volodymyr-zelensky-2214409_600_q50.webp\" alt=\"vladimir putin donald trump volodymyr zelensky\" loading=\"lazy\"><time class=\"data-ora\">26 ago 20:31<\/time><\/div>\n<div class=\"excerpt\">\n<p>FLASH! \u2013 QUANDO LE COSE GIRANO SUL PEGGIO, INTERVENGONO I SERVIZI SEGRETI &#8211;\u00a0<span>IL BENINFORMATO\u00a0CAPO DELLA CIA,\u00a0JOHN RATCLIFFE, SAREBBE VOLATO A MOSCA,\u00a0<\/span>SECONDO RUMORS DI WASHINGTON, PER CONSEGNARE UN DURO AVVERTIMENTO ALLA CRICCA DI PUTIN, FINITA IN UN CUL DE SAC NEL CONFLITTO UCRAINO \u2013 <span>CARO VLADIMIR, UN&#8217;EVENTUALE ESCALATION CON USO DI ARMI NUCLEARI TATTICHE, CAPACI DI DISTRUGGERE KM DI TERRITORIO UCRAINO, \u00c8 UNA LINEA ASSOLUTAMENTE DA NON OLTREPASSARE<\/span>: GLI STATI UNITI NON STAREBBERO CON LE MANI IN MANO\u2026\u00a0<\/p>\n<\/div>\n<p><\/a><\/article>\n<article><a href=\"https:\/\/www.dagospia.com\/politica\/prossima-destinazione-enrico-mentana-padrone-supremo-tutta-l-informazione-484639\"><\/p>\n<div class=\"img-wrapper\"><img decoding=\"async\" src=\"https:\/\/static.dagospia.com\/img\/patch\/08-2026\/kyriakou-pier-silvio-berlusconi-enrico-mentana-crippa-fedele-confalonieri-medias-2298828_600_q50.webp\" alt=\"kyriakou pier silvio berlusconi enrico mentana crippa fedele confalonieri mediaset urbano cairo marina\" loading=\"lazy\"><time class=\"data-ora\">24 ago 19:47<\/time><\/div>\n<div class=\"excerpt\">\n<p>DAGOREPORT &#8211; RITORNA A CASA, LESSO! <span>SI ACCAVALLANO LE VOCI CHE LA PROSSIMA DESTINAZIONE DI ENRICO MENTANA SIA QUELLA DI PADRONE SUPREMO DI TUTTA L\u2019INFORMAZIONE MEDIASET<\/span> &#8211; RUOLO CHE DAL 1998 RICOPRE IL FEDELISSIMO \u201cFELDMARESCIALLO\u201d DI FEDELE CONFALONIERI, MAURO CRIPPA, ARTEFICE MAGICO DEL \u201cRETEQUATTRISMO\u201d DEI DEL DEBBIO-PORRO-GIORDANO-SALLUSTI CHE HA APPARECCHIATO L\u2019AVANZATA POPULISTA DI SALVINI E POI IL MELONISMO SENZA LIMITISMO &#8211; <span>CHE PIER SILVIO (E LA SORELLA SUPERIORE MARINA) ABBIA LE PALLE IN SATURAZIONE DEL \u201cCRIPPISMO ALLA FIAMMA\u201d <\/span>SI ERA BEN CAPITO DALLO SBARCO SU RETE4 DI BIANCA BERLINGUER, POI DI TOMMASO LABATE E INFINE DI MILO INFANTE CHE, OLTRE A CONDURRE DUE PROGRAMMI, E&#8217; NOMINATO CONDIRETTORE DELLA \u201cSTANZA DEI BOTTONI\u201d DEL CRIPPA-PENSIERO, VIDEONEWS &#8211; <span>L\u2019IPOTESI MENTANA \u00c8 STATA ACCOLTA DALLA CRICCA DI CRIPPA OVVIAMENTE MALE, MALISSIMO,<\/span> CONOSCENDO ALTRES\u00cc BENE IL CARATTERINO DI CHICCO. E GIRANO A MEZZA VOCE BATTUTINE DEL TIPO: <span>\u2018\u2019PIER SILVIO MANDA IN PENSIONE IL 67ENNE CRIPPA PER SOSTITUIRLO CON MENTANA, PENSIONATO DI 71 ANNI&#8230;\u2019\u2019<\/span><\/p>\n<\/div>\n<p><\/a><\/article>\n<article><a href=\"https:\/\/www.dagospia.com\/media-tv\/martedi-prossimo-calera-sipario-ranucci-ottobre-quando-ritornera-in-onda-484460\"><\/p>\n<div class=\"img-wrapper\"><img decoding=\"async\" src=\"https:\/\/static.dagospia.com\/img\/patch\/07-2026\/sigfrido-ranucci-valter-lavitola-giampaolo-rossi-2287105_600_q50.webp\" alt=\"sigfrido ranucci valter lavitola giampaolo rossi \" loading=\"lazy\"><time class=\"data-ora\">23 ago 19:56<\/time><\/div>\n<div class=\"excerpt\">\n<p>DAGOREPORT &#8211;\u00a0<span>MARTED\u00cc PROSSIMO CALER\u00c0 IL SIPARIO SU RANUCCI: A OTTOBRE, QUANDO RITORNER\u00c0 IN ONDA \u201cREPORT\u201d, L\u2019AMICO FRATERNO\u201d DI WALTERINO LAVITOLA NON SAR\u00c0 PI\u00d9 ALLA CONDUZIONE<\/span> &#8211; IN SEGUITO ALLE VERIFICHE INTERNE (\u201cAUDIT) SUL RISPETTO DEL CODICE ETICO DELLA RAI E IN ATTESA DELLE DECISIONI DEGLI INQUIRENTI E DEI MAGISTRATI SULLA MA-LAVITOLA ALLE VONGOLE SGUSCIATE, <span>L&#8217;AMMINISTRATORE DELEGATO GIAMPAOLO ROSSI COMUNICHER\u00c0 A RANUCCI IL CAMBIO DI CONDUZIONE (SOSTITUZIONE CHE \u00c8 NEL PIENO DIRITTO DELLE PROCEDURE AZIENDALI) <\/span>&#8211; QUINDI, A DISPETTO DI QUANTO PI\u00d9 VOLTE SCRITTO, IL DIPENDENTE RAI RANUCCI SIGFRIDO NON VERR\u00c0 ASSOLUTAMENTE \u201cSOSPESO\u201d DAL RUOLO DI VICE-DIRETTORE, IL SUO STIPENDIO CORRER\u00c0 TRANQUILLO COME OGNI MESE, MA <span>VERR\u00c0 SPOSTATO DAL RESPONSABILE DEI PROGRAMMI DI APPROFONDIMENTO, PAOLO CORSINI, AD ALTRI IMPORTANTI INCARICHI <\/span>&#8211; FINE DEL PRIMO TEMPO&#8230;.<\/p>\n<\/div>\n<p><\/a><\/article>\n<article><a href=\"https:\/\/www.dagospia.com\/media-tv\/lume-candela-rocco-casalino-rifiutato-400mila-euro-per-grande-fratello-484560\"><\/p>\n<div class=\"img-wrapper\"><img decoding=\"async\" src=\"https:\/\/static.dagospia.com\/img\/patch\/08-2026\/rocco-casalino-2026candela-2298627_600_q50.webp\" alt=\"rocco casalino 2026candela \" loading=\"lazy\"><\/div>\n<div class=\"excerpt\">A LUME DI CANDELA \u2013 ROCCO CASALINO HA RIFIUTATO 400MILA EURO PER IL \u201cGRANDE FRATELLO VIP\u201d, MA\u2026<\/div>\n<p><\/a><\/article>\n<article><a href=\"https:\/\/www.dagospia.com\/media-tv\/dandolate-per-oggi-francesca-pascale-noemi-bocchi-manuela-485153\"><\/p>\n<div class=\"img-wrapper\"><img decoding=\"async\" src=\"https:\/\/static.dagospia.com\/img\/patch\/08-2026\/dandolo-dandolate-oggi-2300492_600_q50.webp\" alt=\"dandolo dandolate oggi\" loading=\"lazy\"><\/div>\n<div class=\"excerpt\">LA POLITICA PUO\u2019 ASPETTARE! FRANCESCA PASCALE SI DA\u2019 ALL\u2019IPPICA: L\u2019EX COMPAGNA DI BERLUSCONI SI\u2026<\/div>\n<p><\/a><\/article>\n<article><a href=\"https:\/\/www.dagospia.com\/media-tv\/pillole-gossip-gf-vip-marina-rosa-michelle-485065\"><\/p>\n<div class=\"img-wrapper\"><img decoding=\"async\" src=\"https:\/\/static.dagospia.com\/img\/patch\/08-2026\/pillole-avanti-gossip-2300263_600_q50.webp\" alt=\"pillole avanti gossip\" loading=\"lazy\"><\/div>\n<div class=\"excerpt\">PILLOLE DI GOSSIP! IL &#8220;GRANDE FRATELLO VIP&#8221; PARTIR\u00c0 IL 17 SETTEMBRE CON DUE SERATE SETTIMANALI.\u2026<\/div>\n<p><\/a><\/article>\n<article><a href=\"https:\/\/www.dagospia.com\/media-tv\/riconoscete-dalle-chiappe-bagnate-42enne-rivisita-l-odissea-in-versione-484803\"><\/p>\n<div class=\"img-wrapper\"><img decoding=\"async\" src=\"https:\/\/static.dagospia.com\/img\/patch\/08-2026\/emma-marrone-2299361_600_q50.webp\" alt=\"emma marrone\" loading=\"lazy\"><\/div>\n<div class=\"excerpt\">LA RICONOSCETE DALLE CHIAPPE BAGNATE? LA 42ENNE, IN VACANZA AL LARGO DELLE COSTE CAMPANE, RIVISITA\u2026<\/div>\n<p><\/a><\/article>\n<article><a href=\"https:\/\/www.dagospia.com\/politica\/risiko-s-ingrossa-l-apertura-assicurazioni-generali-valutare-l-offerta-484996\"><\/p>\n<div class=\"img-wrapper\"><img decoding=\"async\" src=\"https:\/\/static.dagospia.com\/img\/patch\/08-2026\/generali-philippe-donnet-luigi-lovaglio-carlo-messina-2292458_600_q50.webp\" alt=\"generali philippe donnet luigi lovaglio carlo messina \" loading=\"lazy\"><\/div>\n<div class=\"excerpt\">DAGOREPORT &#8211; IL RISIKO S&#8217;INGROSSA! L\u2019APERTURA DI ASSICURAZIONI GENERALI A VALUTARE L&#8217;OFFERTA\u201d DI\u2026<\/div>\n<p><\/a><\/article>\n<article><a href=\"https:\/\/www.dagospia.com\/cronache\/voluto-trump-t-attacchi-scorta-i-leader-silicon-valley-484985\"><\/p>\n<div class=\"img-wrapper\"><img decoding=\"async\" src=\"https:\/\/static.dagospia.com\/img\/patch\/08-2026\/mark-zuckerberg-proteste-2299936_600_q50.webp\" alt=\"mark zuckerberg proteste \" loading=\"lazy\"><\/div>\n<div class=\"excerpt\">HAI VOLUTO TRUMP? E ORA T\u2019ATTACCHI ALLA SCORTA! \u2013 I LEADER DELLA SILICON VALLEY SONO OSSESSIONATI\u2026<\/div>\n<p><\/a><\/article>\n<article><a href=\"https:\/\/www.dagospia.com\/politica\/flash-giorgia-meloni-manda-armi-sottobanco-all-ucraina-per-non-spaccare-484982\"><\/p>\n<div class=\"img-wrapper\"><img decoding=\"async\" src=\"https:\/\/static.dagospia.com\/img\/patch\/08-2026\/giorgia-meloni-volodymyr-zelensky-mario-draghi-2299913_600_q50.webp\" alt=\"giorgia meloni volodymyr zelensky mario draghi \" loading=\"lazy\"><\/div>\n<div class=\"excerpt\">FLASH \u2013 GIORGIA MELONI MANDA LE ARMI SOTTOBANCO ALL\u2019UCRAINA PER NON SPACCARE LA SUA MAGGIORANZA. IL\u2026<\/div>\n<p><\/a><\/article>\n<article><a href=\"https:\/\/www.dagospia.com\/politica\/qual-era-scopo-blitz-capo-cia-mosca-i-beninformati-washington-484881\"><\/p>\n<div class=\"img-wrapper\"><img decoding=\"async\" src=\"https:\/\/static.dagospia.com\/img\/patch\/12-2025\/vladimir-putin-donald-trump-volodymyr-zelensky-2214409_600_q50.webp\" alt=\"vladimir putin donald trump volodymyr zelensky\" loading=\"lazy\"><\/div>\n<div class=\"excerpt\">FLASH! \u2013 QUANDO LE COSE GIRANO SUL PEGGIO, INTERVENGONO I SERVIZI SEGRETI &#8211;\u00a0IL BENINFORMATO\u00a0CAPO\u2026<\/div>\n<p><\/a><\/article>\n<article><a href=\"https:\/\/www.dagospia.com\/politica\/prossima-destinazione-enrico-mentana-padrone-supremo-tutta-l-informazione-484639\"><\/p>\n<div class=\"img-wrapper\"><img decoding=\"async\" src=\"https:\/\/static.dagospia.com\/img\/patch\/08-2026\/kyriakou-pier-silvio-berlusconi-enrico-mentana-crippa-fedele-confalonieri-medias-2298828_600_q50.webp\" alt=\"kyriakou pier silvio berlusconi enrico mentana crippa fedele confalonieri mediaset urbano cairo marina\" loading=\"lazy\"><\/div>\n<div class=\"excerpt\">DAGOREPORT &#8211; RITORNA A CASA, LESSO! SI ACCAVALLANO LE VOCI CHE LA PROSSIMA DESTINAZIONE DI ENRICO\u2026<\/div>\n<p><\/a><\/article>\n<article><a href=\"https:\/\/www.dagospia.com\/media-tv\/martedi-prossimo-calera-sipario-ranucci-ottobre-quando-ritornera-in-onda-484460\"><\/p>\n<div class=\"img-wrapper\"><img decoding=\"async\" src=\"https:\/\/static.dagospia.com\/img\/patch\/07-2026\/sigfrido-ranucci-valter-lavitola-giampaolo-rossi-2287105_600_q50.webp\" alt=\"sigfrido ranucci valter lavitola giampaolo rossi \" loading=\"lazy\"><\/div>\n<div class=\"excerpt\">DAGOREPORT &#8211;\u00a0MARTED\u00cc PROSSIMO CALER\u00c0 IL SIPARIO SU RANUCCI: A OTTOBRE, QUANDO RITORNER\u00c0 IN ONDA\u2026<\/div>\n<p><\/a><\/article>\n<article><a href=\"https:\/\/www.dagospia.com\/politica\/dagoreport-come-si-arriva-clamoroso-scazzo-diplomatico-l-etiopia-bisogna-484514\"><\/p>\n<div class=\"img-wrapper\"><img decoding=\"async\" src=\"https:\/\/static.dagospia.com\/img\/patch\/08-2026\/giorgia-meloni-e-primo-ministro-etiope-abiy-ahmed-sem-fabrizi-2298489_600_q50.webp\" alt=\"giorgia meloni e primo ministro etiope abiy ahmed sem fabrizi\" loading=\"lazy\"><\/div>\n<div class=\"excerpt\">DAGOREPORT \u2013 COME SI \u00c8 ARRIVATI AL CLAMOROSO SCAZZO DIPLOMATICO CON L\u2019ETIOPIA? BISOGNA TORNARE AL\u2026<\/div>\n<p><\/a><\/article>\n<article><a href=\"https:\/\/www.dagospia.com\/politica\/flash-in-pochi-sottolineano-quali-gli-unici-grandi-paesi-dell-ue-non-484512\"><\/p>\n<div class=\"img-wrapper\"><img decoding=\"async\" src=\"https:\/\/static.dagospia.com\/img\/patch\/08-2026\/ceuta-migranti-spagna-francia-pedro-sanchez-giorgia-meloni-emmanuel-macron-2291912_600_q50.webp\" alt=\"ceuta migranti spagna francia pedro sanchez giorgia meloni emmanuel macron\" loading=\"lazy\"><\/div>\n<div class=\"excerpt\">FLASH \u2013 IN POCHI SOTTOLINEANO QUALI SONO GLI UNICI DUE GRANDI PAESI DELL\u2019UE A NON ACCODARSI AI\u2026<\/div>\n<p><\/a><\/article>\n<article><a href=\"https:\/\/www.dagospia.com\/politica\/lega-e-resa-dei-conti-forza-italia-non-sta-messa-benissimo-484219\"><\/p>\n<div class=\"img-wrapper\"><img decoding=\"async\" src=\"https:\/\/static.dagospia.com\/img\/patch\/08-2026\/giorgia-meloni-antonio-tajani-matteo-salvini-2297713_600_q50.webp\" alt=\"giorgia meloni antonio tajani matteo salvini \" loading=\"lazy\"><\/div>\n<div class=\"excerpt\">DAGOREPORT \u2013 I FRANCHI-TIRATORI PER IL \u201cMELONELLUM\u201d INIZIANO A ESSERE TANTI, FORSE TROPPI \u2013 SE LA\u2026<\/div>\n<p><\/a><\/article>\n<article><a href=\"https:\/\/www.dagospia.com\/business\/dagoreport-nel-gioco-specchi-risikone-bancario-lovaglio-tenta-doppia-484172\"><\/p>\n<div class=\"img-wrapper\"><img decoding=\"async\" src=\"https:\/\/static.dagospia.com\/img\/patch\/08-2026\/meloni-schlein-lovaglio-messina-donnet-2297564_600_q50.webp\" alt=\"meloni schlein lovaglio messina donnet\" loading=\"lazy\"><\/div>\n<div class=\"excerpt\">DAGOREPORT \u2013 A FERRAGOSTO UN COLPO DI \u201cSOLE\u201d CI STA. FIRMATO DAL DIRETTORE DEL QUOTIDIANO DELLA\u2026<\/div>\n<p><\/a><\/article>\n<article><a href=\"https:\/\/www.dagospia.com\/cafonal\/cafonalino-roma-proiezione-documentario-marco-bellocchio-marco-travaglio-485081\"><\/p>\n<div class=\"img-wrapper\"><img decoding=\"async\" src=\"https:\/\/static.dagospia.com\/img\/patch\/08-2026\/2026bellocchio-anteprima-film-di-marco-bellocchio-2300339_600_q50.webp\" alt=\"2026bellocchio anteprima film di marco bellocchio\" loading=\"lazy\"><\/div>\n<div class=\"excerpt\">CAFONALINO! AL CINEMA QUATTRO FONTANE DI ROMA LA PROIEZIONE SPECIALE DEL DOCUMENTARIO \u201cMARCO\u2026<\/div>\n<p><\/a><\/article>\n<article><a href=\"https:\/\/www.dagospia.com\/cafonal\/cafonal-show-ranucci-cerveteri-freni-ho-fatto-scoop-nazionali-484807\"><\/p>\n<div class=\"img-wrapper\"><img decoding=\"async\" src=\"https:\/\/static.dagospia.com\/img\/patch\/08-2026\/2026ranucci-sigfrido-ranucci-2299409_600_q50.webp\" alt=\"2026ranucci sigfrido ranucci\" loading=\"lazy\"><\/div>\n<div class=\"excerpt\">SIGFRIDO, IL MASANIELLO DE NOANTRI \u2013 RANUCCI HA PERSO OGNI FRENO E, ALLA PRESENTAZIONE DEL SUO\u2026<\/div>\n<p><\/a><\/article>\n<article><a href=\"https:\/\/www.dagospia.com\/cafonal\/funeralino-l-ultimo-saluto-mitico-produttore-cinematografico-fulvio-484127\"><\/p>\n<div class=\"img-wrapper\"><img decoding=\"async\" src=\"https:\/\/static.dagospia.com\/img\/patch\/08-2026\/2026lucisano-2297424_600_q50.webp\" alt=\"2026lucisano\" loading=\"lazy\"><\/div>\n<div class=\"excerpt\">FUNERALINO \u2013 NELLA CALLARA ROMANA D\u2019AGOSTO, L\u2019ULTIMO SALUTO AL MITICO PRODUTTORE CINEMATOGRAFICO\u2026<\/div>\n<p><\/a><\/article>\n<article><a href=\"https:\/\/www.dagospia.com\/cafonal\/cafonalino-pizza-riformista-matteo-renzi-raduna-i-suoi-prima-delle-480816\"><\/p>\n<div class=\"img-wrapper\"><img decoding=\"async\" src=\"https:\/\/static.dagospia.com\/img\/patch\/07-2026\/2026kraken-matteo-renzi-2286047_600_q50.webp\" alt=\"2026kraken matteo renzi \" loading=\"lazy\"><\/div>\n<div class=\"excerpt\">CAFONALINO DELLA PIZZA RIFORMISTA \u2013 RENZI RADUNA I SUOI PRIMA DELLE VACANZE ESTIVE AL SATYRUS DI\u2026<\/div>\n<p><\/a><\/article>\n<article><a href=\"https:\/\/www.dagospia.com\/cafonal\/cafonalino-moreno-party-roma-manuela-moreno-festeggia-i-60-anni-480777\"><\/p>\n<div class=\"img-wrapper\"><img decoding=\"async\" src=\"https:\/\/static.dagospia.com\/img\/patch\/07-2026\/manuela-moreno-festa-60-anni-2285871_600_q50.webp\" alt=\"manuela moreno festa 60 anni \" loading=\"lazy\"><\/div>\n<div class=\"excerpt\">CAFONALINO! NO MORENO, NO PARTY \u2013 A ROMA, AL LOVE BAR DI PONTE MILVIO, MANUELA MORENO, CONDUTTRICE\u2026<\/div>\n<p><\/a><\/article>\n<article><a href=\"https:\/\/www.dagospia.com\/cafonal\/cafonalino-firenze-tevere-direttori-redattori-forchettoni-scrocconi-480745\"><\/p>\n<div class=\"img-wrapper\"><img decoding=\"async\" src=\"https:\/\/static.dagospia.com\/img\/patch\/07-2026\/2026agno-marco-agnoletti-2285763_600_q50.webp\" alt=\"2026agno marco agnoletti \" loading=\"lazy\"><\/div>\n<div class=\"excerpt\">CAFONALINO DEGLI AGNOLETTI IN BRODO &#8211; DIRETTORI, REDATTORI, FORCHETTONI E SCROCCONI SFIDANO\u2026<\/div>\n<p><\/a><\/article>\n<p>[analyse_source url=&#8221;https:\/\/www.dagospia.com\/politica\/vannacci-l-affetta-meloni-l-onda-nera-dell-ex-generale-continua-crescere-485133&#8243;]<\/p>\n","protected":false},"excerpt":{"rendered":"<p>[analyse_image type=&#8221;featured&#8221; src=&#8221;https:\/\/static.dagospia.com\/img\/patch\/07-2026\/roberto-vannacci-giorgia-meloni-2287175_600_q50.webp&#8221;] 29 ago 2026 18:45 VANNACCI L&#8217;AFFETTA MELONI! &#8211; L&#8217;ONDA NERA DELL&#8217;EX GENERALE CONTINUA A CRESCERE (SECONDO IL SONDAGGIO &#8220;LAB21&#8221; PER &#8220;AFFARI ITALIANI&#8221;, FUTURO NAZIONALE \u00c8 ALL&#8217;8%, SOPRA A FORZA ITALIA) DI PARI PASSO AI MUGUGNI CHE SERPEGGIANO TRA I MELONIANI, CHE TEMONO L&#8217;AVANZATA DI VANNACCI &#8211; LE ULTIME RILEVAZIONI MOSTRANO CHE SE [&hellip;]<\/p>\n","protected":false},"author":1,"featured_media":0,"comment_status":"open","ping_status":"","sticky":false,"template":"","format":"standard","meta":{"footnotes":""},"categories":[87],"tags":[226,149],"class_list":["post-2118307","post","type-post","status-publish","format-standard","hentry","category-italy","tag-crawlmanager","tag-dagospia-com"],"_links":{"self":[{"href":"https:\/\/analyse.optim.biz\/index.php?rest_route=\/wp\/v2\/posts\/2118307","targetHints":{"allow":["GET"]}}],"collection":[{"href":"https:\/\/analyse.optim.biz\/index.php?rest_route=\/wp\/v2\/posts"}],"about":[{"href":"https:\/\/analyse.optim.biz\/index.php?rest_route=\/wp\/v2\/types\/post"}],"author":[{"embeddable":true,"href":"https:\/\/analyse.optim.biz\/index.php?rest_route=\/wp\/v2\/users\/1"}],"replies":[{"embeddable":true,"href":"https:\/\/analyse.optim.biz\/index.php?rest_route=%2Fwp%2Fv2%2Fcomments&post=2118307"}],"version-history":[{"count":0,"href":"https:\/\/analyse.optim.biz\/index.php?rest_route=\/wp\/v2\/posts\/2118307\/revisions"}],"wp:attachment":[{"href":"https:\/\/analyse.optim.biz\/index.php?rest_route=%2Fwp%2Fv2%2Fmedia&parent=2118307"}],"wp:term":[{"taxonomy":"category","embeddable":true,"href":"https:\/\/analyse.optim.biz\/index.php?rest_route=%2Fwp%2Fv2%2Fcategories&post=2118307"},{"taxonomy":"post_tag","embeddable":true,"href":"https:\/\/analyse.optim.biz\/index.php?rest_route=%2Fwp%2Fv2%2Ftags&post=2118307"}],"curies":[{"name":"wp","href":"https:\/\/api.w.org\/{rel}","templated":true}]}}