{"id":2118284,"date":"2026-08-29T13:25:00","date_gmt":"2026-08-29T10:25:00","guid":{"rendered":"https:\/\/analyse.optim.biz\/?p=2118284"},"modified":"2026-08-29T13:25:00","modified_gmt":"2026-08-29T10:25:00","slug":"interviul-ministrului-de-externe-serghei-lavrov-lumea-se-afla-in-prezent-intr-o-etapa-de-transformare-si-schimbari-profunde-generatia-care-traieste-in-prezent-pe-pamant-s-ar-putea-sa-nu-mai-fie-mart","status":"publish","type":"post","link":"https:\/\/analyse.optim.biz\/?p=2118284","title":{"rendered":"Interviul ministrului de externe Serghei Lavrov: Lumea se afl\u0103 \u00een prezent \u00eentr-o etap\u0103 de transformare \u0219i schimb\u0103ri profunde. Genera\u021bia care tr\u0103ie\u0219te \u00een prezent pe P\u0103m\u00e2nt s-ar putea s\u0103 nu mai fie martor\u0103 la configura\u021bia final\u0103"},"content":{"rendered":"<p>[analyse_image type=&#8221;featured&#8221; src=&#8221;https:\/\/radiogoldfm.ro\/wp-content\/uploads\/2026\/08\/Interviu-Lavrov.jpghttps:\/\/radiogoldfm.ro\/wp-content\/uploads\/2026\/08\/Interviu-Lavrov.jpg&#8221;]<\/p>\n<div class=\"qt-the-content\">\n<p>Interviul ministrului de externe\u00a0<a href=\"https:\/\/mid.ru\/en\/foreign_policy\/news\/2136580\/\" target=\"_blank\" rel=\"noreferrer noopener\">Serghei Lavrov<\/a>\u00a0acordat canalului de televiziune RBC, Moscova, 28 august 2026<\/p>\n<p><strong>\u00centrebare:<\/strong>\u00a0Domnule Lavrov, v\u0103 mul\u021bumim foarte mult c\u0103 a\u021bi acceptat s\u0103 discuta\u021bi cu noi. Prima \u00eentrebare este, s-ar putea spune, de natur\u0103 conceptual\u0103 \u2013 privind ordinea mondial\u0103. Anterior, am discutat despre existen\u021ba unei lumi bipolare. Ulterior, dup\u0103 pr\u0103bu\u0219irea URSS, am vorbit despre o lume unipolar\u0103. Cum a\u021bi caracteriza starea actual\u0103 a lumii? Care este natura acesteia?<\/p>\n<p><strong>Serghei Lavrov:\u00a0<\/strong>Lumea se afl\u0103 \u00een prezent \u00eentr-o etap\u0103 de transformare \u0219i schimb\u0103ri profunde. Aceste schimb\u0103ri vor acoperi, dup\u0103 toate probabilit\u0103\u021bile, o \u00eentreag\u0103 epoc\u0103, astfel \u00eenc\u00e2t genera\u021bia care tr\u0103ie\u0219te ast\u0103zi pe P\u0103m\u00e2nt s-ar putea s\u0103 nu mai fie martor\u0103 la configura\u021bia final\u0103 \u2013 dac\u0103, desigur, aceasta se va materializa \u00een cele din urm\u0103 \u0219i dac\u0103 se va dovedi posibil\u0103 realizarea ei.<\/p>\n<p>Este adev\u0103rat c\u0103, dup\u0103 dizolvarea Uniunii Sovietice, unipolaritatea a fost proclamat\u0103 aproape \u00een mod deschis. Francis Fukuyama a surprins aspira\u021biile, visurile \u0219i sentimentul predominant al societ\u0103\u021bii occidentale \u0219i al elitelor sale atunci c\u00e2nd a declarat c\u0103 \u201esf\u00e2r\u0219itul istoriei\u201d sosise \u0219i c\u0103, de acum \u00eenainte, doar modelul liberal occidental \u2013 \u00een economie, politic\u0103 \u0219i drepturile omului \u2013 urma s\u0103 constituie singura paradigm\u0103 dominant\u0103 de pe planet\u0103. La vremea respectiv\u0103, aceast\u0103 afirma\u021bie a fost primit\u0103 \u00een diverse moduri, dar nu-mi amintesc ca omologii no\u0219tri chinezi s\u0103 fi comentat-o cu prea mare frecven\u021b\u0103.<\/p>\n<p>Pe plan intern, afirma\u021bia a fost \u00eent\u00e2mpinat\u0103 cu un anumit entuziasm, mul\u021bi sus\u021bin\u00e2nd c\u0103, \u00een sf\u00e2r\u0219it, ne-am eliberat de \u201elan\u021burile\u201d sistemului comunist. \u201eDumnezeu s\u0103 binecuv\u00e2nteze America!\u201d \u2013 a\u0219a cum a exclamat Boris El\u021b\u00een, pe atunci pre\u0219edinte al Federa\u021biei Ruse, \u00een fa\u021ba Congresului SUA. Exper\u021bii occidentali au invadat toate institu\u021biile noastre guvernamentale, au participat la reforme, au contribuit la preg\u0103tirea privatiz\u0103rii \u2013 \u0219i multe alte lucruri se petreceau \u00een acea perioad\u0103.<\/p>\n<p>Mul\u021bi au tras semnalul de alarm\u0103 cu privire la pericolele inerente acestei direc\u021bii. \u00cen opinia mea, evenimentele din cadrul alegerilor din 2000 au reflectat dorin\u021ba na\u021biunii \u0219i a poporului s\u0103u de a-\u0219i revendica esen\u021ba istoric\u0103, destinul \u0219i m\u00e2ndria na\u021bional\u0103. La sf\u00e2r\u0219itul lunii decembrie 1999, c\u00e2nd Boris El\u021b\u00een a transferat public puterea c\u0103tre Vladimir Putin, urmat de convocarea alegerilor, a \u00eenceput o nou\u0103 epoc\u0103. Nu cred c\u0103 sus\u021bin\u0103torii teoriei unipolare se a\u0219teptau ca Rusia s\u0103 fie la fel de docil\u0103 cum fusese sub administra\u021bia lui Boris El\u021b\u00een. Trebuie s\u0103 recunoa\u0219tem meritele Occidentului \u2013 acesta a \u00eenceput nu doar prin a \u201ene bate pe um\u0103r\u201d, ci \u0219i prin crearea unei anumite atmosfere.<\/p>\n<p>\u00cen 2001, pre\u0219edintele Vladimir Putin a efectuat prima sa vizit\u0103 \u00een Statele Unite. Un an mai t\u00e2rziu, pre\u0219edintele american George W. Bush a vizitat \u021bara noastr\u0103. A fost semnat\u0103 o declara\u021bie \u2013 s-ar putea s\u0103 nu v\u0103 vin\u0103 s\u0103 crede\u021bi (\u0219i, \u00eentr-adev\u0103r, pu\u021bini \u00ee\u0219i mai amintesc de ea) \u2013 privind noile rela\u021bii strategice dintre Federa\u021bia Rus\u0103 \u0219i Statele Unite.<\/p>\n<p>Pre\u0219edintele rus a r\u0103spuns cu aceea\u0219i moned\u0103. Chiar \u00eenainte ca George W. Bush s\u0103 preia func\u021bia, el avusese deja contacte cu Bill Clinton. Nu cu mult timp \u00een urm\u0103, Vladimir Putin \u0219i-a amintit cum, la prima lor \u00eent\u00e2lnire, i-a propus lui Bill Clinton c\u0103, dac\u0103 nu mai erau adversari, dac\u0103 Uniunea Sovietic\u0103 \u00eencetase s\u0103 existe, dac\u0103 Pactul de la Var\u0219ovia nu mai exista, dac\u0103 diferen\u021bele ideologice apar\u021bineau trecutului \u0219i dac\u0103 nu doreau s\u0103 desfiin\u021beze NATO \u2013 atunci ar putea admite Rusia \u00een alian\u021b\u0103 \u0219i ar putea colabora. Bill Clinton a ezitat \u0219i s-a fofilat, ca s\u0103 spunem pe limba poporului. Acest lucru s-a \u00eent\u00e2mplat la un summit al G20. Seara, la o recep\u021bie, Bill Clinton a r\u0103spuns c\u0103 consilierii s\u0103i \u00eei spusese c\u0103 \u201enu ar func\u021biona\u201d.<\/p>\n<p>Inten\u021bia a fost \u00eentotdeauna s\u0103 ne \u021bin\u0103 aproape, dar nu ca partener de drept egal. Chiar \u0219i atunci c\u00e2nd ne-am al\u0103turat triumfal G8, care a devenit ulterior G7, nu a fost o aderare cu drepturi depline.<\/p>\n<p><strong>\u00centrebare:\u00a0<\/strong>\u0218apte plus unu, nu-i a\u0219a?<\/p>\n<p><strong>Sergei Lavrov:<\/strong>\u00a0Nu, era Grupul celor Opt ori de c\u00e2te ori pe ordinea de zi se aflau chestiuni politice, ori de c\u00e2te ori Occidentul \u00eencerca s\u0103 impun\u0103 anumite evalu\u0103ri politice \u2013 de exemplu, \u00een ceea ce prive\u0219te Iranul sau Coreea de Nord. Mai mult, ace\u0219tia impuneau evalu\u0103ri care dep\u0103\u0219eau parametrii rezolu\u021biilor existente ale Consiliului de Securitate al ONU.<\/p>\n<p>Am participat la reuniunile mini\u0219trilor de finan\u021be, dar chestiunile cele mai sensibile privind guvernan\u021ba sistemului monetar, financiar \u0219i comercial interna\u021bional erau discutate de G7. Abia dup\u0103 aceea era invitat \u0219eful Ministerului nostru de Finan\u021be \u0219i, \u00een mare parte, era pur \u0219i simplu informat cu privire la ceea ce fusese deja convenit \u00een acele domenii.<\/p>\n<p>Momentul decisiv \u00een evolu\u021bia pozi\u021biei noastre, \u00een \u00een\u021belegerea noastr\u0103 final\u0103 \u0219i \u00een cristalizarea convingerii c\u0103 Occidentul nu va colabora cu noi pe picior de egalitate, a fost discursul pre\u0219edintelui Vladimir Putin de la M\u00fcnchen din 2007. Toat\u0103 lumea \u00eel cunoa\u0219te. Tot ce s-a spus cu acea ocazie s-a bazat pe fapte. \u0218i dincolo de fapte \u2013 seci, conving\u0103toare, irefutabile \u2013 exista \u0219i o dimensiune emo\u021bional\u0103. Dac\u0103 urm\u0103rim \u00eenregistrarea acelui discurs, putem observa cum, cit\u00e2nd exemple \u00een care Occidentul ne-a \u00een\u0219elat la fiecare pas, fie c\u0103 este vorba de NATO, fie de numeroase alte crize specifice, Vladimir Putin a \u00eentrebat, literalmente, a\u0219a cum se spune, cu o emo\u021bie palpabil\u0103: \u201eDe ce face\u021bi asta? De ce nu ne gestion\u0103m rela\u021biile a\u0219a cum s-a promis, a\u0219a cum este prev\u0103zut \u00een at\u00e2tea documente?\u201d<\/p>\n<p>\u00cen prezent, apari\u021bia unei lumi multipolare este o realitate consacrat\u0103. China este cea mai mare economie a lumii din punctul de vedere al parit\u0103\u021bii puterii de cump\u0103rare, un fapt recunoscut de aproape toat\u0103 lumea, iar ritmul dezvolt\u0103rii sale economice este extrem de impresionant. \u00cen acela\u0219i timp, se vorbe\u0219te acum despre o posibil\u0103 criz\u0103 a supraproduc\u021biei: din cauza a ceea ce Occidentul a f\u0103cut propriilor sale economii, s-ar putea s\u0103 nu mai existe unde s\u0103 se v\u00e2nd\u0103 tot ceea ce produce China. Dar aceasta este o chestiune practic\u0103 \u0219i va fi rezolvat\u0103.<\/p>\n<p>Din punct de vedere geopolitic \u0219i geoeconomic, gigan\u021bi precum China, India \u0219i Brazilia se afirm\u0103 \u0219i \u00ee\u0219i consolideaz\u0103 rapid pozi\u021biile economice, revendic\u00e2ndu-\u0219i locul cuvenit \u00een afacerile economice mondiale.<\/p>\n<p>\u00cen Africa au loc transform\u0103ri fundamentale, pe m\u0103sur\u0103 ce continentul \u00eencepe s\u0103 se distan\u021beze de modelul neocolonial \u00een care materiile prime erau extrase de acolo, iar valoarea ad\u0103ugat\u0103 era generat\u0103 \u00een Europa.<\/p>\n<p><strong>\u00centrebare:<\/strong>\u00a0\u0218i africanii \u0219i-au dat seama c\u0103 au fost \u00een\u0219ela\u021bi?<\/p>\n<p><strong>Serghei Lavrov:\u00a0<\/strong>Desigur. Erau ferici\u021bi, bucur\u00e2ndu-se de libertate politic\u0103 \u0219i de decolonizare politic\u0103. Dar privarea economic\u0103 persist\u0103.<\/p>\n<p><strong>\u00centrebare:<\/strong>\u00a0O \u00eentrebare complementar\u0103 care preocup\u0103 multe segmente ale popula\u021biei noastre. A\u021bi men\u021bionat cum, \u00een 2007, pre\u0219edintele Vladimir Putin a afirmat c\u0103 Occidentul \u00een\u0219al\u0103 \u00eentotdeauna. Dar \u00eenc\u0103 auzim reac\u021bii din \u021bara noastr\u0103 de genul: \u201eUite, ne-au \u00een\u0219elat din nou\u201d. \u0218i toat\u0103 lumea se \u00eentreab\u0103: de ce ne mai a\u0219tept\u0103m la corectitudine? C\u00e2t timp o s\u0103 mai c\u0103dem \u00een aceast\u0103 capcan\u0103?<\/p>\n<p><strong>Serghei Lavrov:<\/strong>\u00a0La urma urmei, suntem o na\u021biune tem\u0103toare de Dumnezeu. Poporul nostru multietnic are multe proverbe despre marea sa r\u0103bdare: \u201eDumnezeu a \u00eendurat, a\u0219a c\u0103 trebuie s\u0103 \u00eendur\u0103m \u0219i noi\u201d, \u201eM\u0103soar\u0103 de dou\u0103 ori, taie o dat\u0103\u201d, \u201eNu-\u021bi \u021bine respira\u021bia a\u0219tept\u00e2nd promisiuni\u201d. Acest lucru ne dezv\u0103luie ceva despre psihologia noastr\u0103 \u2013 nu naivitatea \u00eenr\u0103d\u0103cinat\u0103 de secole de experien\u021b\u0103 istoric\u0103, ci mai degrab\u0103 speran\u021ba durabil\u0103 c\u0103 un tic\u0103los nu poate fi un tic\u0103los des\u0103v\u00e2r\u0219it, ca s\u0103 spunem simplu. [Eroul nostru epic] Ilya Muromets a z\u0103cut neactiv pe sob\u0103 timp de 33 de ani, a\u0219tept\u00e2nd momentul \u00een care serviciile sale vor fi solicitate pentru patria sa.<\/p>\n<p>\u00cen\u0219el\u0103ciunea st\u0103 la baza diploma\u021biei occidentale. \u0218i \u00eenc\u0103 mai st\u0103. Ne putem aminti de anul 1999, c\u00e2nd summitul OSCE de la Istanbul a declarat c\u0103 NATO nu se va extinde. Declara\u021bia sa spunea acest lucru, cu alte cuvinte: nimeni nu \u00ee\u0219i va consolida securitatea \u00een detrimentul altora, iar nicio \u021bar\u0103 sau organiza\u021bie din spa\u021biul euro-atlantic nu va revendica domina\u021bia. Alian\u021ba Nord-Atlantic\u0103 a f\u0103cut exact opusul.<\/p>\n<p>Exist\u0103 memoriile lui Evgheni Primakov, care a condus Ministerul Afacerilor Externe al Rusiei la mijlocul anilor 1990. De altfel, Jack Matlock, fostul ambasador al SUA \u00een \u021bara noastr\u0103, a publicat o carte de memorii \u00een care a confirmat clar \u0219i necondi\u021bionat ceea ce fusese promis ferm: NATO nu se va extinde \u00een cazul reunific\u0103rii Germaniei. Dar alian\u021ba s-a extins, nu doar \u00een Germania de Est, ci \u0219i \u00een alte \u021b\u0103ri.<\/p>\n<p>C\u00e2nd am \u00eentrebat cum era posibil acest lucru, av\u00e2nd \u00een vedere c\u0103 ni se promisese \u0219i ni se d\u0103duse o asigurare ferm\u0103, ni s-a r\u0103spuns: \u201eDar a fost verbal.\u201d Apoi, la Istanbul, \u00een 1999, s-a formalizat \u00een scris. Dar extinderea a continuat. Am \u00eentrebat din nou: \u201eDe data aceasta nu a fost verbal, ci \u00een scris, la cel mai \u00eenalt nivel.\u201d Ne-au r\u0103spuns f\u0103r\u0103 s\u0103 clipeasc\u0103: \u201eDar aceasta este o declara\u021bie politic\u0103; nu are caracter juridic obligatoriu.\u201d Penultima noastr\u0103 \u00eencercare a avut loc \u00een 2008, c\u00e2nd am spus: \u201eBine, din moment ce invoca\u021bi caracterul politic neobligatoriu al declara\u021biei, iat\u0103 un acord cu caracter juridic obligatoriu care transpune \u00een limbaj juridic acelea\u0219i principii consacrate \u00een cadrul OSCE \u0219i semnate de liderii vo\u0219tri.\u201d Ei au \u201etrecut cu vederea\u201d propunerea, f\u0103r\u0103 m\u0103car s\u0103 o discute. Acela\u0219i lucru s-a \u00eent\u00e2mplat \u0219i cu ultima noastr\u0103 \u00eencercare de a preveni criza ucrainean\u0103. \u00cen decembrie 2021, am propus NATO \u0219i Statelor Unite s\u0103 \u00eencheiem tratate privind securitatea european\u0103 \u00een aceast\u0103 parte a continentului nostru eurasiatic. Din p\u0103cate, astfel de exemple abund\u0103.<\/p>\n<p>S\u0103 ne \u00eentoarcem la problemele ucrainene, din moment ce le-am men\u021bionat. Pe 21 februarie 2014, Germania, Fran\u021ba \u0219i Polonia au garantat, prin semn\u0103turile mini\u0219trilor lor, un acord \u00eentre Viktor Ianukovici \u0219i opozi\u021bie privind alegerile anticipate \u0219i formarea unui guvern de unitate na\u021bional\u0103 \u00eenainte de alegeri. A doua zi diminea\u021b\u0103, pe 22 februarie, opozi\u021bia a ocupat cl\u0103dirile guvernamentale, a ie\u0219it \u00een Maidan \u0219i a declarat: \u201eFelicit\u0103ri \u2013 am creat un \u00abguvern al \u00eenving\u0103torilor!\u00bb\u201d \u0218i \u00een acelea\u0219i zile, 22\u201324 februarie 2014 (citi\u021bi, totul se g\u0103se\u0219te online), Fran\u00e7ois Hollande, pe atunci pre\u0219edinte al Fran\u021bei, Frank-Walter Steinmeier, pe atunci ministru de externe al Germaniei, Angela Merkel, pe atunci cancelar al Germaniei, \u0219i, desigur, William Hague, pe atunci ministru de externe al Marii Britanii, au declarat cu to\u021bii c\u0103 poporul a preluat \u00een sf\u00e2r\u0219it puterea \u00een propriile m\u00e2ini. Ei au sus\u021binut c\u0103 Viktor Ianukovici plecase \u0219i c\u0103 nimeni nu \u0219tia unde se afla. Dar Viktor Ianukovici se afla la congresul partidului s\u0103u din Harkov. Faptul c\u0103 nu era tocmai binevenit acolo este o alt\u0103 problem\u0103. Dar nu fugise; se afla \u00eenc\u0103 \u00een \u021bar\u0103.<\/p>\n<p><strong>\u00centrebare:<\/strong>\u00a0\u0218i dup\u0103 tot ce s-a \u00eent\u00e2mplat, mai credem noi \u00een ei?<\/p>\n<p><strong>Serghei Lavrov:<\/strong>\u00a0A\u0219 face referire la caracterul nostru na\u021bional \u0219i la proverbele care reflect\u0103 \u00eencrederea noastr\u0103 \u00een oameni p\u00e2n\u0103 la cap\u0103t. Dar sf\u00e2r\u0219itul a venit deja.<\/p>\n<p>Dup\u0103 ce a \u00eenceput opera\u021biunea militar\u0103 special\u0103, Occidentul, dep\u0103\u0219indu-\u0219i confuzia ini\u021bial\u0103, s-a angajat ferm pe calea furniz\u0103rii c\u0103tre regimul nazist de la Kiev a unor arme ofensive din ce \u00een ce mai avansate \u0219i din ce \u00een ce mai letale. \u00centr-unul dintre discursurile sale din anul \u00een care a \u00eenceput opera\u021biunea militar\u0103 special\u0103, pre\u0219edintele Vladimir Putin, r\u0103spunz\u00e2nd la \u00eentreb\u0103ri privind pozi\u021bia Occidentului, tr\u0103darea \u0219i duplicitatea acestuia, a afirmat c\u0103 vom fi \u00eentotdeauna dispu\u0219i s\u0103 dialog\u0103m, dar c\u0103 am \u00eenv\u0103\u021bat lec\u021bia \u0219i c\u0103 rela\u021biile noastre cu Occidentul nu vor mai fi niciodat\u0103 a\u0219a cum erau \u00eenainte de februarie 2022.<\/p>\n<p><strong>\u00centrebare:<\/strong>\u00a0Dac\u0103 tot am adus vorba, \u0219eful diploma\u021biei Vaticanului, arhiepiscopul Paul Richard Gallagher, \u0219i directorul CIA, John Ratcliffe, se afl\u0103 am\u00e2ndoi la Moscova s\u0103pt\u0103m\u00e2na aceasta, \u00een aceea\u0219i zi. Ce se \u00eent\u00e2mpl\u0103?<\/p>\n<p><strong>Sergei Lavrov:<\/strong>\u00a0\u0218eful diploma\u021biei Vaticanului \u0219i directorul CIA sunt \u00een vizit\u0103.<\/p>\n<p><strong>\u00centrebare:<\/strong>\u00a0Ce se ascunde \u00een spatele acestor vizite? Ce a\u021bi discutat?<\/p>\n<p><strong>Sergei Lavrov:<\/strong>\u00a0\u00cen ambele cazuri, vizitatorii au venit pentru c\u0103 doreau s\u0103 discute.<\/p>\n<p>Am discutat cu \u0219eful diploma\u021biei Vaticanului, secretarul pentru rela\u021biile cu statele \u0219i organiza\u021biile interna\u021bionale ale Sf\u00e2ntului Scaun, arhiepiscopul Paul Richard Gallagher. Nu au existat secrete \u00eentre noi. Am abordat practic totul ulterior, \u00een cadrul conferin\u021bei de pres\u0103.<\/p>\n<p>Desigur, ace\u0219tia \u0219i-au exprimat interesul de a pune cap\u0103t conflictului din Ucraina c\u00e2t mai repede posibil. \u00cen special, au confirmat \u00eenc\u0103 o dat\u0103 disponibilitatea lor de a contribui la solu\u021bionarea problemelor umanitare.<\/p>\n<p>Cardinalul Matteo Zuppi, pe care Papa Leon al XIV-lea l-a \u00eens\u0103rcinat s\u0103 faciliteze contactele privind problemele umanitare, schimburile de prizonieri \u0219i schimbul de r\u0103m\u0103\u0219i\u021be p\u0103m\u00e2nte\u0219ti \u00eentre Rusia \u0219i Ucraina, ne-a vizitat de mai multe ori.<\/p>\n<p>Dup\u0103 cum \u0219ti\u021bi, comisarul nostru pentru drepturile omului, Yana Lantratova, se afl\u0103 \u00een contact cu omologul s\u0103u ucrainean. Ace\u0219tia folosesc un limbaj practic, depolitizat. Aceast\u0103 abordare ajut\u0103 la rezolvarea problemelor, iar noi o sus\u021binem.<\/p>\n<p>Vaticanul \u0219i-a exprimat disponibilitatea de a contribui la aceste eforturi, la fel cum Melania Trump a ajutat la solu\u021bionarea unei serii de probleme aduse \u00een aten\u021bia sa prin intermediul organiza\u021biilor publice.<\/p>\n<p>Fire\u0219te, av\u00e2nd \u00een vedere interesul domnului Gallagher pentru o solu\u021bionare rapid\u0103 \u2013 aspect pe care l-a subliniat \u00een repetate r\u00e2nduri \u2013, i-am furnizat toate exemplele pe care le discut\u0103m acum cu dumneavoastr\u0103.<\/p>\n<p><strong>\u00centrebare:<\/strong>\u00a0Care a fost r\u0103spunsul dumnealui?<\/p>\n<p><strong>Sergei Lavrov:<\/strong>\u00a0Am subliniat c\u0103 nu ne-a lipsit niciodat\u0103 bun\u0103voin\u021ba \u0219i c\u0103, \u00eenc\u0103 din 2014, am sus\u021binut acordul la care se ajunsese, doar pentru a-l vedea c\u0103lcat \u00een picioare chiar a doua zi diminea\u021b\u0103, sub aplauzele celor care garantaser\u0103 inviolabilitatea acestuia. Un an mai t\u00e2rziu, au urmat acordurile de la Minsk, \u00een cadrul c\u0103rora Rusia a ac\u021bionat ca garant al\u0103turi de europeni \u2013 Angela Merkel \u0219i Fran\u00e7ois Hollande. Acestea au fost sabotate \u00een \u00eentregime, \u00een ciuda faptului c\u0103, \u00een 2019, Emmanuel Macron, care devenise \u00eentre timp pre\u0219edinte al Fran\u021bei, a convocat a\u0219a-numitul \u201eCvartet din Normandia\u201d, al\u0103turi de Vladimir Putin, Angela Merkel \u0219i Vladimir Zelenski, \u0219i am adoptat \u00eenc\u0103 un document. Acesta reafirma necesitatea respect\u0103rii acordurilor de la Minsk, mai ales c\u0103 acestea fuseser\u0103 aprobate de Consiliul de Securitate al ONU.<\/p>\n<p>Mai recent, Angela Merkel, Fran\u00e7ois Hollande \u0219i Piotr Poro\u0219enko au declarat cu to\u021bii c\u0103 nu au avut niciodat\u0103 inten\u021bia de a pune \u00een aplicare vreuna dintre aceste prevederi. Aveau nevoie s\u0103 c\u00e2\u0219tige timp pentru a se \u00eenarma. \u0218i apoi, desigur, au existat manevrele fostului prim-ministru britanic Boris Johnson din aprilie 2022, c\u00e2nd nu a permis ucrainienilor s\u0103 semneze documentul pe care ei \u00een\u0219i\u0219i \u00eel redactaser\u0103 \u0219i \u00eel parafaraser\u0103 \u00een timpul discu\u021biilor de la Istanbul. Acest lucru a fost deosebit de relevant, \u00eentruc\u00e2t interlocutorul meu, Paul Richard Gallagher, este \u0219i el originar din Insulele Britanice.<\/p>\n<p><strong>\u00centrebare:<\/strong>\u00a0\u0218i ce a spus trimisul Vaticanului?<\/p>\n<p><strong>Serghei Lavrov:<\/strong>\u00a0Cred c\u0103 a \u00een\u021beles totul. Pot spune c\u0103 nu a adus niciun contraargument, \u00een afar\u0103 de refrenul general c\u0103 \u201etrebuie s\u0103 punem cap\u0103t acestei situa\u021bii c\u00e2t mai cur\u00e2nd posibil\u201d.<\/p>\n<p>Iat\u0103 ce i-am spus. Ceea ce Occidentul urm\u0103re\u0219te \u00een prezent este o oprire a conflictului de-a lungul liniei de contact, cu un armisti\u021biu, dar f\u0103r\u0103 o pace durabil\u0103. \u00cen acela\u0219i timp, s-a declarat \u00een mod public c\u0103, odat\u0103 ce ostilit\u0103\u021bile vor fi suspendate sau oprite \u00een acest mod, nici Ucraina, nici Occidentul \u2013 cel pu\u021bin \u00een ceea ce prive\u0219te Europa \u2013 nu vor recunoa\u0219te teritoriile aflate sub controlul Rusiei ca parte a Federa\u021biei Ruse, inclusiv \u00een conformitate cu Constitu\u021bia Rusiei. Ei afirm\u0103 chiar cu m\u00e2ndrie c\u0103 trebuie s\u0103 existe mai \u00eent\u00e2i un armisti\u021biu, urmat de eforturi de restabilire a frontierelor din 1991 prin mijloace pa\u0219nice. Apoi, \u201efor\u021bele de stabilizare\u201d ar fi dislocate pe teritoriul care r\u0103m\u00e2ne sub controlul lui Vladimir Zelenski, cu Marea Britanie \u0219i Fran\u021ba \u00een fruntea acestei ini\u021biative, s\u0103 spunem, nebune\u0219ti.<\/p>\n<p>Iar aceste \u201efor\u021be de stabilizare\u201d ar avea, de fapt, rolul de a men\u021bine, consolida \u0219i proteja regimul neonazist \u2013 singurul regim din lume care a interzis o limb\u0103 \u00eentreag\u0103 \u0219i o confesiune canonic\u0103 \u00eentreag\u0103 la nivel legislativ. Mai mult, aceste interdic\u021bii au fost introduse cu mult \u00eenainte de \u00eenceperea opera\u021biunii militare speciale.<\/p>\n<p><strong>\u00centrebare:<\/strong>\u00a0Care a fost reac\u021bia Vaticanului la acest lucru?<\/p>\n<p><strong>Serghei Lavrov:<\/strong>\u00a0L-am \u00eentrebat pe reprezentantul Vaticanului \u00een ce m\u0103sur\u0103 iau \u00een serios aceste drepturi ale omului, inclusiv drepturile religioase. El a spus c\u0103 acest lucru nu este corect. Permite\u021bi-mi s\u0103 fiu sincer \u2013 \u0219i sper c\u0103 nu dezv\u0103lui niciun secret \u2013 ca r\u0103spuns la solicitarea mea, el a promis c\u0103 va transmite un semnal corespunz\u0103tor \u00een contactele sale ulterioare cu ucrainenii.<\/p>\n<p>El vizitase Kievul cu o lun\u0103 \u00eenainte de a veni la Moscova, a\u0219a c\u0103 l-am \u00eentrebat dac\u0103 au abordat aceste chestiuni, deoarece Vaticanul urm\u0103re\u0219te toate evolu\u021biile din sfera religioas\u0103 global\u0103, \u00een r\u00e2ndul tuturor religiilor lumii. Nu aveau cum s\u0103 nu fie la curent cu ceea ce se \u00eent\u00e2mpla. El a recunoscut c\u0103 nu avusese suficient timp.<\/p>\n<p>Cu toate acestea, spun de c\u00e2\u021biva ani c\u0103 aceast\u0103 situa\u021bie este inacceptabil\u0103. M-am referit la Carta ONU, care prevede c\u0103 fiecare trebuie s\u0103 respecte \u0219i s\u0103 garanteze drepturile omului, indiferent de ras\u0103, sex, limb\u0103 sau religie. Cu alte cuvinte, acest lucru se aplic\u0103 direct regimului de la Kiev. \u0218i nimeni, nic\u0103ieri, \u00een niciuna dintre propunerile \u00eenaintate de cei care doresc s\u0103 pun\u0103 cap\u0103t conflictului printr-o astfel de \u201esolu\u021bie just\u0103\u201d \u2013 fie c\u0103 aceste voci provin din Europa sau din alte regiuni ale lumii \u2013 nu men\u021bioneaz\u0103 limba, religia sau drepturile omului.<\/p>\n<p>La un eveniment, dup\u0103 ce am luat cuv\u00e2ntul \u0219i am ridicat din nou aceast\u0103 problem\u0103, unul dintre colegii mei occidentali \u2013 nu-i voi men\u021biona numele sau \u021bara \u2013 s-a apropiat de mine \u00een timp ce beam o cafea \u0219i mi-a spus c\u0103, dac\u0103 ar \u00eencepe negocierile, acest aspect ar face parte din ele. I-am r\u0103spuns c\u0103 acest lucru nu poate face parte dintr-un pachet de negocieri. Este o obliga\u021bie pe care Ucraina trebuie s\u0103 o \u00eendeplineasc\u0103 necondi\u021bionat. Iar cei care conduc \u0219i administreaz\u0103 Ucraina poart\u0103 responsabilitatea direct\u0103 pentru acest lucru.<\/p>\n<p>surs\u0103: Interviul cu <a href=\"https:\/\/mid.ru\/en\/foreign_policy\/news\/2136580\/\" target=\"_blank\" rel=\"noreferrer noopener\">Serghei Lavrov<\/a><\/p>\n<div class=\"tagcloud qt-spacer-m\"><span class=\"qt-title\">Tagged as <\/span><a href=\"https:\/\/radiogoldfm.ro\/tag\/gold-fm\/\" rel=\"tag\">GOLD FM<\/a><a href=\"https:\/\/radiogoldfm.ro\/tag\/romania\/\" rel=\"tag\">romania<\/a><a href=\"https:\/\/radiogoldfm.ro\/tag\/rusia\/\" rel=\"tag\">rusia<\/a><a href=\"https:\/\/radiogoldfm.ro\/tag\/serghei-lavrov\/\" rel=\"tag\">serghei lavrov<\/a><\/div>\n<div class=\"qt-post-author qt-card\">\n<div class=\"row\">\n<div class=\"qt-post-author-data col s10 m7 l7\">\n<h6>Profil<\/h6>\n<h4><a href=\"https:\/\/radiogoldfm.ro\/interviul-ministrului-de-externe-serghei-lavrov-lumea-se-afla-in-prezent-intr-o-etapa-de-transformare-si-schimbari-profunde-generatia-care-traieste-in-prezent-pe-pamant-s-ar-putea-sa-nu-mai-fie-mart\/#author_page\">Gold FM Radio<\/a><\/h4>\n<\/div>\n<div class=\"qt-post-author-link col s12 m3 l4 \"><a href=\"https:\/\/radiogoldfm.ro\/author\/gold-fm\/\" class=\"qt-btn qt-btn-large qt-btn-primary aligncenter\">Arhiva postari<\/a><\/div>\n<\/div>\n<\/div>\n<\/div>\n<p>[analyse_source url=&#8221;https:\/\/radiogoldfm.ro\/interviul-ministrului-de-externe-serghei-lavrov-lumea-se-afla-in-prezent-intr-o-etapa-de-transformare-si-schimbari-profunde-generatia-care-traieste-in-prezent-pe-pamant-s-ar-putea-sa-nu-mai-fie-mart\/&#8221;]<\/p>\n","protected":false},"excerpt":{"rendered":"<p>[analyse_image type=&#8221;featured&#8221; src=&#8221;https:\/\/radiogoldfm.ro\/wp-content\/uploads\/2026\/08\/Interviu-Lavrov.jpghttps:\/\/radiogoldfm.ro\/wp-content\/uploads\/2026\/08\/Interviu-Lavrov.jpg&#8221;] Interviul ministrului de externe\u00a0Serghei Lavrov\u00a0acordat canalului de televiziune RBC, Moscova, 28 august 2026 \u00centrebare:\u00a0Domnule Lavrov, v\u0103 mul\u021bumim foarte mult c\u0103 a\u021bi acceptat s\u0103 discuta\u021bi cu noi. Prima \u00eentrebare este, s-ar putea spune, de natur\u0103 conceptual\u0103 \u2013 privind ordinea mondial\u0103. Anterior, am discutat despre existen\u021ba unei lumi bipolare. Ulterior, dup\u0103 pr\u0103bu\u0219irea URSS, am [&hellip;]<\/p>\n","protected":false},"author":1,"featured_media":0,"comment_status":"open","ping_status":"","sticky":false,"template":"","format":"standard","meta":{"footnotes":""},"categories":[89],"tags":[226,96],"class_list":["post-2118284","post","type-post","status-publish","format-standard","hentry","category-romania","tag-crawlmanager","tag-radiogoldfm-ro"],"_links":{"self":[{"href":"https:\/\/analyse.optim.biz\/index.php?rest_route=\/wp\/v2\/posts\/2118284","targetHints":{"allow":["GET"]}}],"collection":[{"href":"https:\/\/analyse.optim.biz\/index.php?rest_route=\/wp\/v2\/posts"}],"about":[{"href":"https:\/\/analyse.optim.biz\/index.php?rest_route=\/wp\/v2\/types\/post"}],"author":[{"embeddable":true,"href":"https:\/\/analyse.optim.biz\/index.php?rest_route=\/wp\/v2\/users\/1"}],"replies":[{"embeddable":true,"href":"https:\/\/analyse.optim.biz\/index.php?rest_route=%2Fwp%2Fv2%2Fcomments&post=2118284"}],"version-history":[{"count":0,"href":"https:\/\/analyse.optim.biz\/index.php?rest_route=\/wp\/v2\/posts\/2118284\/revisions"}],"wp:attachment":[{"href":"https:\/\/analyse.optim.biz\/index.php?rest_route=%2Fwp%2Fv2%2Fmedia&parent=2118284"}],"wp:term":[{"taxonomy":"category","embeddable":true,"href":"https:\/\/analyse.optim.biz\/index.php?rest_route=%2Fwp%2Fv2%2Fcategories&post=2118284"},{"taxonomy":"post_tag","embeddable":true,"href":"https:\/\/analyse.optim.biz\/index.php?rest_route=%2Fwp%2Fv2%2Ftags&post=2118284"}],"curies":[{"name":"wp","href":"https:\/\/api.w.org\/{rel}","templated":true}]}}