{"id":2118281,"date":"2026-08-28T11:55:00","date_gmt":"2026-08-28T08:55:00","guid":{"rendered":"https:\/\/analyse.optim.biz\/?p=2118281"},"modified":"2026-08-28T11:55:00","modified_gmt":"2026-08-28T08:55:00","slug":"ingerintele-straine-noul-pretext-pentru-a-restrange-libertatea-de-exprimare","status":"publish","type":"post","link":"https:\/\/analyse.optim.biz\/?p=2118281","title":{"rendered":"\u201cIngerin\u021bele str\u0103ine\u201d : noul pretext pentru a restr\u00e2nge libertatea de exprimare"},"content":{"rendered":"<p>[analyse_image type=&#8221;featured&#8221; src=&#8221;https:\/\/radiogoldfm.ro\/wp-content\/uploads\/2026\/08\/ingerintele-straine-noul-pretext-pentru-a-restrange-libertatea-de-exprimare-84325.jpghttps:\/\/radiogoldfm.ro\/wp-content\/uploads\/2026\/08\/ingerintele-straine-noul-pretext-pentru-a-restrange-libertatea-de-exprimare-84325.jpg&#8221;]<\/p>\n<div class=\"qt-the-content\">\n<p>Invocarea constant\u0103 a amenin\u021b\u0103rilor externe \u0219i a \u201er\u0103zboiului hibrid\u201d de c\u0103tre autorit\u0103\u021bile din \u021b\u0103rile europene tinde s\u0103 se transforme \u00eentr-un veritabil instrument de restr\u00e2ngere a libert\u0103\u021bilor. Sub pretextul combaterii dezinform\u0103rii \u0219i a influen\u021belor ostile, autorit\u0103\u021bile \u00ee\u0219i arog\u0103 dreptul de a stabili ce reprezint\u0103 adev\u0103rul \u0219i ce constituie propagand\u0103, restr\u00e2ng\u00e2nd treptat spa\u021biul dezbaterii democratice. Aceast\u0103 dinamic\u0103 periculoas\u0103 risc\u0103 s\u0103-i transforme pe cet\u0103\u021benii europeni din observatori critici \u00een suspec\u021bi, deschiz\u00e2nd calea unor m\u0103suri liberticide, ambalate convenabil \u00een concepte precum \u201eresponsabilitatea\u201d sau \u201evalorile europene\u201d. \u00cen timp ce serviciile franceze de informa\u021bii au anun\u021bat pe 21 august c\u0103 Gabriel Attal, candidatul macronist la pre\u0219edin\u021bie, a fost \u021binta unor noi amestecuri ruse\u0219ti, un editorial publicat \u00een Le Figaro arat\u0103 cum autorit\u0103\u021bile instrumentalizeaz\u0103 ac\u021biuni politice banale pentru a legitima m\u0103suri liberticide.Vineri, 21 august, serviciile franceze de informa\u021bii au anun\u021bat c\u0103 Gabriel Attal, candidatul macronist la presedin\u021bia Fran\u021bei, a fost \u021binta unor noi amestecuri ruse\u0219ti. Obiceiul s-a \u00eemp\u0103m\u00e2ntenit. Ni se tot anun\u021b\u0103 recuren\u021ba lor. Amestecurile str\u0103ine sunt destinate s\u0103 se multiplice, iar unii ar spune, referitor la Rusia, c\u0103 o astfel de atitudine constituie un r\u0103zboi hibrid \u00eempotriva democra\u021biilor liberale. Le suntem recunosc\u0103tori serviciilor de informa\u021bii c\u0103 ne previn de \u00ablupul cel r\u0103u\u00bb. Totu\u0219i, aceast\u0103 atitudine ridic\u0103 semne de \u00eentrebare.Trebuie s\u0103 refuz\u0103m relativismul care ar vrea ca Rusia s\u0103 nu ne fie ostil\u0103, cel pu\u021bin din anumite puncte de vedere. Teoretizarea \u0219i difuzarea unei doctrine antioccidentale reprezint\u0103 un factor determinant \u00een atitudinea Rusiei fa\u021b\u0103 de statele noastre. \u00cen opinia lor, am fi \u00eempotmoli\u021bi \u00eentr-o dinamic\u0103 a de-civiliz\u0103rii din cauza progresismului, a minorit\u0103\u021bilor \u0219i a decaden\u021bei. Cu toate acestea, catastrofismul rusesc \u00een materie nu trebuie s\u0103 ne orbeasc\u0103 cu privire la ceea ce aceast\u0103 instrumentalizare datoreaz\u0103 realit\u0103\u021bii sentimentului care str\u0103bate popoarele europene; iar \u00een aceast\u0103 privin\u021b\u0103, ascensiunea mi\u0219c\u0103rilor na\u021bionaliste st\u0103 m\u0103rturie. Oricum ar fi, Rusia dezvolt\u0103 \u00eentr-adev\u0103r fa\u021b\u0103 de noi o doctrin\u0103 politic\u0103 ostil\u0103 \u0219i, \u00een consecin\u021b\u0103, practici concrete. Ne amintim, spre exemplificare, de tentativele de atacuri cibernetice desf\u0103\u0219urate de grupuri ruse\u0219ti.Totu\u0219i, nu trebuie s\u0103 le exager\u0103m amploarea. Realitatea amestecurilor str\u0103ine este un fapt elementar de \u0219tiin\u021b\u0103 politic\u0103 \u0219i de rela\u021bii interna\u021bionale. Este ca \u0219i cum ai spune c\u0103 \u00een democra\u021bie este o regul\u0103 s\u0103 votezi, c\u0103 un stat are un conduc\u0103tor sau c\u0103 reducerea impozitelor creeaz\u0103 dinamism economic \u2014 de\u0219i liderii no\u0219tri pare s\u0103 fi uitat cel pu\u021bin acest ultim punct. Nu exist\u0103 \u00een aceast\u0103 privin\u021b\u0103 nicio anomalie care s\u0103 necesite altceva dec\u00e2t o vigilen\u021b\u0103 din punct de vedere al securit\u0103\u021bii; \u0219i \u00een niciun caz fatalismul care \u00eenso\u021be\u0219te discursurile alarmiste propagate de o parte a spectrului politic. Acest fapt este cu at\u00e2t mai accentuat \u00eentr-o \u021bar\u0103 comunitarizat\u0103 precum Fran\u021ba, \u00een care popula\u021bii de origine str\u0103in\u0103 fac obiectul unor tentative de influen\u021b\u0103 din partea statului lor de origine. Aceste tentative sunt, ciudat, mai pu\u021bin denun\u021bate, de\u0219i sunt c\u00e2t se poate de reale.Ceea ce este de temut este transformarea unui simplu fapt politic \u00eentr-o panic\u0103 generalizat\u0103. Se spune despre Rassemblement National c\u0103 atrage spaima, dar, \u00een realitate, ceea ce demonstreaz\u0103 argumentul amestecului str\u0103in este c\u0103 o astfel de strategie prive\u0219te toate partidele politice. Toate a\u021b\u00e2\u021b\u0103 frica, toate indic\u0103 un inamic \u2014 acesta fiind, din nou, un fapt politic elementar ce nu apar\u021bine exclusiv vreunui tabere.Riscul const\u0103, de altfel, \u00een manipularea acestei frici pentru a pune la \u00eendoial\u0103 rezultatele unor alegeri. Este deci un element de dezordine pe care \u00eel introducem \u00een spa\u021biul politic prin accentuarea unui pericol totu\u0219i bine st\u0103p\u00e2nit de serviciile noastre de informa\u021bii. Centrul are ca principal\u0103 responsabilitate s\u0103 \u00ee\u0219i analizeze e\u0219ecurile, s\u0103 \u00ee\u0219i \u00eennoiasc\u0103 personalul politic \u0219i s\u0103 conceap\u0103 un nou cadru conceptual adaptat cerin\u021belor tot mai presante ale popoarelor \u00een favoarea schimb\u0103rii, eficien\u021bei, protec\u021biei \u0219i conserv\u0103rii, \u00een fa\u021ba unei lumi tot mai brutale.C\u0103ci aceste acuza\u021bii de amestec beneficiaz\u0103 \u00eentotdeauna acelora\u0219i actori: \u00abrepublicanii\u00bb \u0219i \u00abresponsabilii\u00bb, care nu au ezitat \u00een ultimii ani s\u0103 desf\u0103\u0219oare un iliberalism pe care sunt at\u00e2t de promp\u021bi s\u0103 \u00eel vad\u0103 la al\u021bii \u2014 inten\u021bii de control al re\u021belelor sociale \u0219i al libert\u0103\u021bii de exprimare, exercitarea vertical\u0103 a puterii, dispre\u021bul fa\u021b\u0103 de contraputeri\u2026 De altfel, dac\u0103 rela\u021bia istoric\u0103 a anumitor lideri din Rassemblement National merit\u0103 analizat\u0103, aceea\u0219i vigilen\u021b\u0103 trebuie aplicat\u0103 \u0219i \u00een privin\u021ba extremei st\u00e2ngi, care \u00eentre\u021bine \u00een paralel leg\u0103turi str\u00e2nse cu \u021b\u0103ri \u0219i mi\u0219c\u0103ri la fel de autoritare din America de Sud, Orientul Mijlociu sau, recent, prin vocea liderului de extrema stanga Melenchon, cu China \u2014 al c\u0103rei caracter dictatorial, dup\u0103 spusele sale, nu mai trebuie luat \u00een calcul.Aceast\u0103 retoric\u0103 afi\u0219eaz\u0103 o viziune suspicioas\u0103 \u0219i paternalist\u0103 fa\u021b\u0103 de cet\u0103\u021beni. Presupu\u0219i a fi o turm\u0103 de oi, ei sunt lipsi\u021bi de discern\u0103m\u00e2nt \u0219i ra\u021bionalitate, chiar la baza conceptului de vot \u0219i cet\u0103\u021benie. Din aceast\u0103 perspectiv\u0103, aleg\u0103torul devine un individ pasiv, manipulabil, incapabil s\u0103 deosebeasc\u0103 o informa\u021bie real\u0103 de propagand\u0103. O marionet\u0103 a for\u021belor externe, furia sa nu \u00eei mai apar\u021bine, resentimentul s\u0103u devine artificial, iar votul nu \u00eei mai apar\u021bine \u00een deplin\u0103 con\u0219tiin\u021b\u0103. Aplicat Rusiei, se reia aici argumentul mi\u0219c\u0103rilor de st\u00e2nga din mai \u201968, conform c\u0103ruia manipularea guverna con\u0219tiin\u021bele. Totu\u0219i, a\u0219a cum spunea Raymond Aron, dac\u0103 suntem manipula\u021bi, cine ne garanteaz\u0103 c\u0103 ace\u0219ti oameni ar fi mai pu\u021bin manipula\u021bi dec\u00e2t noi? Nu exist\u0103 alegeri politice gre\u0219ite \u00eentr-o democra\u021bie, \u00een m\u0103sura \u00een care dreptul fiec\u0103rui individ de a decide liber asupra viitorului s\u0103u reprezint\u0103 \u00eens\u0103\u0219i temelia unui sistem democratic.Aceast\u0103 retoric\u0103 privind amestecurile str\u0103ine inspir\u0103, de asemenea, o dinamic\u0103 represiv\u0103 la adresa libert\u0103\u021bii de exprimare, multiplic\u00e2nd inten\u021biile legiuitorului de a restr\u00e2nge tot mai mult exprimarea \u00een numele \u00abra\u021biunii\u00bb, \u00abresponsabilit\u0103\u021bii\u00bb, \u00abvalorilor republicane\u00bb sau al oric\u0103rui alt jargon cu care guvernul ne-a obi\u0219nuit.\u00cen loc s\u0103 se erijeze \u00een Don Quijote al democra\u021biei liberale \u00eempotriva unor gigan\u021bi care nu exist\u0103, Statul ar fi mai bine inspirat s\u0103 revin\u0103 la misiuni mai simple, dar esen\u021biale, cum ar fi sarcina de a ne proteja datele \u2014 sarcin\u0103 la care dovede\u0219te c\u0103 nu se ridic\u0103 la \u00een\u0103l\u021bimea a\u0219tept\u0103rilor.<\/p>\n<p>surs\u0103: Le Figaro<\/p>\n<div class=\"tagcloud qt-spacer-m\"><span class=\"qt-title\">Tagged as <\/span><a href=\"https:\/\/radiogoldfm.ro\/tag\/gold-fm\/\" rel=\"tag\">GOLD FM<\/a><a href=\"https:\/\/radiogoldfm.ro\/tag\/ingerinte-externe\/\" rel=\"tag\">Ingerinte externe<\/a><a href=\"https:\/\/radiogoldfm.ro\/tag\/romania\/\" rel=\"tag\">romania<\/a><\/div>\n<div class=\"qt-post-author qt-card\">\n<div class=\"row\">\n<div class=\"qt-post-author-data col s10 m7 l7\">\n<h6>Profil<\/h6>\n<h4><a href=\"https:\/\/radiogoldfm.ro\/ingerintele-straine-noul-pretext-pentru-a-restrange-libertatea-de-exprimare\/#author_page\">Gold FM Radio<\/a><\/h4>\n<\/div>\n<div class=\"qt-post-author-link col s12 m3 l4 \"><a href=\"https:\/\/radiogoldfm.ro\/author\/gold-fm\/\" class=\"qt-btn qt-btn-large qt-btn-primary aligncenter\">Arhiva postari<\/a><\/div>\n<\/div>\n<\/div>\n<\/div>\n<p>[analyse_source url=&#8221;https:\/\/radiogoldfm.ro\/ingerintele-straine-noul-pretext-pentru-a-restrange-libertatea-de-exprimare\/&#8221;]<\/p>\n","protected":false},"excerpt":{"rendered":"<p>[analyse_image type=&#8221;featured&#8221; src=&#8221;https:\/\/radiogoldfm.ro\/wp-content\/uploads\/2026\/08\/ingerintele-straine-noul-pretext-pentru-a-restrange-libertatea-de-exprimare-84325.jpghttps:\/\/radiogoldfm.ro\/wp-content\/uploads\/2026\/08\/ingerintele-straine-noul-pretext-pentru-a-restrange-libertatea-de-exprimare-84325.jpg&#8221;] Invocarea constant\u0103 a amenin\u021b\u0103rilor externe \u0219i a \u201er\u0103zboiului hibrid\u201d de c\u0103tre autorit\u0103\u021bile din \u021b\u0103rile europene tinde s\u0103 se transforme \u00eentr-un veritabil instrument de restr\u00e2ngere a libert\u0103\u021bilor. Sub pretextul combaterii dezinform\u0103rii \u0219i a influen\u021belor ostile, autorit\u0103\u021bile \u00ee\u0219i arog\u0103 dreptul de a stabili ce reprezint\u0103 adev\u0103rul \u0219i ce constituie propagand\u0103, restr\u00e2ng\u00e2nd treptat spa\u021biul dezbaterii [&hellip;]<\/p>\n","protected":false},"author":1,"featured_media":0,"comment_status":"open","ping_status":"","sticky":false,"template":"","format":"standard","meta":{"footnotes":""},"categories":[89],"tags":[226,96],"class_list":["post-2118281","post","type-post","status-publish","format-standard","hentry","category-romania","tag-crawlmanager","tag-radiogoldfm-ro"],"_links":{"self":[{"href":"https:\/\/analyse.optim.biz\/index.php?rest_route=\/wp\/v2\/posts\/2118281","targetHints":{"allow":["GET"]}}],"collection":[{"href":"https:\/\/analyse.optim.biz\/index.php?rest_route=\/wp\/v2\/posts"}],"about":[{"href":"https:\/\/analyse.optim.biz\/index.php?rest_route=\/wp\/v2\/types\/post"}],"author":[{"embeddable":true,"href":"https:\/\/analyse.optim.biz\/index.php?rest_route=\/wp\/v2\/users\/1"}],"replies":[{"embeddable":true,"href":"https:\/\/analyse.optim.biz\/index.php?rest_route=%2Fwp%2Fv2%2Fcomments&post=2118281"}],"version-history":[{"count":0,"href":"https:\/\/analyse.optim.biz\/index.php?rest_route=\/wp\/v2\/posts\/2118281\/revisions"}],"wp:attachment":[{"href":"https:\/\/analyse.optim.biz\/index.php?rest_route=%2Fwp%2Fv2%2Fmedia&parent=2118281"}],"wp:term":[{"taxonomy":"category","embeddable":true,"href":"https:\/\/analyse.optim.biz\/index.php?rest_route=%2Fwp%2Fv2%2Fcategories&post=2118281"},{"taxonomy":"post_tag","embeddable":true,"href":"https:\/\/analyse.optim.biz\/index.php?rest_route=%2Fwp%2Fv2%2Ftags&post=2118281"}],"curies":[{"name":"wp","href":"https:\/\/api.w.org\/{rel}","templated":true}]}}