{"id":2118230,"date":"2026-08-29T14:46:13","date_gmt":"2026-08-29T11:46:13","guid":{"rendered":"https:\/\/analyse.optim.biz\/?p=2118230"},"modified":"2026-08-29T14:46:13","modified_gmt":"2026-08-29T11:46:13","slug":"echipele-lui-jose-mourinho-si-cristian-chivu-vor-fi-adversare-in-8-septembrie","status":"publish","type":"post","link":"https:\/\/analyse.optim.biz\/?p=2118230","title":{"rendered":"Echipele lui Jose Mourinho \u0219i Cristian Chivu vor fi adversare \u00een 8 septembrie"},"content":{"rendered":"<p>[analyse_image type=&#8221;featured&#8221; src=&#8221;https:\/\/cdn.adh.reperio.news\/image-0\/07105af9-2c7b-448b-b31c-9a2ae3116e10\/index.jpeg?p=f%3Djpeg%26w%3D1200%26h%3D630%26r%3Dcover&#8221;]<\/p>\n<article class=\"svelte-x63bga\">\n<nav>\n<ul class=\"breadcrump svelte-1pk9a69\">\n<li class=\"svelte-1pk9a69\"><a href=\"https:\/\/adevarul.ro\/\" title=\"Adev\u0103rul\" class=\"svelte-1pk9a69\">Home<\/a><\/li>\n<li class=\"svelte-1pk9a69\"><a href=\"https:\/\/adevarul.ro\/sport\" class=\"svelte-1pk9a69\">Sport<\/a><\/li>\n<li class=\"svelte-1pk9a69\"><a href=\"https:\/\/adevarul.ro\/sport\/echipele-lui-jose-mourinho-si-cristian-chivu-vor-2552874.html\" class=\"svelte-1pk9a69\"> Echipele lui Jose Mourinho \u0219i Cristian Chivu vor fi adversare \u00een 8 septembrie<\/a><\/li>\n<\/ul>\n<\/nav>\n<p><main class=\"svelte-x63bga\"><\/p>\n<p>Inter Milano, echipa antrenorului rom\u00e2n Cristian Chivu, va debuta \u00een noua edi\u0163ie a Ligii Campionilor la fotbal \u00een 8 septembrie, c\u00e2nd va \u00eenfrunta \u00een deplasare forma\u0163ia spaniol\u0103 Real Madrid, preg\u0103tit\u0103 de portughezul Jose Mourinho, conform calendarului dat publicit\u0103\u0163ii s\u00e2mb\u0103t\u0103 de UEFA. Cei doi au lucrat \u00eempreun\u0103 la forma\u021bia italian\u0103, \u00eentre 2008 \u0219i 2010. <\/p>\n<div class=\"container-image  svelte-1xbw4f3\"><source type=\"image\/webp\" srcset=\"https:\/\/cdn.adh.reperio.news\/image-0\/07105af9-2c7b-448b-b31c-9a2ae3116e10\/index.jpeg?p=a%3D1%26co%3D1.05%26w%3D1400%26h%3D750%26r%3Dcontain%26f%3Dwebp 1400w\" media=\"(min-width: 1400px)\" \/><\/p>\n<div class=\"caption svelte-1xbw4f3\"><span class=\"captionText svelte-1xbw4f3\">Jose Mourinho a fost antrenorul lui Cristi Chivu la Inter Milano <span class=\"source svelte-1xbw4f3\">Foto: EPAImages<\/span><\/span><\/div>\n<\/div>\n<p>Meciul de pe stadionul Bernabeu, dintre fosta \u015fi actuala echip\u0103 a lui<a href=\"https:\/\/adevarul.ro\/sport\/jose-mourinho-a-fost-prezentat-oficial-la-real-2550792.html\"> Mourihno<\/a>, va \u00eencepe la ora 22.00 (ora Rom\u00e2niei). \u00cen 2010, portughezul a c\u00e2\u015ftigat Liga Campionilor cu Inter Milano, av\u00e2ndu-l \u00een echip\u0103 pe Cristian Chivu.<\/p>\n<p>Dup\u0103 duelul cu madrilenii, <a href=\"https:\/\/adevarul.ro\/sport\/inter-recital-la-debutul-in-noul-sezon-din-serie-2551536.html\">Inter Milano<\/a> va mai \u00eenfrunte forma\u0163iile FC Bruges (13 octombrie, acas\u0103), \u015eahtior Done\u0163k (21 octombrie, pe teren propriu), Feneynoord Roterdam (3 noiembrie, \u00een deplasare), VfB Stuttgart (25 noiembrie, pe teren propriu), Borussia Dortmund (9 decembrie, \u00een deplasare), FC Liverpool (19 ianuarie, pe teren propriu) \u015fi Slovan Bratislava (27 ianuarie, \u00een deplasare).<\/p>\n<p>Cristi Chivu a declarat dup\u0103 tragerea la sor\u021bi de joi seara: \u201eLiga Campionilor este o competi\u0163ie care reune\u015fte ceea ce e mai bun din fotbalul european. Toate meciurile sunt dificile, iar edi\u0163iile recente au confirmat c\u0103 nimic nu poate fi luat de bun. Ne confrunt\u0103m cu ni\u015fte cluburi de top. Vor fi opt meciuri foarte dificile, \u00een care vom \u00eencerca s\u0103 scoatem maximum din noi \u00een\u015fine \u015fi s\u0103 ne dovedim competitivi&#8221;.<\/p>\n<p>Real Madrid, cea mai titrat\u0103 echip\u0103 din istoria celei mai importante competi\u0163ii continentale intercluburi, urmeaz\u0103 s\u0103 mai joace la r\u00e2ndul ei \u00een faza principal\u0103 din Champions League cu AS Roma (14 octombrie, \u00een deplasare), RB Leipzig (21 octombrie, pe teren propriu), AEK Atena (4 noiembrie, \u00een deplasare), PSV Eindhoven (24 noiembrie, pe teren propriu), Arsenal Londra (9 decembrie, \u00een deplasare), LASK Linz (19 ianuarie, pe teren propriu) \u015fi \u015eahtior Done\u0163k (27 ianuarie, la Londra, pe Stamford Bridge).<\/p>\n<p><b>Programul primei etape a Ligii Campionilor edi\u0163ia 2026\/2027:<\/b><\/p>\n<p><b>Mar\u0163i 8 septembrie 2026<\/b><\/p>\n<p>AEK Atena &#8211; LASK Linz<\/p>\n<p>FC Bruges &#8211; Aston Villa<\/p>\n<p>Borussia Dortmund &#8211; Villarreal<\/p>\n<p>FC Porto &#8211; Manchester City<\/p>\n<p>Lille OSC &#8211; Betis Sevilla<\/p>\n<p>Real Madrid &#8211; Inter Milano<\/p>\n<p><b>Miercuri 9 septembrie 2026<\/b><\/p>\n<p>FC Barcelona &#8211; Feyenoord Rotterdam<\/p>\n<p>VfB Stuttgart Viking FK<\/p>\n<p>FC Liverpool &#8211; Atletico Madrid<\/p>\n<p>Paris Saint-Germain &#8211; Slovan Bratislava<\/p>\n<p>Sporting Lisabona &#8211; Galatasaray Istanbul<\/p>\n<p>SSC Napoli &#8211; Arsenal Londra<\/p>\n<p><b>Joi 10 septembrie 2026<\/b><\/p>\n<p>Fenerbahce Istanbul &#8211; AS Roma<\/p>\n<p>PSV Eindhoven &#8211; \u015eahtior Done\u0163k<\/p>\n<p>Como &#8211; RB Leipzig<\/p>\n<p>Bayern Munchen &#8211; FK Bodo\/Glimt<\/p>\n<p>Manchester United &#8211; Sabah FC<\/p>\n<p>Slavia Praga &#8211; RC Lens<\/p>\n<p><\/main><\/p>\n<footer class=\"svelte-x63bga\">\n<div class=\"related-wrap related-footer svelte-78g0vl\"><span class=\"related-label svelte-78g0vl\">Cite\u0219te \u0219i<\/span><a class=\"related svelte-78g0vl\" data-gtrack=\"{&quot;event&quot;:&quot;utm_click&quot;,&quot;data&quot;:{&quot;event_category&quot;:&quot;article_related&quot;}}\" href=\"https:\/\/adevarul.ro\/sport\/portughezul-jose-mourinho-a-semnat-pentru-trei-ani-2536067.html\" title=\"Alt articol de interes pentru tine\"><img decoding=\"async\" class=\"thumb svelte-78g0vl\" src=\"https:\/\/cdn.adh.reperio.news\/image-d\/d0f0089a-8b22-4858-b315-a32e0d0d05c5\/index.jpeg?p=f%3Dwebp%26w%3D120%26h%3D80%26r%3Dcover%26a%3D0\" alt loading=\"lazy\" width=\"80\" height=\"54\"><span class=\"title svelte-78g0vl\">Portughezul Jose Mourinho a semnat pentru trei ani cu Real Madrid<\/span><\/a><a class=\"related svelte-78g0vl\" data-gtrack=\"{&quot;event&quot;:&quot;utm_click&quot;,&quot;data&quot;:{&quot;event_category&quot;:&quot;article_related&quot;}}\" href=\"https:\/\/adevarul.ro\/sport\/inter-ataca-piata-transferurilor-defensiva-de-2546118.html\" title=\"Alt articol de interes pentru tine\"><img decoding=\"async\" class=\"thumb svelte-78g0vl\" src=\"https:\/\/cdn.adh.reperio.news\/image-7\/7016e14c-c792-4ddc-9666-bc9afb0539e8\/index.jpeg?p=f%3Dwebp%26w%3D120%26h%3D80%26r%3Dcover%26a%3D0\" alt loading=\"lazy\" width=\"80\" height=\"54\"><span class=\"title svelte-78g0vl\">Inter atac\u0103 pia\u021ba transferurilor! Defensiv\u0103 de fier pentru Cristi Chivu, cu trei staruri din Premier League<\/span><\/a><a class=\"related svelte-78g0vl\" data-gtrack=\"{&quot;event&quot;:&quot;utm_click&quot;,&quot;data&quot;:{&quot;event_category&quot;:&quot;article_related&quot;}}\" href=\"https:\/\/adevarul.ro\/sport\/juventus-inter-milano-1-2-cristi-chivu-2548570.html\" title=\"Alt articol de interes pentru tine\"><img decoding=\"async\" class=\"thumb svelte-78g0vl\" src=\"https:\/\/cdn.adh.reperio.news\/image-3\/3f03f3c0-3c69-4b40-8a71-9bbed406f535\/index.jpeg?p=f%3Dwebp%26w%3D120%26h%3D80%26r%3Dcover%26a%3D0\" alt loading=\"lazy\" width=\"80\" height=\"54\"><span class=\"title svelte-78g0vl\">Juventus &#8211; Inter Milano, 1-2. Cristi Chivu, nemul\u021bumit: \u201eNe lipse\u0219te condi\u021bia fizic\u0103!\u201d. C\u00e2nd \u0219i cu cine joac\u0103 ultimul amical<\/span><\/a><\/div>\n<div class=\"meta svelte-x63bga\">\n<div class=\"authors svelte-x63bga\"><span class=\"names svelte-x63bga\"><a href=\"https:\/\/adevarul.ro\/author\/2133\" rel=\"author\" class=\"svelte-x63bga\">Valentin-Marian Burlacu<\/a><\/span><\/p>\n<div class=\"_hydratable\" data-props=\"%7B%22showLive%22%3Atrue%7D\" data-context=\"%7B%22parentBlockColumnCount%22%3A%7B%22value%22%3A0%2C%22type%22%3A%22store%2Freadable%22%7D%2C%22parentBlockBackgroundColor%22%3A%7B%22type%22%3A%22store%2Freadable%22%7D%7D\" data-component=\"ShareButton\">\n<div class=\"shareButtons svelte-itwbrr\">\n<div class=\"liveSessions metaFont svelte-1maxmbf\"><span class=\"value svelte-1maxmbf\">1<\/span> live <\/div>\n<\/div>\n<\/div>\n<\/div>\n<div class=\"tags svelte-1l3vwp1\"><span class=\"tags-label metaFont svelte-1l3vwp1\">Cite\u0219te mai multe despre<\/span><\/p>\n<div class=\"tags-list svelte-1l3vwp1\"><a href=\"https:\/\/adevarul.ro\/tag\/real%20madrid\" title=\"Ultimele \u0219tiri despre real madrid\" class=\"tag-pill svelte-1l3vwp1\">real madrid<\/a><a href=\"https:\/\/adevarul.ro\/tag\/inter%20milano\" title=\"Ultimele \u0219tiri despre inter milano\" class=\"tag-pill svelte-1l3vwp1\">inter milano<\/a><a href=\"https:\/\/adevarul.ro\/tag\/cristi%20chivu\" title=\"Ultimele \u0219tiri despre cristi chivu\" class=\"tag-pill svelte-1l3vwp1\">cristi chivu<\/a><a href=\"https:\/\/adevarul.ro\/tag\/jose%20mourinho\" title=\"Ultimele \u0219tiri despre jose mourinho\" class=\"tag-pill svelte-1l3vwp1\">jose mourinho<\/a><\/div>\n<\/div>\n<\/div>\n<p><a class=\"moreFromCategory svelte-x63bga\" href=\"https:\/\/adevarul.ro\/sport\" title=\"Sport\">Mai multe din <strong class=\"svelte-x63bga\">Sport<\/strong> \u203a<\/a><\/footer>\n<\/article>\n<p>[analyse_source url=&#8221;https:\/\/adevarul.ro\/sport\/echipele-lui-jose-mourinho-si-cristian-chivu-vor-2552874.html&#8221;]<\/p>\n","protected":false},"excerpt":{"rendered":"<p>[analyse_image type=&#8221;featured&#8221; src=&#8221;https:\/\/cdn.adh.reperio.news\/image-0\/07105af9-2c7b-448b-b31c-9a2ae3116e10\/index.jpeg?p=f%3Djpeg%26w%3D1200%26h%3D630%26r%3Dcover&#8221;] Home Sport Echipele lui Jose Mourinho \u0219i Cristian Chivu vor fi adversare \u00een 8 septembrie Inter Milano, echipa antrenorului rom\u00e2n Cristian Chivu, va debuta \u00een noua edi\u0163ie a Ligii Campionilor la fotbal \u00een 8 septembrie, c\u00e2nd va \u00eenfrunta \u00een deplasare forma\u0163ia spaniol\u0103 Real Madrid, preg\u0103tit\u0103 de portughezul Jose Mourinho, conform calendarului dat [&hellip;]<\/p>\n","protected":false},"author":1,"featured_media":0,"comment_status":"open","ping_status":"","sticky":false,"template":"","format":"standard","meta":{"footnotes":""},"categories":[89],"tags":[19,226],"class_list":["post-2118230","post","type-post","status-publish","format-standard","hentry","category-romania","tag-adevarul","tag-crawlmanager"],"_links":{"self":[{"href":"https:\/\/analyse.optim.biz\/index.php?rest_route=\/wp\/v2\/posts\/2118230","targetHints":{"allow":["GET"]}}],"collection":[{"href":"https:\/\/analyse.optim.biz\/index.php?rest_route=\/wp\/v2\/posts"}],"about":[{"href":"https:\/\/analyse.optim.biz\/index.php?rest_route=\/wp\/v2\/types\/post"}],"author":[{"embeddable":true,"href":"https:\/\/analyse.optim.biz\/index.php?rest_route=\/wp\/v2\/users\/1"}],"replies":[{"embeddable":true,"href":"https:\/\/analyse.optim.biz\/index.php?rest_route=%2Fwp%2Fv2%2Fcomments&post=2118230"}],"version-history":[{"count":0,"href":"https:\/\/analyse.optim.biz\/index.php?rest_route=\/wp\/v2\/posts\/2118230\/revisions"}],"wp:attachment":[{"href":"https:\/\/analyse.optim.biz\/index.php?rest_route=%2Fwp%2Fv2%2Fmedia&parent=2118230"}],"wp:term":[{"taxonomy":"category","embeddable":true,"href":"https:\/\/analyse.optim.biz\/index.php?rest_route=%2Fwp%2Fv2%2Fcategories&post=2118230"},{"taxonomy":"post_tag","embeddable":true,"href":"https:\/\/analyse.optim.biz\/index.php?rest_route=%2Fwp%2Fv2%2Ftags&post=2118230"}],"curies":[{"name":"wp","href":"https:\/\/api.w.org\/{rel}","templated":true}]}}