{"id":211821,"date":"2014-02-19T22:43:49","date_gmt":"2014-02-19T19:43:49","guid":{"rendered":"https:\/\/analyse.optim.biz\/?p=211821"},"modified":"2014-02-19T22:43:49","modified_gmt":"2014-02-19T19:43:49","slug":"emil-hurezeanu-klaus-iohannis-poate-sa-fie-un-releu-de-raliere-a-fortelor-de-dreapta","status":"publish","type":"post","link":"https:\/\/analyse.optim.biz\/?p=211821","title":{"rendered":"Emil Hurezeanu: Klaus Iohannis poate s\u0103 fie un releu de raliere a for\u021belor de dreapta"},"content":{"rendered":"<div class=\"entry data-app-meta data-app-meta-article\" data-embed-base-url-canonical=\"https:\/\/www.digi24.ro\/embed\/stiri\/actualitate\/politica\/emil-hurezeanu-klaus-iohannis-poate-sa-fie-un-releu-de-raliere-a-fortelor-de-dreapta-203139\">\n<p data-index=\"1\">\u201e<span>Nu exist\u0103 \u00een c\u00e2mpul politic activ din Rom\u00e2nia un personaj cu notorietatea deja notabil\u0103 a domnului Iohannis, dar, mai ales, cu poten\u021bialul de \u00eenaintare pe care \u00eel are primarul sas al ora\u0219ului Sibiu\u201d, a spus Emil Hurezeanu.<\/span><\/p>\n<p data-index=\"2\">\u201e<span>Este o foarte bun\u0103 alegere. <em><strong>G\u00e2ndi\u021bi-v\u0103 \u0219i la posibilitatea unei ralieri la dreapta, prin ipoteza ie\u0219irii liberalilor din coali\u021bie.<\/strong><\/em> Se duc spre dreapta, nu se vor alia de la \u00eenceput, dar fac o tab\u0103r\u0103 comun\u0103 cel pu\u021bin \u00een dreapta topografic\u0103 a Parlamentului\u201d, a ad\u0103ugat jurnalistul.<\/span><\/p>\n<p data-index=\"3\">Potrivit acestuia, Klaus Iohannis ar putea fi, \u00een cazul destr\u0103m\u0103rii coali\u021biei aflate la guvernare, candidatul dreptei la alegerile preziden\u021biale. <\/p>\n<p data-index=\"4\">\u201e<span><em><strong>Iohannis, chiar mai mult dec\u00e2t Antonescu, poate s\u0103 fie un releu de raliere a for\u021belor de dreapta \u0219i dac\u0103 ar candida \u00een numele dreptei la alegerile preziden\u021biale, \u0219i dac\u0103 ar r\u0103m\u00e2ne un frunta\u0219 politic<\/strong><\/em>. Pentru c\u0103, de fapt,<em><strong> \u00een jurul acestui nume se va coagula succesul fractur\u0103rii coali\u021biei de guvernare.<\/strong><\/em> Este un succes mai mare dec\u00e2t au \u00eencercat sau vor reu\u0219i, p\u00e2n\u0103 la alegerile preziden\u021biale, cei care fac parte din dreapta pro-B\u0103sescu\u201d, a precizat Emil Hurezeanu.<\/span><\/p>\n<p data-index=\"5\">Pe de alt\u0103 parte, dac\u0103 premierul Victor Ponta accept\u0103 propunerea liberalilor \u0219i ca actualul primar al Sibiului s\u0103 fie \u0219i vicepremier \u0219i USL nu se rupe, Crin Antonescu \u201e\u00ee\u0219i \u00eent\u0103re\u0219te pozi\u021bia \u00een coali\u021bie\u201d, a mai spus jurnalistul.\u00a0<\/p>\n<\/div>\n<p> Source URL: https:\/\/www.digi24.ro\/stiri\/actualitate\/politica\/emil-hurezeanu-klaus-iohannis-poate-sa-fie-un-releu-de-raliere-a-fortelor-de-dreapta-203139<\/p>\n","protected":false},"excerpt":{"rendered":"<p>\u201eNu exist\u0103 \u00een c\u00e2mpul politic activ din Rom\u00e2nia un personaj cu notorietatea deja notabil\u0103 a domnului Iohannis, dar, mai ales, cu poten\u021bialul de \u00eenaintare pe care \u00eel are primarul sas al ora\u0219ului Sibiu\u201d, a spus Emil Hurezeanu. \u201eEste o foarte bun\u0103 alegere. G\u00e2ndi\u021bi-v\u0103 \u0219i la posibilitatea unei ralieri la dreapta, prin ipoteza ie\u0219irii liberalilor din [&hellip;]<\/p>\n","protected":false},"author":1,"featured_media":211822,"comment_status":"open","ping_status":"","sticky":false,"template":"","format":"standard","meta":{"footnotes":""},"categories":[2],"tags":[11],"class_list":["post-211821","post","type-post","status-publish","format-standard","has-post-thumbnail","hentry","category-politics","tag-digi24"],"_links":{"self":[{"href":"https:\/\/analyse.optim.biz\/index.php?rest_route=\/wp\/v2\/posts\/211821","targetHints":{"allow":["GET"]}}],"collection":[{"href":"https:\/\/analyse.optim.biz\/index.php?rest_route=\/wp\/v2\/posts"}],"about":[{"href":"https:\/\/analyse.optim.biz\/index.php?rest_route=\/wp\/v2\/types\/post"}],"author":[{"embeddable":true,"href":"https:\/\/analyse.optim.biz\/index.php?rest_route=\/wp\/v2\/users\/1"}],"replies":[{"embeddable":true,"href":"https:\/\/analyse.optim.biz\/index.php?rest_route=%2Fwp%2Fv2%2Fcomments&post=211821"}],"version-history":[{"count":0,"href":"https:\/\/analyse.optim.biz\/index.php?rest_route=\/wp\/v2\/posts\/211821\/revisions"}],"wp:featuredmedia":[{"embeddable":true,"href":"https:\/\/analyse.optim.biz\/index.php?rest_route=\/wp\/v2\/media\/211822"}],"wp:attachment":[{"href":"https:\/\/analyse.optim.biz\/index.php?rest_route=%2Fwp%2Fv2%2Fmedia&parent=211821"}],"wp:term":[{"taxonomy":"category","embeddable":true,"href":"https:\/\/analyse.optim.biz\/index.php?rest_route=%2Fwp%2Fv2%2Fcategories&post=211821"},{"taxonomy":"post_tag","embeddable":true,"href":"https:\/\/analyse.optim.biz\/index.php?rest_route=%2Fwp%2Fv2%2Ftags&post=211821"}],"curies":[{"name":"wp","href":"https:\/\/api.w.org\/{rel}","templated":true}]}}