{"id":2118205,"date":"2026-08-28T19:56:25","date_gmt":"2026-08-28T16:56:25","guid":{"rendered":"https:\/\/analyse.optim.biz\/?p=2118205"},"modified":"2026-08-28T19:56:25","modified_gmt":"2026-08-28T16:56:25","slug":"simona-radis-si-adriana-adam-au-cucerit-titlul-mondial-la-dublu-rame","status":"publish","type":"post","link":"https:\/\/analyse.optim.biz\/?p=2118205","title":{"rendered":"Simona Radi\u0219 \u0219i Adriana Adam au cucerit titlul mondial la dublu rame"},"content":{"rendered":"<p>[analyse_image type=&#8221;featured&#8221; src=&#8221;https:\/\/cdn.adh.reperio.news\/image-e\/ed914851-250e-422e-8ebb-0a741f505b26\/index.png?p=f%3Djpeg%26w%3D1200%26h%3D630%26r%3Dcover&#8221;]<\/p>\n<article class=\"svelte-x63bga\">\n<nav>\n<ul class=\"breadcrump svelte-1pk9a69\">\n<li class=\"svelte-1pk9a69\"><a href=\"https:\/\/adevarul.ro\/\" title=\"Adev\u0103rul\" class=\"svelte-1pk9a69\">Home<\/a><\/li>\n<li class=\"svelte-1pk9a69\"><a href=\"https:\/\/adevarul.ro\/sport\" class=\"svelte-1pk9a69\">Sport<\/a><\/li>\n<li class=\"svelte-1pk9a69\"><a href=\"https:\/\/adevarul.ro\/sport\/simona-radis-si-adriana-adam-au-cucerit-titlul-2552783.html\" class=\"svelte-1pk9a69\">Simona Radi\u0219 \u0219i Adriana Adam au cucerit titlul mondial la dublu rame<\/a><\/li>\n<\/ul>\n<\/nav>\n<p><main class=\"svelte-x63bga\"><\/p>\n<p>Rom\u00e2nia a cucerit prima medaliae de aur la Campionatul Mondial de canotaj de la Amterdam, la dublu rame feminin. \u00cem proba similar\u0103 masculin\u0103, reprezentan\u021bii \u021b\u0103rii noastre au ocupat locul 4 \u00een final\u0103. <\/p>\n<div class=\"container-image  svelte-1xbw4f3\"><source type=\"image\/webp\" srcset=\"https:\/\/cdn.adh.reperio.news\/image-e\/ed914851-250e-422e-8ebb-0a741f505b26\/index.png?p=a%3D1%26co%3D1.05%26w%3D1400%26h%3D750%26r%3Dcontain%26f%3Dwebp 1400w\" media=\"(min-width: 1400px)\" \/><\/p>\n<div class=\"caption svelte-1xbw4f3\"><span class=\"captionText svelte-1xbw4f3\">Adriana Adam \u0219i Simona Radi\u0219 au dominat proba de dublu rame <span class=\"source svelte-1xbw4f3\">Foto: FR de Canotaj \/ Balint Czucz<\/span><\/span><\/div>\n<\/div>\n<p>Adriana Adam \u0219i Simona Radi\u0219 <a href=\"https:\/\/adevarul.ro\/sport\/romania-a-mai-calificat-trei-barci-in-finalele-2552570.html\">au fost cele mai rapide<\/a>, fiind cronometrate \u00een 6 minute, 49 de secunde \u0219i 86 de sutimi. Pe locurile urm\u0103toare s-au clasat Fran\u021ba (6:56,21) \u0219i Statele Unite ale Americii (6:59,76).<\/p>\n<p>Rom\u00e2ncele au stabilit \u0219i un nou record mondial, dobor\u00e2ndu-l pe cel de\u021binut de britanicele Helen Glover \u0219i Heather Stanning, din 2014, tot pe lacul Bosbaan. Radi\u0219 a cucerit a \u0219asea sa medalie de aur la Mondialele de seniori.<\/p>\n<div class=\"container-image  svelte-1xbw4f3\"><source type=\"image\/webp\" srcset=\"https:\/\/cdn.adh.reperio.news\/image-d\/decb9546-a225-40fc-b74a-d1251a53c334\/index.png?p=a%3D1%26co%3D1.05%26w%3D1400%26h%3D750%26r%3Dcontain%26f%3Dwebp 1400w\" media=\"(min-width: 1400px)\" \/><\/p>\n<div class=\"caption svelte-1xbw4f3\"><span class=\"captionText svelte-1xbw4f3\">Simona Radi\u0219 \u0219i Adriana Adam au cucerit \u0219i titlul european anul acesta <span class=\"source svelte-1xbw4f3\">Foto: FR de Canotaj \/ Balint Czucz<\/span><\/span><\/div>\n<\/div>\n<p>Pe pagina de Facebook a Comitetului Olimpic \u015fi Sportiv Rom\u00e2n (COSR) s-a postat un mesaj de felicitare: \u201eSimona Radi\u0219 \u0219i Adriana Adam sunt campioane mondiale \u00een barca de dublu rame. Rom\u00e2ncele au reu\u0219it s\u0103 treac\u0103 primele linia de sosire \u00een finala de la Amsterdam dup\u0103 o curs\u0103 \u00een care adversarele au \u021binut ritmul cu ele jum\u0103tate de pist\u0103. Marii campioni se definesc \u00een ultima mie, sau, mai cu seam\u0103, pe fini\u0219ul de 500 m. Simona \u0219i Adriana au v\u00e2slit \u00een ritmul lor, viteza a fost men\u021binut\u0103, iar la final clasa celor dou\u0103 a \u00eenchis clasamentul. Finala a fost c\u00e2\u0219tigat\u0103 \u00een 6:49.86, tricolorele au fost urmate pe podium de Statele Unite \u0219i Chile. Fran\u021ba. Aceasta este a 20-a medalie de aur la mondiale pentru Rom\u00e2nia \u00een aceast\u0103 prob\u0103 \u0219i al 8-lea aur pentru barca de dublu rame. Simona Radi\u0219 \u0219i-a pus la g\u00e2t al 6-lea titlu mondial din carier\u0103 \u0219i mai are curse de c\u00e2\u0219tigat la Amsterdam. Pentru Adriana e al 3-lea aur mondial, primul \u00eentr-o barc\u0103 mic\u0103 dup\u0103 cele dou\u0103 titluri cu barca de 8+1. Felicit\u0103ri fetelor, antrenorilor \u0219i celor care le sus\u021bin!\u201d <\/p>\n<div class=\"container-image  svelte-1xbw4f3\"><source type=\"image\/webp\" srcset=\"https:\/\/cdn.adh.reperio.news\/image-b\/b61387b6-d63f-403c-869f-a4452142a4f4\/index.png?p=a%3D1%26co%3D1.05%26w%3D1400%26h%3D750%26r%3Dcontain%26f%3Dwebp 1400w\" media=\"(min-width: 1400px)\" \/><\/p>\n<div class=\"caption svelte-1xbw4f3\"><span class=\"captionText svelte-1xbw4f3\">Rom\u00e2ncele au stabilit \u0219i un nou record mondial <span class=\"source svelte-1xbw4f3\">Foto: FR de Canotaj \/ Balint Czucz<\/span><\/span><\/div>\n<\/div>\n<p>Dup\u0103 final\u0103, Simona Radi\u0219 a declarat: \u201eSuntem fericite \u015fi recunosc\u0103toare. Este primul aur mondial \u00een aceast\u0103 formul\u0103. Dar cu siguran\u0163\u0103 nu va fi ultimul\u201d.<\/p>\n<p>La dublu rame masculin, \u0218tefan Constantin Berariu \u0219i Florin Sorin Lehaci s-au clasat pe locul al patrulea \u00een final\u0103 (6:24,35), dup\u0103 Noua Zeeland\u0103 (6:16,62), Australia (6:18,50) \u0219i Italia (6:19,68).<\/p>\n<p>Mihai Chiru\u021b\u0103 s-a calificat \u00een semifinalele probei de schif simplu masculin, dup\u0103 ce a ocupat locul al treilea \u00een al patrulea sfert de final\u0103 (6:50,44). La schif simplu feminin, Bianca Ifteni a fost a cincea \u00een al treilea sfert de final\u0103 (7:38,23) \u0219i va evolua \u00een Finala C.<\/p>\n<p>La dublu v\u00e2sle masculin, <a href=\"https:\/\/adevarul.ro\/sport\/andrei-cornea-si-marian-enache-vor-fi-din-nou-in-2550705.html\">Andrei Cornea \u0219i Marian Enache<\/a> au \u00eencheiat pe locul \u0219ase (ultimul) Finala B (6:21,94).<\/p>\n<p><\/main><\/p>\n<footer class=\"svelte-x63bga\">\n<div class=\"related-wrap related-footer svelte-78g0vl\"><span class=\"related-label svelte-78g0vl\">Cite\u0219te \u0219i<\/span><a class=\"related svelte-78g0vl\" data-gtrack=\"{&quot;event&quot;:&quot;utm_click&quot;,&quot;data&quot;:{&quot;event_category&quot;:&quot;article_related&quot;}}\" href=\"https:\/\/adevarul.ro\/sport\/romania-a-dominat-finalele-de-la-81-alte-doua-2547234.html\" title=\"Alt articol de interes pentru tine\"><img decoding=\"async\" class=\"thumb svelte-78g0vl\" src=\"https:\/\/cdn.adh.reperio.news\/image-b\/b8f76bac-9f0c-4472-9bf9-7bbbdb776d0d\/index.jpeg?p=f%3Dwebp%26w%3D120%26h%3D80%26r%3Dcover%26a%3D0\" alt loading=\"lazy\" width=\"80\" height=\"54\"><span class=\"title svelte-78g0vl\">Rom\u00e2nia a dominat finalele de la 8+1. Alte patru medalii de aur!<\/span><\/a><a class=\"related svelte-78g0vl\" data-gtrack=\"{&quot;event&quot;:&quot;utm_click&quot;,&quot;data&quot;:{&quot;event_category&quot;:&quot;article_related&quot;}}\" href=\"https:\/\/adevarul.ro\/sport\/10-pentru-radis-messi-din-canotaj-a-ajuns-la-2547273.html\" title=\"Alt articol de interes pentru tine\"><img decoding=\"async\" class=\"thumb svelte-78g0vl\" src=\"https:\/\/cdn.adh.reperio.news\/image-a\/a727142b-a7a5-4123-b5f8-2c658ad5bee8\/index.jpeg?p=f%3Dwebp%26w%3D120%26h%3D80%26r%3Dcover%26a%3D0\" alt loading=\"lazy\" width=\"80\" height=\"54\"><span class=\"title svelte-78g0vl\">10 pentru Radi\u0219. \u201eMessi din canotaj\u201d a ajuns la zece titluri europene!<\/span><\/a><a class=\"related svelte-78g0vl\" data-gtrack=\"{&quot;event&quot;:&quot;utm_click&quot;,&quot;data&quot;:{&quot;event_category&quot;:&quot;article_related&quot;}}\" href=\"https:\/\/adevarul.ro\/sport\/ionela-si-marius-cozmiuc-i-au-premiat-pe-juniorii-2550532.html\" title=\"Alt articol de interes pentru tine\"><img decoding=\"async\" class=\"thumb svelte-78g0vl\" src=\"https:\/\/cdn.adh.reperio.news\/image-8\/810f42b1-6b74-449d-ab93-d1d3db28631a\/index.jpeg?p=f%3Dwebp%26w%3D120%26h%3D80%26r%3Dcover%26a%3D0\" alt loading=\"lazy\" width=\"80\" height=\"54\"><span class=\"title svelte-78g0vl\">Ionela \u0219i Marius Cozmiuc i-au premiat pe juniorii care au excelat la CN de canotaj<\/span><\/a><\/div>\n<div class=\"meta svelte-x63bga\">\n<div class=\"authors svelte-x63bga\"><span class=\"names svelte-x63bga\"><a href=\"https:\/\/adevarul.ro\/author\/2133\" rel=\"author\" class=\"svelte-x63bga\">Valentin-Marian Burlacu<\/a><\/span><\/p>\n<div class=\"_hydratable\" data-props=\"%7B%22showLive%22%3Atrue%7D\" data-context=\"%7B%22parentBlockColumnCount%22%3A%7B%22value%22%3A0%2C%22type%22%3A%22store%2Freadable%22%7D%2C%22parentBlockBackgroundColor%22%3A%7B%22type%22%3A%22store%2Freadable%22%7D%7D\" data-component=\"ShareButton\">\n<div class=\"shareButtons svelte-itwbrr\">\n<div class=\"liveSessions metaFont svelte-1maxmbf\"><span class=\"value svelte-1maxmbf\">1<\/span> live <\/div>\n<\/div>\n<\/div>\n<\/div>\n<div class=\"tags svelte-1l3vwp1\"><span class=\"tags-label metaFont svelte-1l3vwp1\">Cite\u0219te mai multe despre<\/span><\/p>\n<div class=\"tags-list svelte-1l3vwp1\"><a href=\"https:\/\/adevarul.ro\/tag\/canotaj\" title=\"Ultimele \u0219tiri despre canotaj\" class=\"tag-pill svelte-1l3vwp1\">canotaj<\/a><a href=\"https:\/\/adevarul.ro\/tag\/simona%20radi%C8%99\" title=\"Ultimele \u0219tiri despre simona radi\u0219\" class=\"tag-pill svelte-1l3vwp1\">simona radi\u0219<\/a><a href=\"https:\/\/adevarul.ro\/tag\/campionatul%20mondial%20de%20canotaj\" title=\"Ultimele \u0219tiri despre campionatul mondial de canotaj\" class=\"tag-pill svelte-1l3vwp1\">campionatul mondial de canotaj<\/a><\/div>\n<\/div>\n<\/div>\n<p><a class=\"moreFromCategory svelte-x63bga\" href=\"https:\/\/adevarul.ro\/sport\" title=\"Sport\">Mai multe din <strong class=\"svelte-x63bga\">Sport<\/strong> \u203a<\/a><\/footer>\n<\/article>\n<p>[analyse_source url=&#8221;https:\/\/adevarul.ro\/sport\/simona-radis-si-adriana-adam-au-cucerit-titlul-2552783.html&#8221;]<\/p>\n","protected":false},"excerpt":{"rendered":"<p>[analyse_image type=&#8221;featured&#8221; src=&#8221;https:\/\/cdn.adh.reperio.news\/image-e\/ed914851-250e-422e-8ebb-0a741f505b26\/index.png?p=f%3Djpeg%26w%3D1200%26h%3D630%26r%3Dcover&#8221;] Home Sport Simona Radi\u0219 \u0219i Adriana Adam au cucerit titlul mondial la dublu rame Rom\u00e2nia a cucerit prima medaliae de aur la Campionatul Mondial de canotaj de la Amterdam, la dublu rame feminin. \u00cem proba similar\u0103 masculin\u0103, reprezentan\u021bii \u021b\u0103rii noastre au ocupat locul 4 \u00een final\u0103. Adriana Adam \u0219i Simona Radi\u0219 au [&hellip;]<\/p>\n","protected":false},"author":1,"featured_media":0,"comment_status":"open","ping_status":"","sticky":false,"template":"","format":"standard","meta":{"footnotes":""},"categories":[89],"tags":[19,226],"class_list":["post-2118205","post","type-post","status-publish","format-standard","hentry","category-romania","tag-adevarul","tag-crawlmanager"],"_links":{"self":[{"href":"https:\/\/analyse.optim.biz\/index.php?rest_route=\/wp\/v2\/posts\/2118205","targetHints":{"allow":["GET"]}}],"collection":[{"href":"https:\/\/analyse.optim.biz\/index.php?rest_route=\/wp\/v2\/posts"}],"about":[{"href":"https:\/\/analyse.optim.biz\/index.php?rest_route=\/wp\/v2\/types\/post"}],"author":[{"embeddable":true,"href":"https:\/\/analyse.optim.biz\/index.php?rest_route=\/wp\/v2\/users\/1"}],"replies":[{"embeddable":true,"href":"https:\/\/analyse.optim.biz\/index.php?rest_route=%2Fwp%2Fv2%2Fcomments&post=2118205"}],"version-history":[{"count":0,"href":"https:\/\/analyse.optim.biz\/index.php?rest_route=\/wp\/v2\/posts\/2118205\/revisions"}],"wp:attachment":[{"href":"https:\/\/analyse.optim.biz\/index.php?rest_route=%2Fwp%2Fv2%2Fmedia&parent=2118205"}],"wp:term":[{"taxonomy":"category","embeddable":true,"href":"https:\/\/analyse.optim.biz\/index.php?rest_route=%2Fwp%2Fv2%2Fcategories&post=2118205"},{"taxonomy":"post_tag","embeddable":true,"href":"https:\/\/analyse.optim.biz\/index.php?rest_route=%2Fwp%2Fv2%2Ftags&post=2118205"}],"curies":[{"name":"wp","href":"https:\/\/api.w.org\/{rel}","templated":true}]}}