{"id":2118173,"date":"2026-08-29T13:41:30","date_gmt":"2026-08-29T10:41:30","guid":{"rendered":"https:\/\/analyse.optim.biz\/?p=2118173"},"modified":"2026-08-29T13:41:30","modified_gmt":"2026-08-29T10:41:30","slug":"motogp-2026-gp-di-spagna-ad-aragon-ufficiale-guido-pini-arriva-in-moto2-dal-2027-correra-con-la-boscoscuro-di-speedrs-video","status":"publish","type":"post","link":"https:\/\/analyse.optim.biz\/?p=2118173","title":{"rendered":"MotoGP 2026. GP di Spagna ad Aragon. Ufficiale: Guido Pini arriva in Moto2! Dal 2027 correr\u00e0 con la Boscoscuro di SpeedRS [VIDEO]"},"content":{"rendered":"<div class=\"atxt atxt--first \" id=\"part-1649755\">\n<p><span class=\"atxt-dropcap\">I<\/span>l <strong>team SpeedRS<\/strong> ha ufficializzato l&#8217;arrivo di <strong>Guido Pini<\/strong>, che dalla prossima stagione far\u00e0 il salto in <strong>Moto2 <\/strong>con un <strong>contratto biennale.<\/strong><\/p>\n<p>Il giovane talento italiano lascer\u00e0 quindi la Moto3, categoria nella quale quest&#8217;anno \u00e8 riuscito a <a href=\"https:\/\/www.moto.it\/MotoGP\/motogp-2026-gp-del-brasile-guido-pini-vince-sua-prima-gara-moto3-riporta-litalia-gradino-piu-alto-podio-risultati.html?_gl=1*wgj5sr*_up*MQ..*_ga*MTY4MDg5NjE3Ni4xNzg4MDA2ODMw*_ga_9HD1K76044*czE3ODgwMDY4MzEkbzEkZzAkdDE3ODgwMDY4MzEkajYwJGwwJGgw\">conquistare la sua prima vittoria\u00a0ad Austin<\/a>.<\/p>\n<p>Il passaggio in Moto2 potrebbe rappresentare anche un&#8217;opportunit\u00e0 importante dal punto di vista <strong>fisico<\/strong>. Pini, che ha raggiunto un&#8217;altezza di circa<strong> 1,80 m<\/strong>, \u00e8 infatti un pilota particolarmente alto per gli standard della Moto3 e le dimensioni compatte delle moto della categoria possono rappresentare <strong>un limite<\/strong> sempre maggiore con la crescita fisica.<\/p>\n<p>Per il classe 2008 sar\u00e0 una <strong>nuova fase della carriera<\/strong>, con una moto pi\u00f9 grande e potente e la possibilit\u00e0 di sfruttare maggiormente il proprio fisico, oltre a continuare il processo di crescita gi\u00e0 iniziato in Moto3.<\/p>\n<\/div>\n<div class=\"atxt  \" id=\"part-1649748\">\n<h2 class=\"atxt-title\">\n            Le parole di Pini e del team<br \/>\n        <\/h2>\n<p><strong><span class=\"cms-first-letter\">G<\/span>uido Pini:<\/strong><\/p>\n<p>&#8220;Sono entusiasta di entrare a far parte del Team SpeedRS per la prossima stagione, una squadra impegnata nel Campionato del Mondo Moto2. Vorrei ringraziare Luca Boscoscuro per l&#8217;opportunit\u00e0 e per la fiducia dimostrata nel darmi la possibilit\u00e0 di fare il salto di categoria. Non vedo l&#8217;ora di affrontare questa nuova sfida e dar\u00f2 il massimo fin dal primo giorno per continuare a imparare e migliorare costantemente&#8221;<\/p>\n<p><strong>Luca Boscoscuro:<\/strong><\/p>\n<p>&#8220;Siamo lieti di annunciare Guido Pini come nostro pilota per le stagioni 2027 e 2028. Crediamo nel suo potenziale e siamo convinti che abbia le qualit\u00e0 per crescere insieme alla nostra squadra e affrontare questa nuova sfida con noi. Avere Guido con noi per due anni ci permetter\u00e0 di lavorare con continuit\u00e0 e di creare le condizioni ideali per sviluppare appieno il suo talento&#8221;<\/p>\n<\/div>\n","protected":false},"excerpt":{"rendered":"<p>Il team SpeedRS ha ufficializzato l&#8217;arrivo di Guido Pini, che dalla prossima stagione far\u00e0 il salto in Moto2 con un contratto biennale. Il giovane talento italiano lascer\u00e0 quindi la Moto3, categoria nella quale quest&#8217;anno \u00e8 riuscito a conquistare la sua prima vittoria\u00a0ad Austin. Il passaggio in Moto2 potrebbe rappresentare anche un&#8217;opportunit\u00e0 importante dal punto di [&hellip;]<\/p>\n","protected":false},"author":1,"featured_media":0,"comment_status":"open","ping_status":"","sticky":false,"template":"","format":"standard","meta":{"footnotes":""},"categories":[1],"tags":[226,238],"class_list":["post-2118173","post","type-post","status-publish","format-standard","hentry","category-uncategorized","tag-crawlmanager","tag-moto-it"],"_links":{"self":[{"href":"https:\/\/analyse.optim.biz\/index.php?rest_route=\/wp\/v2\/posts\/2118173","targetHints":{"allow":["GET"]}}],"collection":[{"href":"https:\/\/analyse.optim.biz\/index.php?rest_route=\/wp\/v2\/posts"}],"about":[{"href":"https:\/\/analyse.optim.biz\/index.php?rest_route=\/wp\/v2\/types\/post"}],"author":[{"embeddable":true,"href":"https:\/\/analyse.optim.biz\/index.php?rest_route=\/wp\/v2\/users\/1"}],"replies":[{"embeddable":true,"href":"https:\/\/analyse.optim.biz\/index.php?rest_route=%2Fwp%2Fv2%2Fcomments&post=2118173"}],"version-history":[{"count":0,"href":"https:\/\/analyse.optim.biz\/index.php?rest_route=\/wp\/v2\/posts\/2118173\/revisions"}],"wp:attachment":[{"href":"https:\/\/analyse.optim.biz\/index.php?rest_route=%2Fwp%2Fv2%2Fmedia&parent=2118173"}],"wp:term":[{"taxonomy":"category","embeddable":true,"href":"https:\/\/analyse.optim.biz\/index.php?rest_route=%2Fwp%2Fv2%2Fcategories&post=2118173"},{"taxonomy":"post_tag","embeddable":true,"href":"https:\/\/analyse.optim.biz\/index.php?rest_route=%2Fwp%2Fv2%2Ftags&post=2118173"}],"curies":[{"name":"wp","href":"https:\/\/api.w.org\/{rel}","templated":true}]}}