{"id":2118172,"date":"2026-08-29T16:15:15","date_gmt":"2026-08-29T13:15:15","guid":{"rendered":"https:\/\/analyse.optim.biz\/?p=2118172"},"modified":"2026-08-29T16:15:15","modified_gmt":"2026-08-29T13:15:15","slug":"motogp-2026-gp-di-spagna-ad-aragon-marco-bezzecchi-pole-e-3-nella-sprint-sono-contento-rimanere-vicino-ai-fratelli-marquez-qui-e-una-cosa-positiva","status":"publish","type":"post","link":"https:\/\/analyse.optim.biz\/?p=2118172","title":{"rendered":"MotoGP 2026. GP di Spagna ad Aragon. Marco Bezzecchi, pole e 3\u00b0 nella Sprint: &#8220;Sono contento, rimanere vicino ai fratelli Marquez qui \u00e8 una cosa positiva&#8221;"},"content":{"rendered":"<div class=\"atxt atxt--first \" id=\"part-1649899\">\n<p><span class=\"atxt-dropcap\">D<\/span>opo aver <a href=\"https:\/\/www.moto.it\/MotoGP\/motogp-2026-gp-di-spagna-ad-aragon-marco-bezzecchi-e-aprilia-ne-hanno-di-piu-pole-record-davanti-a-marc-marquez-classifica.html\">conquistato la pole position<\/a>, <strong>Marco Bezzecchi<\/strong> ha chiuso al <a href=\"https:\/\/www.moto.it\/MotoGP\/motogp-2026-gp-di-spagna-ad-aragon-marc-marquez-vince-la-sprint-perfetto-alla-prima-staccata-classifica.html\">terzo posto la Sprint<\/a>, preceduto dai fratelli Marquez.<\/p>\n<p>Il pilota Aprilia ammette che una <strong>partenza migliore<\/strong> avrebbe potuto <strong>aiutarlo<\/strong>, ma non considera quello l&#8217;unico motivo del risultato, guardando anche al ritmo dei due piloti Ducati.<\/p>\n<p>Il Bez \u00e8 comunque <strong>soddisfatto <\/strong>del suo sabato, anche se <a href=\"https:\/\/www.moto.it\/MotoGP\/motogp-2026-gp-di-spagna-ad-aragon-marco-bezzecchi-soffro-ancora-parecchio-ginocchio-sinistro-infortunio-richiede-tempo.html\">continua a fare i conti con il dolore al ginocchio sinistro<\/a>.<\/p>\n<p>Ecco le sue parole:<\/p>\n<p><strong>La prima curva \u00e8 stata decisiva? Con la gomma morbida dovevi essere davanti per riuscire a gestire il resto della gara?<\/strong><\/p>\n<p>&#8220;Essere davanti avrebbe sicuramente aiutato. Non so per\u00f2 se sia l&#8217;unico motivo per cui ho finito terzo. Quello che so \u00e8 che oggi il mio ritmo era questo. Magari se fossi stato davanti sarebbe cambiato qualcosa, ma il mio passo sarebbe stato comunque quello e penso che gli altri fossero un po&#8217; pi\u00f9 veloci. Sicuramente in prima curva avrei dovuto fare qualcosa di meglio, ma sono comunque contento del risultato perch\u00e9 per me \u00e8 importante. Una giornata cos\u00ec \u00e8 positiva&#8221;<\/p>\n<p><strong>Come stai fisicamente?<\/strong><\/p>\n<p>&#8220;Spero di sentirmi meglio&#8221;<\/p>\n<p><strong>Qual \u00e8 il problema principale?<\/strong><\/p>\n<p>&#8220;Il ginocchio sinistro&#8221;<\/p>\n<p><strong>C&#8217;era la possibilit\u00e0 di utilizzare la gomma media o avevi gi\u00e0 deciso di correre con la morbida?<\/strong><\/p>\n<p>&#8220;Adesso \u00e8 facile dire che la media sarebbe stata migliore, ma sinceramente questa possibilit\u00e0 non mi \u00e8 mai venuta davvero in mente. Mi ero trovato bene con la morbida e avevo lavorato bene con quella gomma per tutta la giornata, quindi ero abbastanza convinto della scelta. Non sono sicuro che con la media avrei potuto fare molto meglio. Anzi, onestamente sono pi\u00f9 convinto che avrei potuto fare peggio. Per me\u00a0la scelta \u00e8 stata giusta&#8221;<\/p>\n<p><strong>Cosa significa questo risultato in vista di domani?<\/strong><\/p>\n<p>&#8220;Significa che dobbiamo provare a fare uno step&#8221;<\/p>\n<p><strong>Ti sei divertito oggi in sella alla moto o \u00e8 stato difficile?<\/strong><\/p>\n<p>&#8220;No, mi sono divertito. \u00c8 stato difficile, ma mi sono divertito. Mi \u00e8 piaciuto sia questa mattina che questo pomeriggio. Devo dire che il bilancio della giornata per me \u00e8 stato molto, molto positivo. Rimanere vicino ai fratelli Marquez qui ad Aragon, per me, \u00e8 una cosa positiva. E abbiamo ancora una giornata, quindi magari posso avvicinarmi ancora&#8221;<\/p>\n<p><strong>Il fatto che ci siano pi\u00f9 curve a sinistra rende la situazione pi\u00f9 difficile per il tuo ginocchio?<\/strong><\/p>\n<p>&#8220;Sicuramente \u00e8 un po&#8217; pi\u00f9 doloroso&#8221;<\/p>\n<\/div>\n","protected":false},"excerpt":{"rendered":"<p>Dopo aver conquistato la pole position, Marco Bezzecchi ha chiuso al terzo posto la Sprint, preceduto dai fratelli Marquez. Il pilota Aprilia ammette che una partenza migliore avrebbe potuto aiutarlo, ma non considera quello l&#8217;unico motivo del risultato, guardando anche al ritmo dei due piloti Ducati. Il Bez \u00e8 comunque soddisfatto del suo sabato, anche [&hellip;]<\/p>\n","protected":false},"author":1,"featured_media":0,"comment_status":"open","ping_status":"","sticky":false,"template":"","format":"standard","meta":{"footnotes":""},"categories":[1],"tags":[226,238],"class_list":["post-2118172","post","type-post","status-publish","format-standard","hentry","category-uncategorized","tag-crawlmanager","tag-moto-it"],"_links":{"self":[{"href":"https:\/\/analyse.optim.biz\/index.php?rest_route=\/wp\/v2\/posts\/2118172","targetHints":{"allow":["GET"]}}],"collection":[{"href":"https:\/\/analyse.optim.biz\/index.php?rest_route=\/wp\/v2\/posts"}],"about":[{"href":"https:\/\/analyse.optim.biz\/index.php?rest_route=\/wp\/v2\/types\/post"}],"author":[{"embeddable":true,"href":"https:\/\/analyse.optim.biz\/index.php?rest_route=\/wp\/v2\/users\/1"}],"replies":[{"embeddable":true,"href":"https:\/\/analyse.optim.biz\/index.php?rest_route=%2Fwp%2Fv2%2Fcomments&post=2118172"}],"version-history":[{"count":0,"href":"https:\/\/analyse.optim.biz\/index.php?rest_route=\/wp\/v2\/posts\/2118172\/revisions"}],"wp:attachment":[{"href":"https:\/\/analyse.optim.biz\/index.php?rest_route=%2Fwp%2Fv2%2Fmedia&parent=2118172"}],"wp:term":[{"taxonomy":"category","embeddable":true,"href":"https:\/\/analyse.optim.biz\/index.php?rest_route=%2Fwp%2Fv2%2Fcategories&post=2118172"},{"taxonomy":"post_tag","embeddable":true,"href":"https:\/\/analyse.optim.biz\/index.php?rest_route=%2Fwp%2Fv2%2Ftags&post=2118172"}],"curies":[{"name":"wp","href":"https:\/\/api.w.org\/{rel}","templated":true}]}}