{"id":2118146,"date":"2026-08-27T04:51:17","date_gmt":"2026-08-27T01:51:17","guid":{"rendered":"https:\/\/analyse.optim.biz\/?p=2118146"},"modified":"2026-08-27T04:51:17","modified_gmt":"2026-08-27T01:51:17","slug":"un-sofer-a-intrat-in-coliziune-directa-cu-o-masina-de-politie-un-agent-un-copil-si-un-barbat-au-ajuns-la","status":"publish","type":"post","link":"https:\/\/analyse.optim.biz\/?p=2118146","title":{"rendered":"Un \u0219ofer a intrat \u00een coliziune direct\u0103 cu o ma\u0219in\u0103 de poli\u021bie. Un agent, un copil \u0219i un b\u0103rbat au ajuns la"},"content":{"rendered":"<p>[analyse_image type=&#8221;featured&#8221; src=&#8221;https:\/\/renasterea.ro\/ro\/wp-content\/uploads\/2026\/08\/accident-politie-arad.jpeghttps:\/\/renasterea.ro\/ro\/wp-content\/uploads\/2026\/08\/accident-politie-arad.jpeg&#8221;]<\/p>\n<div class=\"entry-content\"><img loading=\"lazy\" decoding=\"async\" width=\"800\" height=\"452\" src=\"https:\/\/renasterea.ro\/ro\/wp-content\/uploads\/2026\/08\/accident-politie-arad-800x452.jpeg\" class=\"attachment-medium size-medium wp-post-image\" alt=\"Un \u0219ofer a intrat \u00een coliziune direct\u0103 cu o ma\u0219in\u0103 de poli\u021bie. Un agent, un copil \u0219i un b\u0103rbat au ajuns la spital\" title=\"Un \u0219ofer a intrat \u00een coliziune direct\u0103 cu o ma\u0219in\u0103 de poli\u021bie. Un agent, un copil \u0219i un b\u0103rbat au ajuns la spital 1\"><\/p>\n<h4>Un copil \u015fi doi b\u0103rba\u0163i au fost r\u0103ni\u0163i \u015fi transporta\u0163i la spital, dup\u0103 ce ma\u015fina \u00een care se aflau s-a ciocnit cu o autospecial\u0103 de poli\u0163ie, miercuri sear\u0103, \u00een zona central\u0103 a municipiului Arad.<\/h4>\n<p>La volanul autospecialei de poli\u0163ie se afla un agent de 24 de ani, care circula pe strada Corneliu Coposu.<\/p>\n<p>Potrivit unui comunicat de pres\u0103 transmis de Inspectoratul de Poli\u0163ie Jude\u0163ean Arad, coliziunea a avut loc la intersec\u0163ia cu strada \u015etefan Augustin Doina\u015f.<\/p>\n<p>\u201e\u00cen urma impactului, au fost transporta\u0163i la spital un b\u0103rbat de 31 de ani, \u015foferul autoturismului, un copil \u015fi un b\u0103rbat de 48 de ani, ocupant al autospecialei de poli\u0163ie. Testarea cu aparatele din dotare a avut rezultat zero pentru consum de alcool \u015fi substan\u0163e psihoactive, pentru ambii \u015foferi\u201d, a precizat IPJ Arad.<\/p>\n<p>Poli\u0163i\u015ftii face cercet\u0103ri pentru stabilirea \u00eemprejur\u0103rilor care au dus la producerea accidentului, \u00eentr-un dosar penal \u00eentocmit pentru v\u0103t\u0103mare corporal\u0103 din culp\u0103.<\/p>\n<\/div>\n<p>[analyse_source url=&#8221;https:\/\/renasterea.ro\/un-sofer-a-intrat-in-coliziune-directa-cu-o-masina-de-politie-un-agent-un-copil-si-un-barbat-au-ajuns-la-spital\/&#8221;]<\/p>\n","protected":false},"excerpt":{"rendered":"<p>[analyse_image type=&#8221;featured&#8221; src=&#8221;https:\/\/renasterea.ro\/ro\/wp-content\/uploads\/2026\/08\/accident-politie-arad.jpeghttps:\/\/renasterea.ro\/ro\/wp-content\/uploads\/2026\/08\/accident-politie-arad.jpeg&#8221;] Un copil \u015fi doi b\u0103rba\u0163i au fost r\u0103ni\u0163i \u015fi transporta\u0163i la spital, dup\u0103 ce ma\u015fina \u00een care se aflau s-a ciocnit cu o autospecial\u0103 de poli\u0163ie, miercuri sear\u0103, \u00een zona central\u0103 a municipiului Arad. La volanul autospecialei de poli\u0163ie se afla un agent de 24 de ani, care circula pe strada Corneliu [&hellip;]<\/p>\n","protected":false},"author":1,"featured_media":0,"comment_status":"open","ping_status":"","sticky":false,"template":"","format":"standard","meta":{"footnotes":""},"categories":[89],"tags":[226,188],"class_list":["post-2118146","post","type-post","status-publish","format-standard","hentry","category-romania","tag-crawlmanager","tag-renasterea-ro"],"_links":{"self":[{"href":"https:\/\/analyse.optim.biz\/index.php?rest_route=\/wp\/v2\/posts\/2118146","targetHints":{"allow":["GET"]}}],"collection":[{"href":"https:\/\/analyse.optim.biz\/index.php?rest_route=\/wp\/v2\/posts"}],"about":[{"href":"https:\/\/analyse.optim.biz\/index.php?rest_route=\/wp\/v2\/types\/post"}],"author":[{"embeddable":true,"href":"https:\/\/analyse.optim.biz\/index.php?rest_route=\/wp\/v2\/users\/1"}],"replies":[{"embeddable":true,"href":"https:\/\/analyse.optim.biz\/index.php?rest_route=%2Fwp%2Fv2%2Fcomments&post=2118146"}],"version-history":[{"count":0,"href":"https:\/\/analyse.optim.biz\/index.php?rest_route=\/wp\/v2\/posts\/2118146\/revisions"}],"wp:attachment":[{"href":"https:\/\/analyse.optim.biz\/index.php?rest_route=%2Fwp%2Fv2%2Fmedia&parent=2118146"}],"wp:term":[{"taxonomy":"category","embeddable":true,"href":"https:\/\/analyse.optim.biz\/index.php?rest_route=%2Fwp%2Fv2%2Fcategories&post=2118146"},{"taxonomy":"post_tag","embeddable":true,"href":"https:\/\/analyse.optim.biz\/index.php?rest_route=%2Fwp%2Fv2%2Ftags&post=2118146"}],"curies":[{"name":"wp","href":"https:\/\/api.w.org\/{rel}","templated":true}]}}