{"id":2118101,"date":"2026-08-29T12:25:26","date_gmt":"2026-08-29T09:25:26","guid":{"rendered":"https:\/\/analyse.optim.biz\/?p=2118101"},"modified":"2026-08-29T12:25:26","modified_gmt":"2026-08-29T09:25:26","slug":"marcel-ciolacu-vrea-un-brand-pentru-judetul-buzau","status":"publish","type":"post","link":"https:\/\/analyse.optim.biz\/?p=2118101","title":{"rendered":"Marcel Ciolacu vrea un brand pentru jude\u021bul Buz\u0103u"},"content":{"rendered":"<p>[analyse_image type=&#8221;featured&#8221; src=&#8221;https:\/\/revistaverde.ro\/wp-content\/uploads\/2026\/08\/2-banare.png&#8221;]<\/p>\n<article id=\"post-15855\" class=\"post-15855 post type-post status-publish format-standard has-post-thumbnail hentry category-eco-turism category-evnimente category-international category-turism\">\n<header class=\"entry-header mh-clearfix\">\n<h1 class=\"entry-title\">Marcel Ciolacu vrea un brand pentru jude\u021bul Buz\u0103u<\/h1>\n<p class=\"mh-meta entry-meta\"><span class=\"entry-meta-date updated\"><a href=\"https:\/\/revistaverde.ro\/2026\/08\/\">august 29, 2026<\/a><\/span><span class=\"entry-meta-author author vcard\"><a class=\"fn\" href=\"https:\/\/revistaverde.ro\/author\/revistaverdefrumoasa2017\/\">M\u0103rg\u0103rit GROSU<\/a><\/span><span class=\"entry-meta-categories\"><a href=\"https:\/\/revistaverde.ro\/category\/local\/eco-turism\/\" rel=\"category tag\">Eco Turism<\/a>, <a href=\"https:\/\/revistaverde.ro\/category\/local\/evnimente\/\" rel=\"category tag\">Evenimente<\/a>, <a href=\"https:\/\/revistaverde.ro\/category\/international\/\" rel=\"category tag\">international<\/a>, <a href=\"https:\/\/revistaverde.ro\/category\/turism\/\" rel=\"category tag\">TURISM<\/a><\/span><span class=\"entry-meta-comments\"><a class=\"mh-comment-scroll\" href=\"https:\/\/revistaverde.ro\/2026\/08\/29\/marcel-ciolacu-vrea-un-brand-pentru-judetul-buzau\/#mh-comments\">0<\/a><\/span><\/p>\n<\/header>\n<div class=\"entry-content mh-clearfix\">\n<figure class=\"entry-thumbnail\"><img decoding=\"async\" src=\"https:\/\/revistaverde.ro\/wp-content\/uploads\/2026\/08\/2-banare-678x381.png\" alt title=\"2 banare\"><\/figure>\n<p>Pre\u0219edintele Consiliului Jude\u021bean Buz\u0103u, Marcel Ciolacu, vrea s\u0103 comande un brand pentru jude\u021bul Buz\u0103u, uit\u00e2nd c\u0103 are deja cel mai tare brand din lume, este vorba despre \u021ainutul Buz\u0103ului. Noi ced\u0103m sloganul: TUMULTUOS \u0218I LIBER!<\/p>\n<p><strong>\u021aINUTUL BUZ\u0102ULUI R\u0102M\u00c2NE. \u00ceI D\u0102M \u00ceNS\u0102 VOCE:<br \/>TUMULTUOS \u0218I LIBER<\/strong><\/p>\n<p><em>De ce \u00eent\u0103rim brandul existent cu noul slogan de pozi\u021bionare<\/em><\/p>\n<p>\u021ainutul Buz\u0103ului exist\u0103. Nu ca proiect pe h\u00e2rtie, ci ca realitate vie, recunoscut\u0103 UNESCO, b\u0103tut\u0103 de pa\u0219ii a sute de mii de turi\u0219ti care vin anual s\u0103 vad\u0103 Vulcanii Noroio\u0219i, s\u0103 asculte focurile vii de la Lop\u0103tari, s\u0103 se piard\u0103 pe c\u0103r\u0103rile din Geoparc. Brandul \u021ainutul Buz\u0103ului este deja un capital de \u00eencredere. Nu venim s\u0103-l \u00eenlocuim. Venim s\u0103-l facem s\u0103 vorbeasc\u0103 mai tare.<\/p>\n<p><strong>1. Nu schimb\u0103m, ci \u00eemplinim<\/strong>.<\/p>\n<p>\u00cen ultimii ani, \u021ainutul Buz\u0103ului a fost promovat corect, dar incomplet. Am ar\u0103tat peisajul, dar nu am spus ce sim\u021bi c\u00e2nd e\u0219ti acolo. Am ar\u0103tat vulcanii, dar nu am numit for\u021ba care \u00eei face s\u0103 fiarb\u0103. Ast\u0103zi, turi\u0219tii nu mai caut\u0103 doar locuri frumoase. Caut\u0103 locuri cu caracter.<\/p>\n<p>De aceea propunem \u00eent\u0103rirea brandului existent prin ad\u0103ugarea unui slogan oficial de pozi\u021bionare: TUMULTUOS \u0218I LIBER. Logo-ul r\u0103m\u00e2ne acela\u0219i, recunoscut \u0219i iubit. Sloganul \u00eei d\u0103 direc\u021bie \u0219i emo\u021bie.<\/p>\n<p><strong>2. De ce TUMULTUOS \u0218I LIBER? Pentru c\u0103 a\u0219a este adev\u0103rul geologic \u0219i uman.<\/strong><\/p>\n<p>TUMULTUOS este cel mai onest cuv\u00e2nt pentru Buz\u0103u. Este singurul jude\u021b din Rom\u00e2nia unde p\u0103m\u00e2ntul fierbe la suprafa\u021b\u0103. Unde noroiul erupe, focul iese din piatr\u0103, dealurile se mi\u0219c\u0103, trovan\u021bii cresc. Nimic aici nu e static. Este un \u021binut viu, nelini\u0219tit, \u00een continu\u0103 facere.<\/p>\n<p>\u0218I LIBER, pentru c\u0103 \u00een ciuda acestui tumult, Buz\u0103ul a r\u0103mas ne\u00eembl\u00e2nzit. Nu e un peisaj de carte po\u0219tal\u0103 cosmetizat. E s\u0103lbatic, autentic, l\u0103sat s\u0103 fie el \u00eensu\u0219i. Iar oamenii lui la fel \u2013 liberi, direc\u021bi, ospitalieri f\u0103r\u0103 protocol. Este libertatea pe care o sim\u021bi c\u00e2nd te urci pe Istri\u021ba \u0219i vezi c\u00e2mpia p\u00e2n\u0103 la Dun\u0103re.<\/p>\n<p>\u00cempreun\u0103, cele dou\u0103 cuvinte nu se contrazic, se explic\u0103. Suntem tumultuo\u0219i pentru c\u0103 suntem liberi. Suntem liberi pentru c\u0103 am acceptat tumultul.<\/p>\n<p><strong>3. Ce c\u00e2\u0219tig\u0103m practic?<\/strong><\/p>\n<p>\u2022 Claritate: Orice material are de acum o semn\u0103tur\u0103. Nu mai e doar un peisaj, e un manifest.<br \/>\u2022 Diferen\u021biere: Pe o pia\u021b\u0103 unde to\u021bi sunt \u201ede poveste\u201d, noi avem curajul s\u0103 fim \u201etumultuo\u0219i\u201d. E memorabil.<br \/>\u2022 Coeren\u021b\u0103 vizual\u0103: Logo consacrat \u021aINUTUL BUZ\u0102ULUI sus, iar la baz\u0103, de colo p\u00e2n\u0103 colo, linia verde TUMULTUOS \u0218I LIBER, ca orizontul Buz\u0103ului, f\u0103r\u0103 \u00eentrerupere.<br \/>\u2022 Respect pentru investi\u021bia deja f\u0103cut\u0103: Nu arunc\u0103m nimic. Consolid\u0103m.<\/p>\n<p><strong>4. Un brand pentru buzoieni, nu doar pentru turi\u0219ti.<\/strong><\/p>\n<p>Sloganul nu este doar pentru vizitatori. Este \u0219i pentru noi. Tinerii care pleac\u0103 din Buz\u0103u au nevoie s\u0103 aud\u0103 c\u0103 tumultul lor interior, dorin\u021ba de a fi liberi, are un loc unde se poate \u00eentoarce. TUMULTUOS \u0218I LIBER poate deveni o stare de spirit a jude\u021bului, o m\u00e2ndrie local\u0103.<\/p>\n<p><strong>Concluzie: Propunerea noastr\u0103<\/strong><\/p>\n<p>Solicit\u0103m Consiliului Jude\u021bean Buz\u0103u, domnului Pre\u0219edinte Marcel Ciolacu, \u0219i partenerilor din Geoparcul UNESCO \u021ainutul Buz\u0103ului, adoptarea oficial\u0103 a \u00eent\u0103ririi de brand:<\/p>\n<p>\u021aINUTUL BUZ\u0102ULUI<br \/>TUMULTUOS \u0218I LIBER<\/p>\n<p>P\u0103str\u0103m tot ce este bun. Ad\u0103ug\u0103m ceea ce lipsea: vocea.<\/p>\n<p>Buz\u0103ul nu este un \u021binut cuminte. \u0218i tocmai de aceea este de neuitat.<\/p>\n<figure class=\"wp-block-image size-large\"><img loading=\"lazy\" decoding=\"async\" width=\"1024\" height=\"683\" src=\"http:\/\/revistaverde.ro\/wp-content\/uploads\/2026\/08\/BANER-FINAL-JEG-1024x683.jpg\" alt class=\"wp-image-15857\"><\/figure>\n<p>\u2026\u2026\u2026\u2026\u2026\u2026\u2026\u2026\u2026\u2026\u2026\u2026\u2026\u2026\u2026\u2026\u2026\u2026\u2026\u2026\u2026\u2026\u2026\u2026\u2026\u2026\u2026\u2026\u2026\u2026\u2026\u2026\u2026\u2026\u2026\u2026\u2026\u2026\u2026\u2026\u2026\u2026\u2026\u2026\u2026\u2026\u2026\u2026\u2026\u2026\u2026\u2026\u2026\u2026\u2026\u2026\u2026\u2026\u2026\u2026..<\/p>\n<figure class=\"wp-block-image size-large\"><img decoding=\"async\" loading=\"lazy\" width=\"1024\" height=\"683\" src=\"http:\/\/revistaverde.ro\/wp-content\/uploads\/2026\/08\/COLAJ-TU-1024x683.png\" alt class=\"wp-image-15861\"><\/figure>\n<div class=\"col-md-2 col-sm-4 col-xs-4\"> .col-md-2 { float:left; width: 16.6667%; } <\/div>\n<div class=\"col-md-2 col-sm-4 col-xs-4\"> .col-md-2 { float:left; width: 16.6667%; } <\/p>\n<div class=\"fb-share-button\" data-href=\"https:\/\/revistaverde.ro\/2026\/08\/29\/marcel-ciolacu-vrea-un-brand-pentru-judetul-buzau\/\" data-layout=\"button\" data-size=\"large\" data-mobile-iframe=\"true\"><a class=\"fb-xfbml-parse-ignore\" target=\"_blank\" href=\"https:\/\/www.facebook.com\/sharer\/sharer.php?u=https%3A%2F%2Frevistaverde.ro%2F2026%2F08%2F29%2Fmarcel-ciolacu-vrea-un-brand-pentru-judetul-buzau%2F&amp;src=sdkpreparse\">Share<\/a><\/div>\n<\/div>\n<div class=\"col-md-2 col-sm-4 col-xs-4\"> .col-md-2 { float:left; width: 16.6667%; } <\/div>\n<\/div>\n<\/article>\n<div class=\"entry-content mh-clearfix\">\n<figure class=\"entry-thumbnail\"><img decoding=\"async\" src=\"https:\/\/revistaverde.ro\/wp-content\/uploads\/2026\/08\/2-banare-678x381.png\" alt title=\"2 banare\"><\/figure>\n<p>Pre\u0219edintele Consiliului Jude\u021bean Buz\u0103u, Marcel Ciolacu, vrea s\u0103 comande un brand pentru jude\u021bul Buz\u0103u, uit\u00e2nd c\u0103 are deja cel mai tare brand din lume, este vorba despre \u021ainutul Buz\u0103ului. Noi ced\u0103m sloganul: TUMULTUOS \u0218I LIBER!<\/p>\n<p><strong>\u021aINUTUL BUZ\u0102ULUI R\u0102M\u00c2NE. \u00ceI D\u0102M \u00ceNS\u0102 VOCE:<br \/>TUMULTUOS \u0218I LIBER<\/strong><\/p>\n<p><em>De ce \u00eent\u0103rim brandul existent cu noul slogan de pozi\u021bionare<\/em><\/p>\n<p>\u021ainutul Buz\u0103ului exist\u0103. Nu ca proiect pe h\u00e2rtie, ci ca realitate vie, recunoscut\u0103 UNESCO, b\u0103tut\u0103 de pa\u0219ii a sute de mii de turi\u0219ti care vin anual s\u0103 vad\u0103 Vulcanii Noroio\u0219i, s\u0103 asculte focurile vii de la Lop\u0103tari, s\u0103 se piard\u0103 pe c\u0103r\u0103rile din Geoparc. Brandul \u021ainutul Buz\u0103ului este deja un capital de \u00eencredere. Nu venim s\u0103-l \u00eenlocuim. Venim s\u0103-l facem s\u0103 vorbeasc\u0103 mai tare.<\/p>\n<p><strong>1. Nu schimb\u0103m, ci \u00eemplinim<\/strong>.<\/p>\n<p>\u00cen ultimii ani, \u021ainutul Buz\u0103ului a fost promovat corect, dar incomplet. Am ar\u0103tat peisajul, dar nu am spus ce sim\u021bi c\u00e2nd e\u0219ti acolo. Am ar\u0103tat vulcanii, dar nu am numit for\u021ba care \u00eei face s\u0103 fiarb\u0103. Ast\u0103zi, turi\u0219tii nu mai caut\u0103 doar locuri frumoase. Caut\u0103 locuri cu caracter.<\/p>\n<p>De aceea propunem \u00eent\u0103rirea brandului existent prin ad\u0103ugarea unui slogan oficial de pozi\u021bionare: TUMULTUOS \u0218I LIBER. Logo-ul r\u0103m\u00e2ne acela\u0219i, recunoscut \u0219i iubit. Sloganul \u00eei d\u0103 direc\u021bie \u0219i emo\u021bie.<\/p>\n<p><strong>2. De ce TUMULTUOS \u0218I LIBER? Pentru c\u0103 a\u0219a este adev\u0103rul geologic \u0219i uman.<\/strong><\/p>\n<p>TUMULTUOS este cel mai onest cuv\u00e2nt pentru Buz\u0103u. Este singurul jude\u021b din Rom\u00e2nia unde p\u0103m\u00e2ntul fierbe la suprafa\u021b\u0103. Unde noroiul erupe, focul iese din piatr\u0103, dealurile se mi\u0219c\u0103, trovan\u021bii cresc. Nimic aici nu e static. Este un \u021binut viu, nelini\u0219tit, \u00een continu\u0103 facere.<\/p>\n<p>\u0218I LIBER, pentru c\u0103 \u00een ciuda acestui tumult, Buz\u0103ul a r\u0103mas ne\u00eembl\u00e2nzit. Nu e un peisaj de carte po\u0219tal\u0103 cosmetizat. E s\u0103lbatic, autentic, l\u0103sat s\u0103 fie el \u00eensu\u0219i. Iar oamenii lui la fel \u2013 liberi, direc\u021bi, ospitalieri f\u0103r\u0103 protocol. Este libertatea pe care o sim\u021bi c\u00e2nd te urci pe Istri\u021ba \u0219i vezi c\u00e2mpia p\u00e2n\u0103 la Dun\u0103re.<\/p>\n<p>\u00cempreun\u0103, cele dou\u0103 cuvinte nu se contrazic, se explic\u0103. Suntem tumultuo\u0219i pentru c\u0103 suntem liberi. Suntem liberi pentru c\u0103 am acceptat tumultul.<\/p>\n<p><strong>3. Ce c\u00e2\u0219tig\u0103m practic?<\/strong><\/p>\n<p>\u2022 Claritate: Orice material are de acum o semn\u0103tur\u0103. Nu mai e doar un peisaj, e un manifest.<br \/>\u2022 Diferen\u021biere: Pe o pia\u021b\u0103 unde to\u021bi sunt \u201ede poveste\u201d, noi avem curajul s\u0103 fim \u201etumultuo\u0219i\u201d. E memorabil.<br \/>\u2022 Coeren\u021b\u0103 vizual\u0103: Logo consacrat \u021aINUTUL BUZ\u0102ULUI sus, iar la baz\u0103, de colo p\u00e2n\u0103 colo, linia verde TUMULTUOS \u0218I LIBER, ca orizontul Buz\u0103ului, f\u0103r\u0103 \u00eentrerupere.<br \/>\u2022 Respect pentru investi\u021bia deja f\u0103cut\u0103: Nu arunc\u0103m nimic. Consolid\u0103m.<\/p>\n<p><strong>4. Un brand pentru buzoieni, nu doar pentru turi\u0219ti.<\/strong><\/p>\n<p>Sloganul nu este doar pentru vizitatori. Este \u0219i pentru noi. Tinerii care pleac\u0103 din Buz\u0103u au nevoie s\u0103 aud\u0103 c\u0103 tumultul lor interior, dorin\u021ba de a fi liberi, are un loc unde se poate \u00eentoarce. TUMULTUOS \u0218I LIBER poate deveni o stare de spirit a jude\u021bului, o m\u00e2ndrie local\u0103.<\/p>\n<p><strong>Concluzie: Propunerea noastr\u0103<\/strong><\/p>\n<p>Solicit\u0103m Consiliului Jude\u021bean Buz\u0103u, domnului Pre\u0219edinte Marcel Ciolacu, \u0219i partenerilor din Geoparcul UNESCO \u021ainutul Buz\u0103ului, adoptarea oficial\u0103 a \u00eent\u0103ririi de brand:<\/p>\n<p>\u021aINUTUL BUZ\u0102ULUI<br \/>TUMULTUOS \u0218I LIBER<\/p>\n<p>P\u0103str\u0103m tot ce este bun. Ad\u0103ug\u0103m ceea ce lipsea: vocea.<\/p>\n<p>Buz\u0103ul nu este un \u021binut cuminte. \u0218i tocmai de aceea este de neuitat.<\/p>\n<figure class=\"wp-block-image size-large\"><img loading=\"lazy\" decoding=\"async\" width=\"1024\" height=\"683\" src=\"http:\/\/revistaverde.ro\/wp-content\/uploads\/2026\/08\/BANER-FINAL-JEG-1024x683.jpg\" alt class=\"wp-image-15857\"><\/figure>\n<p>\u2026\u2026\u2026\u2026\u2026\u2026\u2026\u2026\u2026\u2026\u2026\u2026\u2026\u2026\u2026\u2026\u2026\u2026\u2026\u2026\u2026\u2026\u2026\u2026\u2026\u2026\u2026\u2026\u2026\u2026\u2026\u2026\u2026\u2026\u2026\u2026\u2026\u2026\u2026\u2026\u2026\u2026\u2026\u2026\u2026\u2026\u2026\u2026\u2026\u2026\u2026\u2026\u2026\u2026\u2026\u2026\u2026\u2026\u2026\u2026..<\/p>\n<figure class=\"wp-block-image size-large\"><img decoding=\"async\" loading=\"lazy\" width=\"1024\" height=\"683\" src=\"http:\/\/revistaverde.ro\/wp-content\/uploads\/2026\/08\/COLAJ-TU-1024x683.png\" alt class=\"wp-image-15861\"><\/figure>\n<div class=\"col-md-2 col-sm-4 col-xs-4\"> .col-md-2 { float:left; width: 16.6667%; } <\/div>\n<div class=\"col-md-2 col-sm-4 col-xs-4\"> .col-md-2 { float:left; width: 16.6667%; } <\/p>\n<div class=\"fb-share-button\" data-href=\"https:\/\/revistaverde.ro\/2026\/08\/29\/marcel-ciolacu-vrea-un-brand-pentru-judetul-buzau\/\" data-layout=\"button\" data-size=\"large\" data-mobile-iframe=\"true\"><a class=\"fb-xfbml-parse-ignore\" target=\"_blank\" href=\"https:\/\/www.facebook.com\/sharer\/sharer.php?u=https%3A%2F%2Frevistaverde.ro%2F2026%2F08%2F29%2Fmarcel-ciolacu-vrea-un-brand-pentru-judetul-buzau%2F&amp;src=sdkpreparse\">Share<\/a><\/div>\n<\/div>\n<div class=\"col-md-2 col-sm-4 col-xs-4\"> .col-md-2 { float:left; width: 16.6667%; } <\/div>\n<\/div>\n<p>[analyse_source url=&#8221;https:\/\/revistaverde.ro\/2026\/08\/29\/marcel-ciolacu-vrea-un-brand-pentru-judetul-buzau\/&#8221;]<\/p>\n","protected":false},"excerpt":{"rendered":"<p>[analyse_image type=&#8221;featured&#8221; src=&#8221;https:\/\/revistaverde.ro\/wp-content\/uploads\/2026\/08\/2-banare.png&#8221;] Marcel Ciolacu vrea un brand pentru jude\u021bul Buz\u0103u august 29, 2026M\u0103rg\u0103rit GROSUEco Turism, Evenimente, international, TURISM0 Pre\u0219edintele Consiliului Jude\u021bean Buz\u0103u, Marcel Ciolacu, vrea s\u0103 comande un brand pentru jude\u021bul Buz\u0103u, uit\u00e2nd c\u0103 are deja cel mai tare brand din lume, este vorba despre \u021ainutul Buz\u0103ului. Noi ced\u0103m sloganul: TUMULTUOS \u0218I LIBER! \u021aINUTUL [&hellip;]<\/p>\n","protected":false},"author":1,"featured_media":0,"comment_status":"open","ping_status":"","sticky":false,"template":"","format":"standard","meta":{"footnotes":""},"categories":[2],"tags":[226,57],"class_list":["post-2118101","post","type-post","status-publish","format-standard","hentry","category-politics","tag-crawlmanager","tag-revistaverde-ro"],"_links":{"self":[{"href":"https:\/\/analyse.optim.biz\/index.php?rest_route=\/wp\/v2\/posts\/2118101","targetHints":{"allow":["GET"]}}],"collection":[{"href":"https:\/\/analyse.optim.biz\/index.php?rest_route=\/wp\/v2\/posts"}],"about":[{"href":"https:\/\/analyse.optim.biz\/index.php?rest_route=\/wp\/v2\/types\/post"}],"author":[{"embeddable":true,"href":"https:\/\/analyse.optim.biz\/index.php?rest_route=\/wp\/v2\/users\/1"}],"replies":[{"embeddable":true,"href":"https:\/\/analyse.optim.biz\/index.php?rest_route=%2Fwp%2Fv2%2Fcomments&post=2118101"}],"version-history":[{"count":0,"href":"https:\/\/analyse.optim.biz\/index.php?rest_route=\/wp\/v2\/posts\/2118101\/revisions"}],"wp:attachment":[{"href":"https:\/\/analyse.optim.biz\/index.php?rest_route=%2Fwp%2Fv2%2Fmedia&parent=2118101"}],"wp:term":[{"taxonomy":"category","embeddable":true,"href":"https:\/\/analyse.optim.biz\/index.php?rest_route=%2Fwp%2Fv2%2Fcategories&post=2118101"},{"taxonomy":"post_tag","embeddable":true,"href":"https:\/\/analyse.optim.biz\/index.php?rest_route=%2Fwp%2Fv2%2Ftags&post=2118101"}],"curies":[{"name":"wp","href":"https:\/\/api.w.org\/{rel}","templated":true}]}}