{"id":211810,"date":"2014-02-20T07:23:04","date_gmt":"2014-02-20T04:23:04","guid":{"rendered":"https:\/\/analyse.optim.biz\/?p=211810"},"modified":"2014-02-20T07:23:04","modified_gmt":"2014-02-20T04:23:04","slug":"astazi-victor-ponta-serbeaza-patru-ani-de-cand-e-presedintele-psd","status":"publish","type":"post","link":"https:\/\/analyse.optim.biz\/?p=211810","title":{"rendered":"Ast\u0103zi Victor Ponta serbeaz\u0103 patru ani de c\u00e2nd e pre\u015fedintele PSD"},"content":{"rendered":"<div class=\"entry data-app-meta data-app-meta-article\" data-embed-base-url-canonical=\"https:\/\/www.digi24.ro\/embed\/stiri\/actualitate\/politica\/astazi-victor-ponta-serbeaza-patru-ani-de-cand-e-presedintele-psd-203202\">\n<p data-index=\"1\">Dup\u0103 aceast\u0103 \u00eentrevedere, Victor Ponta va pleca, potrivit programului s\u0103u oficial, \u00eentr-o vizit\u0103 la Chi\u015fin\u0103u. Victor Ponta a fost ales \u00een func\u0163ia de pre\u015fedinte al PSD \u00een data de 21 februarie 2010.<\/p>\n<\/div>\n<p> Source URL: https:\/\/www.digi24.ro\/stiri\/actualitate\/politica\/astazi-victor-ponta-serbeaza-patru-ani-de-cand-e-presedintele-psd-203202<\/p>\n","protected":false},"excerpt":{"rendered":"<p>Dup\u0103 aceast\u0103 \u00eentrevedere, Victor Ponta va pleca, potrivit programului s\u0103u oficial, \u00eentr-o vizit\u0103 la Chi\u015fin\u0103u. Victor Ponta a fost ales \u00een func\u0163ia de pre\u015fedinte al PSD \u00een data de 21 februarie 2010. Source URL: https:\/\/www.digi24.ro\/stiri\/actualitate\/politica\/astazi-victor-ponta-serbeaza-patru-ani-de-cand-e-presedintele-psd-203202<\/p>\n","protected":false},"author":1,"featured_media":211811,"comment_status":"open","ping_status":"","sticky":false,"template":"","format":"standard","meta":{"footnotes":""},"categories":[2],"tags":[11],"class_list":["post-211810","post","type-post","status-publish","format-standard","has-post-thumbnail","hentry","category-politics","tag-digi24"],"_links":{"self":[{"href":"https:\/\/analyse.optim.biz\/index.php?rest_route=\/wp\/v2\/posts\/211810","targetHints":{"allow":["GET"]}}],"collection":[{"href":"https:\/\/analyse.optim.biz\/index.php?rest_route=\/wp\/v2\/posts"}],"about":[{"href":"https:\/\/analyse.optim.biz\/index.php?rest_route=\/wp\/v2\/types\/post"}],"author":[{"embeddable":true,"href":"https:\/\/analyse.optim.biz\/index.php?rest_route=\/wp\/v2\/users\/1"}],"replies":[{"embeddable":true,"href":"https:\/\/analyse.optim.biz\/index.php?rest_route=%2Fwp%2Fv2%2Fcomments&post=211810"}],"version-history":[{"count":0,"href":"https:\/\/analyse.optim.biz\/index.php?rest_route=\/wp\/v2\/posts\/211810\/revisions"}],"wp:featuredmedia":[{"embeddable":true,"href":"https:\/\/analyse.optim.biz\/index.php?rest_route=\/wp\/v2\/media\/211811"}],"wp:attachment":[{"href":"https:\/\/analyse.optim.biz\/index.php?rest_route=%2Fwp%2Fv2%2Fmedia&parent=211810"}],"wp:term":[{"taxonomy":"category","embeddable":true,"href":"https:\/\/analyse.optim.biz\/index.php?rest_route=%2Fwp%2Fv2%2Fcategories&post=211810"},{"taxonomy":"post_tag","embeddable":true,"href":"https:\/\/analyse.optim.biz\/index.php?rest_route=%2Fwp%2Fv2%2Ftags&post=211810"}],"curies":[{"name":"wp","href":"https:\/\/api.w.org\/{rel}","templated":true}]}}