{"id":2118085,"date":"2026-08-29T05:00:25","date_gmt":"2026-08-29T02:00:25","guid":{"rendered":"https:\/\/analyse.optim.biz\/?p=2118085"},"modified":"2026-08-29T05:00:25","modified_gmt":"2026-08-29T02:00:25","slug":"ultimul-weekend-de-vara-la-vaya-retreat-vine-cu-un-mix-grill-pe-cinste","status":"publish","type":"post","link":"https:\/\/analyse.optim.biz\/?p=2118085","title":{"rendered":"Ultimul weekend de var\u0103 la Vaya Retreat vine cu un Mix Grill pe cinste!"},"content":{"rendered":"<p>[analyse_image type=&#8221;featured&#8221; src=&#8221;https:\/\/opiniabuzau.ro\/wp-content\/uploads\/2026\/08\/vaya-5-scaled.webp&#8221;]<\/p>\n<div class=\"entry-content entry clearfix\">\n<blockquote>\n<p><strong>Vara se apropie de final, iar la Vaya Retreat se preg\u0103te\u0219te un ultim weekend de distrac\u021bie, relaxare \u0219i, mai ales, de gusturi bune.\u00a0Pe 29 \u0219i 30 august, terasa se transform\u0103 \u00eentr-un loc perfect pentru cei care vor s\u0103 mai p\u0103streze pu\u021bin atmosfera de vacan\u021b\u0103, al\u0103turi de prieteni \u0219i de familie.<\/strong><\/p>\n<\/blockquote>\n<p>Vedeta acestui weekend este, f\u0103r\u0103 \u00eendoial\u0103, Mix Grill-ul, cu preparate preg\u0103tite la gr\u0103tar \u0219i cu carne suculent\u0103, rumenit\u0103 exact c\u00e2t trebuie. Platourile generoase, aromele de gr\u0103tar \u0219i preparatele savuroase promit s\u0103 fie unul dintre punctele forte ale celor dou\u0103 zile.<\/p>\n<p>Meniul este completat de b\u0103uturi r\u0103coritoare, \u00een timp ce atmosfera de weekend va fi sus\u021binut\u0103 de muzic\u0103 live, \u00eentr-un decor \u00een care piscina \u0219i zona de relaxare contribuie din plin la starea de vacan\u021b\u0103.<\/p>\n<p>29 \u0219i 30 august sunt, a\u0219adar, zilele \u00een care Vaya Retreat spune \u201ela revedere\u201d verii cu un weekend dedicat pofticio\u0219ilor \u0219i iubitorilor de distrac\u021bie. \u00a0Un mix de grill, muzic\u0103, piscin\u0103, relaxare \u0219i voie bun\u0103, \u00eentr-un cadru potrivit pentru c\u00e2teva ore departe de agita\u021bia cotidian\u0103.<\/p>\n<p>Pentru cei care vor s\u0103 prind\u0103 ultimul weekend de var\u0103 \u00een atmosfera Vaya Retreat, rezervarea locului este recomandat\u0103.\u00a0Vara se \u00eencheie, dar se \u00eencheie cu gust!<\/p>\n<div class=\"stream-item stream-item-in-post stream-item-inline-post aligncenter\"><a href=\"https:\/\/vreaulanova.ro\/?utm_source=opiniabuzau&amp;utm_medium=image\" title target=\"_blank\"><img loading=\"lazy\" decoding=\"async\" data-od-unknown-tag data-od-xpath=\"\/HTML\/BODY\/DIV[@class=&apos;background-overlay&apos;]\/*[1][self::DIV]\/*[1][self::DIV]\/*[4][self::DIV]\/*[1][self::DIV]\/*[1][self::DIV]\/*[2][self::ARTICLE]\/*[3][self::DIV]\/*[7][self::DIV]\/*[1][self::A]\/*[1][self::IMG]\" src=\"https:\/\/opiniabuzau.ro\/wp-content\/smush-webp\/2022\/02\/MicrosoftTeams-image-4-1.jpg.webp\" alt width=\"728\" height=\"91\" class=\"perfmatters-lazy\"><img loading=\"lazy\" decoding=\"async\" data-od-unknown-tag data-od-xpath=\"\/HTML\/BODY\/DIV[@class=&apos;background-overlay&apos;]\/*[1][self::DIV]\/*[1][self::DIV]\/*[4][self::DIV]\/*[1][self::DIV]\/*[1][self::DIV]\/*[2][self::ARTICLE]\/*[3][self::DIV]\/*[7][self::DIV]\/*[1][self::A]\/*[1][self::IMG]\" src=\"https:\/\/opiniabuzau.ro\/wp-content\/smush-webp\/2022\/02\/MicrosoftTeams-image-4-1.jpg.webp\" alt width=\"728\" height=\"91\"><\/a><\/div>\n<\/div>\n<p>[analyse_source url=&#8221;https:\/\/opiniabuzau.ro\/ultimul-weekend-de-vara-la-vaya-retreat-vine-cu-un-mix-grill-pe-cinste\/&#8221;]<\/p>\n","protected":false},"excerpt":{"rendered":"<p>[analyse_image type=&#8221;featured&#8221; src=&#8221;https:\/\/opiniabuzau.ro\/wp-content\/uploads\/2026\/08\/vaya-5-scaled.webp&#8221;] Vara se apropie de final, iar la Vaya Retreat se preg\u0103te\u0219te un ultim weekend de distrac\u021bie, relaxare \u0219i, mai ales, de gusturi bune.\u00a0Pe 29 \u0219i 30 august, terasa se transform\u0103 \u00eentr-un loc perfect pentru cei care vor s\u0103 mai p\u0103streze pu\u021bin atmosfera de vacan\u021b\u0103, al\u0103turi de prieteni \u0219i de familie. Vedeta acestui [&hellip;]<\/p>\n","protected":false},"author":1,"featured_media":0,"comment_status":"open","ping_status":"","sticky":false,"template":"","format":"standard","meta":{"footnotes":""},"categories":[2],"tags":[226,44],"class_list":["post-2118085","post","type-post","status-publish","format-standard","hentry","category-politics","tag-crawlmanager","tag-opiniabuzau-ro"],"_links":{"self":[{"href":"https:\/\/analyse.optim.biz\/index.php?rest_route=\/wp\/v2\/posts\/2118085","targetHints":{"allow":["GET"]}}],"collection":[{"href":"https:\/\/analyse.optim.biz\/index.php?rest_route=\/wp\/v2\/posts"}],"about":[{"href":"https:\/\/analyse.optim.biz\/index.php?rest_route=\/wp\/v2\/types\/post"}],"author":[{"embeddable":true,"href":"https:\/\/analyse.optim.biz\/index.php?rest_route=\/wp\/v2\/users\/1"}],"replies":[{"embeddable":true,"href":"https:\/\/analyse.optim.biz\/index.php?rest_route=%2Fwp%2Fv2%2Fcomments&post=2118085"}],"version-history":[{"count":0,"href":"https:\/\/analyse.optim.biz\/index.php?rest_route=\/wp\/v2\/posts\/2118085\/revisions"}],"wp:attachment":[{"href":"https:\/\/analyse.optim.biz\/index.php?rest_route=%2Fwp%2Fv2%2Fmedia&parent=2118085"}],"wp:term":[{"taxonomy":"category","embeddable":true,"href":"https:\/\/analyse.optim.biz\/index.php?rest_route=%2Fwp%2Fv2%2Fcategories&post=2118085"},{"taxonomy":"post_tag","embeddable":true,"href":"https:\/\/analyse.optim.biz\/index.php?rest_route=%2Fwp%2Fv2%2Ftags&post=2118085"}],"curies":[{"name":"wp","href":"https:\/\/api.w.org\/{rel}","templated":true}]}}