{"id":2118084,"date":"2026-08-28T16:35:12","date_gmt":"2026-08-28T13:35:12","guid":{"rendered":"https:\/\/analyse.optim.biz\/?p=2118084"},"modified":"2026-08-28T16:35:12","modified_gmt":"2026-08-28T13:35:12","slug":"fiecare-copil-care-alearga-la-buzau-21k-ajuta-un-alt-copil-taxa-de-50-de-lei-de-la-cursa-copiilor-devine","status":"publish","type":"post","link":"https:\/\/analyse.optim.biz\/?p=2118084","title":{"rendered":"Fiecare copil care alearg\u0103 la Buz\u0103u 21k ajut\u0103 un alt copil. Taxa de 50 de lei de la Cursa Copiilor devine"},"content":{"rendered":"<p>[analyse_image type=&#8221;featured&#8221; src=&#8221;https:\/\/stiridinsursebuzau.ro\/wp-content\/uploads\/2026\/08\/cursa-copiilor-Buzau-21k-1.jpg&#8221;]<\/p>\n<article class=\"page-content-single small single\">\n<div id=\"stiri-3335276214\" class=\"stiri-inainte-de-continut-14 stiri-entity-placement\"><a href=\"https:\/\/www.shoppingcitybuzau.ro\/\" aria-label=\"NEPI_Buzau_Card Colac_1274x158\"><img decoding=\"async\" loading=\"lazy\" src=\"https:\/\/stiridinsursebuzau.ro\/wp-content\/uploads\/2026\/08\/NEPI_Buzau_Card-Colac_1274x158.jpg\" alt width=\"1274\" height=\"158\"><\/a><\/div>\n<div id=\"stiri-3741735870\" class=\"stiri-inainte-de-continut-3 stiri-entity-placement\"><a href=\"https:\/\/buzau.21k.ro\/\" aria-label=\"900\u00d7200\"><img decoding=\"async\" loading=\"lazy\" src=\"https:\/\/stiridinsursebuzau.ro\/wp-content\/uploads\/2026\/07\/900x200.gif\" alt width=\"900\" height=\"200\"><\/a><\/div>\n<p class=\"wp-block-paragraph\"><strong>Cursa Copiilor din cadrul Buz\u0103u 21k cap\u0103t\u0103 anul acesta o important\u0103 component\u0103 caritabil\u0103. De\u0219i participarea celor mici este gratuit\u0103, fiecare \u00eenscriere presupune achitarea online a unei sume de 50 de lei, bani care nu acoper\u0103 costurile cursei, ci sunt direc\u021biona\u021bi integral, sub form\u0103 de dona\u021bie, c\u0103tre programul Ajungem MARI, dedicat copiilor \u0219i tinerilor din sistemul de protec\u021bie.<\/strong><\/p>\n<p class=\"wp-block-paragraph\">Funda\u021bia Comunitar\u0103 Buz\u0103u \u00eei invit\u0103 pe p\u0103rin\u021bi s\u0103 \u00ee\u0219i \u00eenscrie copiii la Cursa Copiilor din cadrul Buz\u0103u 21k, semimaratonul caritabil al Buz\u0103ului, programat duminic\u0103, 27 septembrie 2026.<\/p>\n<p class=\"wp-block-paragraph\">Cursa este dedicat\u0103 bucuriei de a face mi\u0219care, dar \u0219i solidarit\u0103\u021bii, cei mici av\u00e2nd ocazia s\u0103 descopere \u00eenc\u0103 de la primele experien\u021be sportive c\u0103 un gest simplu poate contribui la schimbarea vie\u021bii unui alt copil.<\/p>\n<p class=\"wp-block-paragraph\">Participarea la curs\u0103 este gratuit\u0103, costurile de organizare fiind sus\u021binute de UniCredit Bank, sponsor al Cursei Copiilor \u0219i partener al Buz\u0103u 21k.<\/p>\n<figure class=\"wp-block-image size-large\"><img loading=\"lazy\" decoding=\"async\" width=\"1024\" height=\"684\" src=\"https:\/\/stiridinsursebuzau.ro\/wp-content\/uploads\/2026\/08\/cursa-copiilor-Buzau-21k-1024x684.jpg\" alt class=\"wp-image-48560\"><\/figure>\n<p class=\"wp-block-paragraph\">La \u00eenscrierea online se achit\u0103 \u00eens\u0103 suma de 50 de lei, care este direc\u021bionat\u0103 integral c\u0103tre programul <strong><a href=\"https:\/\/stiridinsursebuzau.ro\/buzau-21k-transforma-alergarea-in-sprijin-pentru-copiii-din-sistemul-de-protectie\/\">Ajungem MARI<\/a><\/strong>, gestionat de Asocia\u021bia Lindenfeld.<\/p>\n<p class=\"wp-block-paragraph\">Astfel, fiecare copil care ajunge la linia de start alearg\u0103 nu doar pentru bucuria competi\u021biei \u0219i pentru emo\u021bia primei medalii, ci \u0219i pentru copiii \u0219i tinerii din sistemul de protec\u021bie care au nevoie de sprijin pentru a-\u0219i construi un viitor mai bun.<\/p>\n<h2 class=\"wp-block-heading\">Ce este programul Ajungem MARI<\/h2>\n<figure class=\"wp-block-image size-full\"><img decoding=\"async\" loading=\"lazy\" width=\"768\" height=\"512\" src=\"https:\/\/stiridinsursebuzau.ro\/wp-content\/uploads\/2026\/08\/728951594_888119190315977_4026120503240202859_n-768x512-1.jpg\" alt class=\"wp-image-48563\"><\/figure>\n<p class=\"wp-block-paragraph\">Ajungem MARI este unul dintre cele mai ample programe socio-educa\u021bionale din Rom\u00e2nia dedicate copiilor \u0219i tinerilor afla\u021bi \u00een sistemul de protec\u021bie sau proveni\u021bi din medii vulnerabile.<\/p>\n<p class=\"wp-block-paragraph\">Programul este implementat la nivel na\u021bional de Asocia\u021bia Lindenfeld \u0219i ofer\u0103 sprijin adaptat nevoilor fiec\u0103rui copil.<\/p>\n<p class=\"wp-block-paragraph\">Prin implicarea voluntarilor \u0219i a speciali\u0219tilor, beneficiarii primesc ajutor la teme, preg\u0103tire \u0219i remediere \u0219colar\u0103, mentorat, particip\u0103 la ateliere educative \u0219i cursuri voca\u021bionale \u0219i pot beneficia de consiliere, psihoterapie \u0219i logopedie.<\/p>\n<figure class=\"wp-block-image size-full\"><img decoding=\"async\" loading=\"lazy\" width=\"1024\" height=\"683\" src=\"https:\/\/stiridinsursebuzau.ro\/wp-content\/uploads\/2026\/08\/729797814_1363494202344706_6553165975004573589_n-1024x683-1.jpg\" alt class=\"wp-image-48564\"><\/figure>\n<p class=\"wp-block-paragraph\">Sunt organizate inclusiv ie\u0219iri, excursii \u0219i tabere de via\u021b\u0103 independent\u0103, astfel \u00eenc\u00e2t copiii s\u0103 aib\u0103 acces la experien\u021be care, \u00een alte condi\u021bii, le-ar fi greu accesibile.<\/p>\n<p class=\"wp-block-paragraph\">Pentru adolescen\u021bi \u0219i tineri, programul \u00eenseamn\u0103 \u0219i consiliere voca\u021bional\u0103, orientare \u00een carier\u0103, cursuri de calificare, mentorat \u0219i preg\u0103tire pentru momentul \u00een care vor trebui s\u0103 \u00ee\u0219i construiasc\u0103 o via\u021b\u0103 independent\u0103.<\/p>\n<p class=\"wp-block-paragraph\">Ajungem MARI a fost lansat \u00een anul 2014, pornind de la ideea c\u0103 ace\u0219ti copii au nevoie de mai mult dec\u00e2t ajutor punctual, cadouri sau activit\u0103\u021bi ocazionale. Au nevoie de rela\u021bii stabile, educa\u021bie, \u00eencurajare \u0219i adul\u021bi care s\u0103 cread\u0103 \u00een ei pe termen lung.<\/p>\n<p class=\"wp-block-paragraph\">Dona\u021biile colectate prin Cursa Copiilor by UniCredit Bank din cadrul Buz\u0103u 21k vor contribui la continuarea acestor activit\u0103\u021bi.<\/p>\n<h2 class=\"wp-block-heading\">Mi\u0219carea devine o lec\u021bie despre solidaritate<\/h2>\n<figure class=\"wp-block-image size-large\"><img decoding=\"async\" loading=\"lazy\" width=\"819\" height=\"1024\" src=\"https:\/\/stiridinsursebuzau.ro\/wp-content\/uploads\/2026\/08\/cursa-copiilor-Buzau-21k-1-1-819x1024.jpg\" alt class=\"wp-image-48561\"><\/figure>\n<p class=\"wp-block-paragraph\">Pentru p\u0103rin\u021bi, participarea la Cursa Copiilor poate reprezenta \u0219i \u00eenceputul unei discu\u021bii importante cu cei mici despre generozitate, implicare \u0219i sprijinirea celor din jur.<\/p>\n<p class=\"wp-block-paragraph\">Copiii descoper\u0103 c\u0103 pot face sport, se pot bucura de atmosfera unei competi\u021bii \u0219i, \u00een acela\u0219i timp, pot contribui la ajutorarea altor copii.<\/p>\n<p class=\"wp-block-paragraph\">Cursa nu este despre presiunea ob\u021binerii unui rezultat, ci despre curajul de a veni la start, bucuria de a alerga \u0219i sentimentul de apartenen\u021b\u0103 la o comunitate.<\/p>\n<p class=\"wp-block-paragraph\">La fini\u0219, fiecare pas cap\u0103t\u0103 astfel o dubl\u0103 semnifica\u021bie. Pentru copilul care alearg\u0103 \u00eenseamn\u0103 \u00eencredere, emo\u021bie \u0219i o amintire frumoas\u0103, iar pentru un copil sprijinit prin Ajungem MARI, dona\u021bia poate \u00eensemna acces la educa\u021bie, mentorat, consiliere, o experien\u021b\u0103 nou\u0103 sau sprijinul constant al unui adult.<\/p>\n<h2 class=\"wp-block-heading\">Buz\u0103u 21k aduce ora\u0219ul \u00eempreun\u0103 pentru sport \u0219i opt cauze caritabile<\/h2>\n<p class=\"wp-block-paragraph\"><a href=\"https:\/\/buzau.21k.ro\/\" target=\"_blank\" rel=\"noopener\">Buz\u0103u 21k<\/a> este primul semimaraton al jude\u021bului Buz\u0103u \u0219i este organizat de Funda\u021bia Comunitar\u0103 Buz\u0103u.<\/p>\n<p class=\"wp-block-paragraph\">Edi\u021bia din acest an va avea loc pe <strong>27 septembrie 2026<\/strong> \u0219i va aduce \u00eempreun\u0103 alerg\u0103tori experimenta\u021bi, amatori, familii \u0219i copii, \u00een jurul sportului, s\u0103n\u0103t\u0103\u021bii \u0219i solidarit\u0103\u021bii.<\/p>\n<p class=\"wp-block-paragraph\">Participan\u021bii pot alege \u00eentre semimaratonul de 21 de kilometri \u0219i cursele de 10 kilometri, 5 kilometri, 2,5 kilometri \u0219i Cursa Copiilor.<\/p>\n<p class=\"wp-block-paragraph\">Startul \u0219i fini\u0219ul sunt programate la Stadionul de Atletism din Buz\u0103u, iar traseele vor transforma str\u0103zile ora\u0219ului \u00eentr-un spa\u021biu dedicat mi\u0219c\u0103rii \u0219i energiei comunitare.<\/p>\n<p class=\"wp-block-paragraph\">Dincolo de componenta sportiv\u0103, Buz\u0103u 21k este \u0219i o platform\u0103 de implicare \u0219i fundraising. La edi\u021bia din acest an, alerg\u0103torii \u0219i sus\u021bin\u0103torii lor vor mobiliza comunitatea pentru <strong>opt cauze caritabile<\/strong>, din domenii precum educa\u021bia, s\u0103n\u0103tatea, incluziunea \u0219i sprijinirea persoanelor vulnerabile.<\/p>\n<p class=\"wp-block-paragraph\">Cursa Copiilor completeaz\u0103 aceast\u0103 misiune: costurile de organizare sunt acoperite cu sprijinul UniCredit Bank, iar \u00eentreaga sum\u0103 de 50 de lei achitat\u0103 la fiecare \u00eenscriere este donat\u0103 programului Ajungem MARI.<\/p>\n<h2 class=\"wp-block-heading\">Ultimele locuri disponibile la Cursa Copiilor<\/h2>\n<p class=\"wp-block-paragraph\">Organizatorii anun\u021b\u0103 c\u0103 Buz\u0103u 21k a intrat \u00een etapa final\u0103 a \u00eenscrierilor, iar locurile disponibile pentru Cursa Copiilor sunt limitate.<\/p>\n<p class=\"wp-block-paragraph\">P\u0103rin\u021bii care doresc s\u0103 le ofere celor mici o experien\u021b\u0103 sportiv\u0103 cu o important\u0103 component\u0103 caritabil\u0103 sunt \u00eencuraja\u021bi s\u0103 \u00eei \u00eenscrie din timp.<\/p>\n<p class=\"wp-block-paragraph\"><strong>Cursa Copiilor va avea loc duminic\u0103, 27 septembrie 2026, de la ora 13:00, la Stadionul de Atletism din Buz\u0103u.<\/strong><\/p>\n<p class=\"wp-block-paragraph\">\u00censcrierile se fac exclusiv online, p\u00e2n\u0103 pe <strong>21 septembrie 2026<\/strong>, \u00een limita locurilor disponibile.<\/p>\n<p class=\"wp-block-paragraph\"><strong>Un copil alearg\u0103. Un alt copil prime\u0219te o \u0219ans\u0103 \u00een plus.<\/strong><\/p>\n<h3 class=\"wp-block-heading\">Cursa Copiilor \u2013 Buz\u0103u 21k<\/h3>\n<p class=\"wp-block-paragraph\"><strong>Data:<\/strong> duminic\u0103, 27 septembrie 2026<br \/><strong>Ora startului:<\/strong> 13:00<br \/><strong>Locul:<\/strong> Stadionul de Atletism Buz\u0103u<br \/><strong>Participarea:<\/strong> gratuit\u0103, cu sprijinul UniCredit Bank<br \/><strong>Dona\u021bia la \u00eenscriere:<\/strong> 50 de lei, direc\u021biona\u021bi integral c\u0103tre programul Ajungem MARI<br \/><strong>Organizator Buz\u0103u 21k:<\/strong> Funda\u021bia Comunitar\u0103 Buz\u0103u<br \/><strong>Termen-limit\u0103 pentru \u00eenscrieri:<\/strong> 21 septembrie 2026, \u00een limita locurilor disponibile<\/p>\n<figure class=\"wp-block-image size-full\"><img decoding=\"async\" loading=\"lazy\" width=\"1024\" height=\"536\" src=\"https:\/\/stiridinsursebuzau.ro\/wp-content\/uploads\/2026\/08\/710280166_982470067840321_6812059076529511426_n-1024x536-1.jpg\" alt class=\"wp-image-48562\"><\/figure>\n<div class=\"post-views content-post post-48553 entry-meta load-static\" data-pvc-type=\"post\" data-pvc-id=\"48553\"><span class=\"post-views-label\">Vizualiz\u0103ri \u0219tire:<\/span><span class=\"post-views-count\">1.869<\/span><\/div>\n<div id=\"stiri-3702092644\" class=\"stiri-dupa-continut-2 stiri-entity-placement\"><a href=\"https:\/\/rapidservicebuzau.ro\/\" aria-label=\"RAPID SUPER SERVICE\"><img decoding=\"async\" loading=\"lazy\" src=\"https:\/\/stiridinsursebuzau.ro\/wp-content\/uploads\/2026\/02\/ChatGPT-Image-10-feb.-2026-22_24_01.png\" alt width=\"1536\" height=\"1024\"><\/a><\/div>\n<div id=\"stiri-3569734730\" class=\"stiri-dupa-continut_2 stiri-entity-placement\"><a href=\"https:\/\/www.facebook.com\/profile.php?id=61564932526740\" aria-label=\"Glamour Pizza &quot;la patrat&quot;\"><img decoding=\"async\" loading=\"lazy\" src=\"https:\/\/stiridinsursebuzau.ro\/wp-content\/uploads\/2026\/02\/ChatGPT-Image-10-feb.-2026-21_57_13.png\" alt=\"Glamour Pizza &quot;la patrat&quot;\" width=\"1536\" height=\"1024\"><\/a><\/div>\n<div id=\"stiri-570311292\" class=\"stiri-dupa-continut_3 stiri-entity-placement\"><a href=\"https:\/\/www.facebook.com\/profile.php?id=61573613380169&amp;locale=ro_RO\" aria-label=\"ChatGPT Image 10 feb. 2026, 22_10_50\"><img decoding=\"async\" loading=\"lazy\" src=\"https:\/\/stiridinsursebuzau.ro\/wp-content\/uploads\/2026\/02\/ChatGPT-Image-10-feb.-2026-22_10_50.png\" alt width=\"1536\" height=\"1024\"><\/a><\/div>\n<div id=\"stiri-43843487\" class=\"stiri-dupa-continut_4 stiri-entity-placement\"><a href=\"https:\/\/www.facebook.com\/profile.php?id=100077377992379\" aria-label=\"1536 cu 1024 pixeli\"><img decoding=\"async\" loading=\"lazy\" src=\"https:\/\/stiridinsursebuzau.ro\/wp-content\/uploads\/2026\/02\/ChatGPT-Image-20-feb.-2026-14_05_15.png\" alt=\"1536 cu 1024 pixeli\" width=\"1536\" height=\"1024\"><\/a><\/div>\n<div id=\"stiri-3031809001\" class=\"stiri-dupa-continut_5 stiri-entity-placement\"><img decoding=\"async\" loading=\"lazy\" src=\"https:\/\/stiridinsursebuzau.ro\/wp-content\/uploads\/2026\/02\/ChatGPT-Image-10-feb.-2026-23_00_56.png\" alt=\"piese tractoare\" width=\"1536\" height=\"1024\"><\/div>\n<nav class=\"navigation post-navigation\" aria-label=\"Articole\">\n<h2 class=\"screen-reader-text\">Navigare \u00een articole<\/h2>\n<div class=\"nav-links\">\n<div class=\"nav-previous\"><a href=\"https:\/\/stiridinsursebuzau.ro\/contract-de-118-milioane-de-lei-dar-asfaltarea-nu-a-inceput-firma-lui-ion-leu-acuzata-de-primaria-cozieni-ca-nu-a-executat-lucrarea-si-nu-a-constituit-garantia-de-buna-executie\/\" rel=\"prev\">Contract de 11,8 milioane de lei, dar asfaltarea nu a \u00eenceput. Firma lui Ion Leu, acuzat\u0103 de Prim\u0103ria Cozieni c\u0103 nu a executat lucrarea \u0219i nu a constituit garan\u021bia de bun\u0103 execu\u021bie <\/a><\/div>\n<div class=\"nav-next\"><a href=\"https:\/\/stiridinsursebuzau.ro\/megaproiectul-promis-de-toma-inca-din-2016-prinde-contur-pasaj-peste-calea-ferata-intre-aurel-vlaicu-si-zona-garii\/\" rel=\"next\"> Megaproiectul promis de Toma \u00eenc\u0103 din 2016 prinde contur. Pasaj peste calea ferat\u0103 \u00eentre Aurel Vlaicu \u0219i zona G\u0103rii<\/a><\/div>\n<\/div>\n<\/nav>\n<\/article>\n<article class=\"page-content-single small single\">\n<div id=\"stiri-3335276214\" class=\"stiri-inainte-de-continut-14 stiri-entity-placement\"><a href=\"https:\/\/www.shoppingcitybuzau.ro\/\" aria-label=\"NEPI_Buzau_Card Colac_1274x158\"><img decoding=\"async\" loading=\"lazy\" src=\"https:\/\/stiridinsursebuzau.ro\/wp-content\/uploads\/2026\/08\/NEPI_Buzau_Card-Colac_1274x158.jpg\" alt width=\"1274\" height=\"158\"><\/a><\/div>\n<div id=\"stiri-3741735870\" class=\"stiri-inainte-de-continut-3 stiri-entity-placement\"><a href=\"https:\/\/buzau.21k.ro\/\" aria-label=\"900\u00d7200\"><img decoding=\"async\" loading=\"lazy\" src=\"https:\/\/stiridinsursebuzau.ro\/wp-content\/uploads\/2026\/07\/900x200.gif\" alt width=\"900\" height=\"200\"><\/a><\/div>\n<p class=\"wp-block-paragraph\"><strong>Cursa Copiilor din cadrul Buz\u0103u 21k cap\u0103t\u0103 anul acesta o important\u0103 component\u0103 caritabil\u0103. De\u0219i participarea celor mici este gratuit\u0103, fiecare \u00eenscriere presupune achitarea online a unei sume de 50 de lei, bani care nu acoper\u0103 costurile cursei, ci sunt direc\u021biona\u021bi integral, sub form\u0103 de dona\u021bie, c\u0103tre programul Ajungem MARI, dedicat copiilor \u0219i tinerilor din sistemul de protec\u021bie.<\/strong><\/p>\n<p class=\"wp-block-paragraph\">Funda\u021bia Comunitar\u0103 Buz\u0103u \u00eei invit\u0103 pe p\u0103rin\u021bi s\u0103 \u00ee\u0219i \u00eenscrie copiii la Cursa Copiilor din cadrul Buz\u0103u 21k, semimaratonul caritabil al Buz\u0103ului, programat duminic\u0103, 27 septembrie 2026.<\/p>\n<p class=\"wp-block-paragraph\">Cursa este dedicat\u0103 bucuriei de a face mi\u0219care, dar \u0219i solidarit\u0103\u021bii, cei mici av\u00e2nd ocazia s\u0103 descopere \u00eenc\u0103 de la primele experien\u021be sportive c\u0103 un gest simplu poate contribui la schimbarea vie\u021bii unui alt copil.<\/p>\n<p class=\"wp-block-paragraph\">Participarea la curs\u0103 este gratuit\u0103, costurile de organizare fiind sus\u021binute de UniCredit Bank, sponsor al Cursei Copiilor \u0219i partener al Buz\u0103u 21k.<\/p>\n<figure class=\"wp-block-image size-large\"><img loading=\"lazy\" decoding=\"async\" width=\"1024\" height=\"684\" src=\"https:\/\/stiridinsursebuzau.ro\/wp-content\/uploads\/2026\/08\/cursa-copiilor-Buzau-21k-1024x684.jpg\" alt class=\"wp-image-48560\"><\/figure>\n<p class=\"wp-block-paragraph\">La \u00eenscrierea online se achit\u0103 \u00eens\u0103 suma de 50 de lei, care este direc\u021bionat\u0103 integral c\u0103tre programul <strong><a href=\"https:\/\/stiridinsursebuzau.ro\/buzau-21k-transforma-alergarea-in-sprijin-pentru-copiii-din-sistemul-de-protectie\/\">Ajungem MARI<\/a><\/strong>, gestionat de Asocia\u021bia Lindenfeld.<\/p>\n<p class=\"wp-block-paragraph\">Astfel, fiecare copil care ajunge la linia de start alearg\u0103 nu doar pentru bucuria competi\u021biei \u0219i pentru emo\u021bia primei medalii, ci \u0219i pentru copiii \u0219i tinerii din sistemul de protec\u021bie care au nevoie de sprijin pentru a-\u0219i construi un viitor mai bun.<\/p>\n<h2 class=\"wp-block-heading\">Ce este programul Ajungem MARI<\/h2>\n<figure class=\"wp-block-image size-full\"><img decoding=\"async\" loading=\"lazy\" width=\"768\" height=\"512\" src=\"https:\/\/stiridinsursebuzau.ro\/wp-content\/uploads\/2026\/08\/728951594_888119190315977_4026120503240202859_n-768x512-1.jpg\" alt class=\"wp-image-48563\"><\/figure>\n<p class=\"wp-block-paragraph\">Ajungem MARI este unul dintre cele mai ample programe socio-educa\u021bionale din Rom\u00e2nia dedicate copiilor \u0219i tinerilor afla\u021bi \u00een sistemul de protec\u021bie sau proveni\u021bi din medii vulnerabile.<\/p>\n<p class=\"wp-block-paragraph\">Programul este implementat la nivel na\u021bional de Asocia\u021bia Lindenfeld \u0219i ofer\u0103 sprijin adaptat nevoilor fiec\u0103rui copil.<\/p>\n<p class=\"wp-block-paragraph\">Prin implicarea voluntarilor \u0219i a speciali\u0219tilor, beneficiarii primesc ajutor la teme, preg\u0103tire \u0219i remediere \u0219colar\u0103, mentorat, particip\u0103 la ateliere educative \u0219i cursuri voca\u021bionale \u0219i pot beneficia de consiliere, psihoterapie \u0219i logopedie.<\/p>\n<figure class=\"wp-block-image size-full\"><img decoding=\"async\" loading=\"lazy\" width=\"1024\" height=\"683\" src=\"https:\/\/stiridinsursebuzau.ro\/wp-content\/uploads\/2026\/08\/729797814_1363494202344706_6553165975004573589_n-1024x683-1.jpg\" alt class=\"wp-image-48564\"><\/figure>\n<p class=\"wp-block-paragraph\">Sunt organizate inclusiv ie\u0219iri, excursii \u0219i tabere de via\u021b\u0103 independent\u0103, astfel \u00eenc\u00e2t copiii s\u0103 aib\u0103 acces la experien\u021be care, \u00een alte condi\u021bii, le-ar fi greu accesibile.<\/p>\n<p class=\"wp-block-paragraph\">Pentru adolescen\u021bi \u0219i tineri, programul \u00eenseamn\u0103 \u0219i consiliere voca\u021bional\u0103, orientare \u00een carier\u0103, cursuri de calificare, mentorat \u0219i preg\u0103tire pentru momentul \u00een care vor trebui s\u0103 \u00ee\u0219i construiasc\u0103 o via\u021b\u0103 independent\u0103.<\/p>\n<p class=\"wp-block-paragraph\">Ajungem MARI a fost lansat \u00een anul 2014, pornind de la ideea c\u0103 ace\u0219ti copii au nevoie de mai mult dec\u00e2t ajutor punctual, cadouri sau activit\u0103\u021bi ocazionale. Au nevoie de rela\u021bii stabile, educa\u021bie, \u00eencurajare \u0219i adul\u021bi care s\u0103 cread\u0103 \u00een ei pe termen lung.<\/p>\n<p class=\"wp-block-paragraph\">Dona\u021biile colectate prin Cursa Copiilor by UniCredit Bank din cadrul Buz\u0103u 21k vor contribui la continuarea acestor activit\u0103\u021bi.<\/p>\n<h2 class=\"wp-block-heading\">Mi\u0219carea devine o lec\u021bie despre solidaritate<\/h2>\n<figure class=\"wp-block-image size-large\"><img decoding=\"async\" loading=\"lazy\" width=\"819\" height=\"1024\" src=\"https:\/\/stiridinsursebuzau.ro\/wp-content\/uploads\/2026\/08\/cursa-copiilor-Buzau-21k-1-1-819x1024.jpg\" alt class=\"wp-image-48561\"><\/figure>\n<p class=\"wp-block-paragraph\">Pentru p\u0103rin\u021bi, participarea la Cursa Copiilor poate reprezenta \u0219i \u00eenceputul unei discu\u021bii importante cu cei mici despre generozitate, implicare \u0219i sprijinirea celor din jur.<\/p>\n<p class=\"wp-block-paragraph\">Copiii descoper\u0103 c\u0103 pot face sport, se pot bucura de atmosfera unei competi\u021bii \u0219i, \u00een acela\u0219i timp, pot contribui la ajutorarea altor copii.<\/p>\n<p class=\"wp-block-paragraph\">Cursa nu este despre presiunea ob\u021binerii unui rezultat, ci despre curajul de a veni la start, bucuria de a alerga \u0219i sentimentul de apartenen\u021b\u0103 la o comunitate.<\/p>\n<p class=\"wp-block-paragraph\">La fini\u0219, fiecare pas cap\u0103t\u0103 astfel o dubl\u0103 semnifica\u021bie. Pentru copilul care alearg\u0103 \u00eenseamn\u0103 \u00eencredere, emo\u021bie \u0219i o amintire frumoas\u0103, iar pentru un copil sprijinit prin Ajungem MARI, dona\u021bia poate \u00eensemna acces la educa\u021bie, mentorat, consiliere, o experien\u021b\u0103 nou\u0103 sau sprijinul constant al unui adult.<\/p>\n<h2 class=\"wp-block-heading\">Buz\u0103u 21k aduce ora\u0219ul \u00eempreun\u0103 pentru sport \u0219i opt cauze caritabile<\/h2>\n<p class=\"wp-block-paragraph\"><a href=\"https:\/\/buzau.21k.ro\/\" target=\"_blank\" rel=\"noopener\">Buz\u0103u 21k<\/a> este primul semimaraton al jude\u021bului Buz\u0103u \u0219i este organizat de Funda\u021bia Comunitar\u0103 Buz\u0103u.<\/p>\n<p class=\"wp-block-paragraph\">Edi\u021bia din acest an va avea loc pe <strong>27 septembrie 2026<\/strong> \u0219i va aduce \u00eempreun\u0103 alerg\u0103tori experimenta\u021bi, amatori, familii \u0219i copii, \u00een jurul sportului, s\u0103n\u0103t\u0103\u021bii \u0219i solidarit\u0103\u021bii.<\/p>\n<p class=\"wp-block-paragraph\">Participan\u021bii pot alege \u00eentre semimaratonul de 21 de kilometri \u0219i cursele de 10 kilometri, 5 kilometri, 2,5 kilometri \u0219i Cursa Copiilor.<\/p>\n<p class=\"wp-block-paragraph\">Startul \u0219i fini\u0219ul sunt programate la Stadionul de Atletism din Buz\u0103u, iar traseele vor transforma str\u0103zile ora\u0219ului \u00eentr-un spa\u021biu dedicat mi\u0219c\u0103rii \u0219i energiei comunitare.<\/p>\n<p class=\"wp-block-paragraph\">Dincolo de componenta sportiv\u0103, Buz\u0103u 21k este \u0219i o platform\u0103 de implicare \u0219i fundraising. La edi\u021bia din acest an, alerg\u0103torii \u0219i sus\u021bin\u0103torii lor vor mobiliza comunitatea pentru <strong>opt cauze caritabile<\/strong>, din domenii precum educa\u021bia, s\u0103n\u0103tatea, incluziunea \u0219i sprijinirea persoanelor vulnerabile.<\/p>\n<p class=\"wp-block-paragraph\">Cursa Copiilor completeaz\u0103 aceast\u0103 misiune: costurile de organizare sunt acoperite cu sprijinul UniCredit Bank, iar \u00eentreaga sum\u0103 de 50 de lei achitat\u0103 la fiecare \u00eenscriere este donat\u0103 programului Ajungem MARI.<\/p>\n<h2 class=\"wp-block-heading\">Ultimele locuri disponibile la Cursa Copiilor<\/h2>\n<p class=\"wp-block-paragraph\">Organizatorii anun\u021b\u0103 c\u0103 Buz\u0103u 21k a intrat \u00een etapa final\u0103 a \u00eenscrierilor, iar locurile disponibile pentru Cursa Copiilor sunt limitate.<\/p>\n<p class=\"wp-block-paragraph\">P\u0103rin\u021bii care doresc s\u0103 le ofere celor mici o experien\u021b\u0103 sportiv\u0103 cu o important\u0103 component\u0103 caritabil\u0103 sunt \u00eencuraja\u021bi s\u0103 \u00eei \u00eenscrie din timp.<\/p>\n<p class=\"wp-block-paragraph\"><strong>Cursa Copiilor va avea loc duminic\u0103, 27 septembrie 2026, de la ora 13:00, la Stadionul de Atletism din Buz\u0103u.<\/strong><\/p>\n<p class=\"wp-block-paragraph\">\u00censcrierile se fac exclusiv online, p\u00e2n\u0103 pe <strong>21 septembrie 2026<\/strong>, \u00een limita locurilor disponibile.<\/p>\n<p class=\"wp-block-paragraph\"><strong>Un copil alearg\u0103. Un alt copil prime\u0219te o \u0219ans\u0103 \u00een plus.<\/strong><\/p>\n<h3 class=\"wp-block-heading\">Cursa Copiilor \u2013 Buz\u0103u 21k<\/h3>\n<p class=\"wp-block-paragraph\"><strong>Data:<\/strong> duminic\u0103, 27 septembrie 2026<br \/><strong>Ora startului:<\/strong> 13:00<br \/><strong>Locul:<\/strong> Stadionul de Atletism Buz\u0103u<br \/><strong>Participarea:<\/strong> gratuit\u0103, cu sprijinul UniCredit Bank<br \/><strong>Dona\u021bia la \u00eenscriere:<\/strong> 50 de lei, direc\u021biona\u021bi integral c\u0103tre programul Ajungem MARI<br \/><strong>Organizator Buz\u0103u 21k:<\/strong> Funda\u021bia Comunitar\u0103 Buz\u0103u<br \/><strong>Termen-limit\u0103 pentru \u00eenscrieri:<\/strong> 21 septembrie 2026, \u00een limita locurilor disponibile<\/p>\n<figure class=\"wp-block-image size-full\"><img decoding=\"async\" loading=\"lazy\" width=\"1024\" height=\"536\" src=\"https:\/\/stiridinsursebuzau.ro\/wp-content\/uploads\/2026\/08\/710280166_982470067840321_6812059076529511426_n-1024x536-1.jpg\" alt class=\"wp-image-48562\"><\/figure>\n<div class=\"post-views content-post post-48553 entry-meta load-static\" data-pvc-type=\"post\" data-pvc-id=\"48553\"><span class=\"post-views-label\">Vizualiz\u0103ri \u0219tire:<\/span><span class=\"post-views-count\">1.869<\/span><\/div>\n<div id=\"stiri-3702092644\" class=\"stiri-dupa-continut-2 stiri-entity-placement\"><a href=\"https:\/\/rapidservicebuzau.ro\/\" aria-label=\"RAPID SUPER SERVICE\"><img decoding=\"async\" loading=\"lazy\" src=\"https:\/\/stiridinsursebuzau.ro\/wp-content\/uploads\/2026\/02\/ChatGPT-Image-10-feb.-2026-22_24_01.png\" alt width=\"1536\" height=\"1024\"><\/a><\/div>\n<div id=\"stiri-3569734730\" class=\"stiri-dupa-continut_2 stiri-entity-placement\"><a href=\"https:\/\/www.facebook.com\/profile.php?id=61564932526740\" aria-label=\"Glamour Pizza &quot;la patrat&quot;\"><img decoding=\"async\" loading=\"lazy\" src=\"https:\/\/stiridinsursebuzau.ro\/wp-content\/uploads\/2026\/02\/ChatGPT-Image-10-feb.-2026-21_57_13.png\" alt=\"Glamour Pizza &quot;la patrat&quot;\" width=\"1536\" height=\"1024\"><\/a><\/div>\n<div id=\"stiri-570311292\" class=\"stiri-dupa-continut_3 stiri-entity-placement\"><a href=\"https:\/\/www.facebook.com\/profile.php?id=61573613380169&amp;locale=ro_RO\" aria-label=\"ChatGPT Image 10 feb. 2026, 22_10_50\"><img decoding=\"async\" loading=\"lazy\" src=\"https:\/\/stiridinsursebuzau.ro\/wp-content\/uploads\/2026\/02\/ChatGPT-Image-10-feb.-2026-22_10_50.png\" alt width=\"1536\" height=\"1024\"><\/a><\/div>\n<div id=\"stiri-43843487\" class=\"stiri-dupa-continut_4 stiri-entity-placement\"><a href=\"https:\/\/www.facebook.com\/profile.php?id=100077377992379\" aria-label=\"1536 cu 1024 pixeli\"><img decoding=\"async\" loading=\"lazy\" src=\"https:\/\/stiridinsursebuzau.ro\/wp-content\/uploads\/2026\/02\/ChatGPT-Image-20-feb.-2026-14_05_15.png\" alt=\"1536 cu 1024 pixeli\" width=\"1536\" height=\"1024\"><\/a><\/div>\n<div id=\"stiri-3031809001\" class=\"stiri-dupa-continut_5 stiri-entity-placement\"><img decoding=\"async\" loading=\"lazy\" src=\"https:\/\/stiridinsursebuzau.ro\/wp-content\/uploads\/2026\/02\/ChatGPT-Image-10-feb.-2026-23_00_56.png\" alt=\"piese tractoare\" width=\"1536\" height=\"1024\"><\/div>\n<nav class=\"navigation post-navigation\" aria-label=\"Articole\">\n<h2 class=\"screen-reader-text\">Navigare \u00een articole<\/h2>\n<div class=\"nav-links\">\n<div class=\"nav-previous\"><a href=\"https:\/\/stiridinsursebuzau.ro\/contract-de-118-milioane-de-lei-dar-asfaltarea-nu-a-inceput-firma-lui-ion-leu-acuzata-de-primaria-cozieni-ca-nu-a-executat-lucrarea-si-nu-a-constituit-garantia-de-buna-executie\/\" rel=\"prev\">Contract de 11,8 milioane de lei, dar asfaltarea nu a \u00eenceput. Firma lui Ion Leu, acuzat\u0103 de Prim\u0103ria Cozieni c\u0103 nu a executat lucrarea \u0219i nu a constituit garan\u021bia de bun\u0103 execu\u021bie <\/a><\/div>\n<div class=\"nav-next\"><a href=\"https:\/\/stiridinsursebuzau.ro\/megaproiectul-promis-de-toma-inca-din-2016-prinde-contur-pasaj-peste-calea-ferata-intre-aurel-vlaicu-si-zona-garii\/\" rel=\"next\"> Megaproiectul promis de Toma \u00eenc\u0103 din 2016 prinde contur. Pasaj peste calea ferat\u0103 \u00eentre Aurel Vlaicu \u0219i zona G\u0103rii<\/a><\/div>\n<\/div>\n<\/nav>\n<\/article>\n<p>[analyse_source url=&#8221;https:\/\/stiridinsursebuzau.ro\/fiecare-copil-care-alearga-la-buzau-21k-ajuta-un-alt-copil-taxa-de-50-de-lei-de-la-cursa-copiilor-devine-donatie-pentru-programul-ajungem-mari\/&#8221;]<\/p>\n","protected":false},"excerpt":{"rendered":"<p>[analyse_image type=&#8221;featured&#8221; src=&#8221;https:\/\/stiridinsursebuzau.ro\/wp-content\/uploads\/2026\/08\/cursa-copiilor-Buzau-21k-1.jpg&#8221;] Cursa Copiilor din cadrul Buz\u0103u 21k cap\u0103t\u0103 anul acesta o important\u0103 component\u0103 caritabil\u0103. De\u0219i participarea celor mici este gratuit\u0103, fiecare \u00eenscriere presupune achitarea online a unei sume de 50 de lei, bani care nu acoper\u0103 costurile cursei, ci sunt direc\u021biona\u021bi integral, sub form\u0103 de dona\u021bie, c\u0103tre programul Ajungem MARI, dedicat copiilor \u0219i [&hellip;]<\/p>\n","protected":false},"author":1,"featured_media":0,"comment_status":"open","ping_status":"","sticky":false,"template":"","format":"standard","meta":{"footnotes":""},"categories":[2],"tags":[226,60],"class_list":["post-2118084","post","type-post","status-publish","format-standard","hentry","category-politics","tag-crawlmanager","tag-stiridinsursebuzau-ro"],"_links":{"self":[{"href":"https:\/\/analyse.optim.biz\/index.php?rest_route=\/wp\/v2\/posts\/2118084","targetHints":{"allow":["GET"]}}],"collection":[{"href":"https:\/\/analyse.optim.biz\/index.php?rest_route=\/wp\/v2\/posts"}],"about":[{"href":"https:\/\/analyse.optim.biz\/index.php?rest_route=\/wp\/v2\/types\/post"}],"author":[{"embeddable":true,"href":"https:\/\/analyse.optim.biz\/index.php?rest_route=\/wp\/v2\/users\/1"}],"replies":[{"embeddable":true,"href":"https:\/\/analyse.optim.biz\/index.php?rest_route=%2Fwp%2Fv2%2Fcomments&post=2118084"}],"version-history":[{"count":0,"href":"https:\/\/analyse.optim.biz\/index.php?rest_route=\/wp\/v2\/posts\/2118084\/revisions"}],"wp:attachment":[{"href":"https:\/\/analyse.optim.biz\/index.php?rest_route=%2Fwp%2Fv2%2Fmedia&parent=2118084"}],"wp:term":[{"taxonomy":"category","embeddable":true,"href":"https:\/\/analyse.optim.biz\/index.php?rest_route=%2Fwp%2Fv2%2Fcategories&post=2118084"},{"taxonomy":"post_tag","embeddable":true,"href":"https:\/\/analyse.optim.biz\/index.php?rest_route=%2Fwp%2Fv2%2Ftags&post=2118084"}],"curies":[{"name":"wp","href":"https:\/\/api.w.org\/{rel}","templated":true}]}}