{"id":2118082,"date":"2026-08-26T21:02:11","date_gmt":"2026-08-26T18:02:11","guid":{"rendered":"https:\/\/analyse.optim.biz\/?p=2118082"},"modified":"2026-08-26T21:02:11","modified_gmt":"2026-08-26T18:02:11","slug":"patrula-catelusilor-aterizeaza-si-la-buzau","status":"publish","type":"post","link":"https:\/\/analyse.optim.biz\/?p=2118082","title":{"rendered":"Patrula C\u0103\u021belu\u0219ilor aterizeaz\u0103 \u0219i la Buz\u0103u"},"content":{"rendered":"<p>[analyse_image type=&#8221;featured&#8221; src=&#8221;https:\/\/opiniabuzau.ro\/wp-content\/uploads\/2026\/08\/patrula-catelusilor.webp&#8221;]<\/p>\n<div class=\"entry-content entry clearfix\">\n<blockquote>\n<p><strong>O veste excelent\u0103 pentru cei mai tineri locuitori ai ora\u0219ului \u0219i de ce nu, pentru p\u0103rin\u021bii afla\u021bi \u00een c\u0103utare de activit\u0103\u021bi interactive, \u00een familie. \u00cendr\u0103gitele personaje din faimosul serial de anima\u021bie \u201ePAW Patrol\u201d (Patrula C\u0103\u021belu\u0219ilor) sosesc la Buz\u0103u pentru un eveniment special plin de energie, muzic\u0103 \u0219i distrac\u021bie.<\/strong><\/p>\n<\/blockquote>\n<p>Misiunea de salvare este programat\u0103 pentru vineri, 30 august, \u00eencep\u00e2nd cu ora 14.00, gazda evenimentului fiind centrul comercial Shopping City Buz\u0103u.<\/p>\n<p>Cele mai iubite personaje ale francizei, Chase, c\u0103\u021belu\u0219ul poli\u021bist \u0219i liderul \u00eenn\u0103scut, Marshall, pompierul ne\u00eendem\u00e2natic dar curajos, \u0219i Skye, feti\u021ba-cocker spaniol pasionat\u0103 de zbor vor urca pe scen\u0103 \u00eentr-un mini show interactiv. Spectacolul este conceput special pentru a-i introduce pe copii \u00eentr-o aventur\u0103 captivant\u0103, promov\u00e2nd valori esen\u021biale precum spiritul de echip\u0103, curajul, prietenia \u0219i ajutorul reciproc. Dinamic \u0219i plin de culoare, spectacolul promite s\u0103 \u00eei \u021bin\u0103 pe cei mici cu sufletul la gur\u0103 \u0219i s\u0103 \u00eei determine s\u0103 participe activ la \u201emisiunile\u201d lansate de pe scen\u0103.<\/p>\n<p>Imediat dup\u0103 \u00eencheierea spectacolului, organizatorii au preg\u0103tit un moment extrem de a\u0219teptat, o sesiune special\u0103 de meet &amp; greet. Copiii vor avea oportunitatea unic\u0103 de a urca pe scen\u0103 al\u0103turi de personajele lor favorite, de a le str\u00e2nge m\u00e2na \u0219i de a imortaliza momentul. P\u0103rin\u021bii sunt sf\u0103tui\u021bi s\u0103 aib\u0103 telefoanele \u0219i aparatele foto preg\u0103tite pentru fotografii memorabile al\u0103turi de Chase, Marshall \u0219i Skye.<\/p>\n<p>Pentru ca publicul s\u0103 se poat\u0103 bucura \u00een siguran\u021b\u0103 de eveniment, acesta se va desf\u0103\u0219ura \u00eentr-o zon\u0103 accesibil\u0103 \u0219i spa\u021bioas\u0103, la etajul 1, \u00een zona Food Court, chiar l\u00e2ng\u0103 Cinema City.<\/p>\n<div class=\"stream-item stream-item-in-post stream-item-inline-post aligncenter\"><a href=\"https:\/\/vreaulanova.ro\/?utm_source=opiniabuzau&amp;utm_medium=image\" title target=\"_blank\"><img loading=\"lazy\" decoding=\"async\" data-od-unknown-tag data-od-xpath=\"\/HTML\/BODY\/DIV[@class=&apos;background-overlay&apos;]\/*[1][self::DIV]\/*[1][self::DIV]\/*[4][self::DIV]\/*[1][self::DIV]\/*[1][self::DIV]\/*[2][self::ARTICLE]\/*[3][self::DIV]\/*[7][self::DIV]\/*[1][self::A]\/*[1][self::IMG]\" src=\"https:\/\/opiniabuzau.ro\/wp-content\/smush-webp\/2022\/02\/MicrosoftTeams-image-4-1.jpg.webp\" alt width=\"728\" height=\"91\" class=\"perfmatters-lazy\"><img loading=\"lazy\" decoding=\"async\" data-od-unknown-tag data-od-xpath=\"\/HTML\/BODY\/DIV[@class=&apos;background-overlay&apos;]\/*[1][self::DIV]\/*[1][self::DIV]\/*[4][self::DIV]\/*[1][self::DIV]\/*[1][self::DIV]\/*[2][self::ARTICLE]\/*[3][self::DIV]\/*[7][self::DIV]\/*[1][self::A]\/*[1][self::IMG]\" src=\"https:\/\/opiniabuzau.ro\/wp-content\/smush-webp\/2022\/02\/MicrosoftTeams-image-4-1.jpg.webp\" alt width=\"728\" height=\"91\"><\/a><\/div>\n<p>Intrarea va fi este complet liber\u0103, nefiind necesar\u0103 o \u00eenscriere prealabil\u0103 sau achizi\u021bionarea unui bilet.<\/p>\n<p>Zona aleas\u0103 le va permite p\u0103rin\u021bilor s\u0103 combine utilul cu pl\u0103cutul, av\u00e2nd la dispozi\u021bie o gam\u0103 larg\u0103 de restaurante pentru o mas\u0103 \u00een familie \u00eenainte sau dup\u0103 spectacol, dar \u0219i proximitatea cinematografului pentru cei care doresc s\u0103 prelungeasc\u0103 ziua dedicat\u0103 distrac\u021biei. Evenimentul reprezint\u0103 o ocazie ideal\u0103 pentru buzoieni, \u0219i nu numai, de a le oferi copiilor o zi de neuitat, chiar \u00een ultimele zile de vacan\u021b\u0103 din aceast\u0103 var\u0103. Av\u00e2nd \u00een vedere popularitatea uria\u0219\u0103 de care se bucur\u0103 Patrula C\u0103\u021belu\u0219ilor la nivel global \u0219i local, organizatorii anticipeaz\u0103 un aflux mare de public, astfel c\u0103 se recomand\u0103 sosirea la mall cu c\u00e2teva minute \u00eenainte de ora de \u00eencepere pentru a prinde un loc c\u00e2t mai bun \u00een fa\u021ba scenei.<\/p>\n<\/div>\n<p>[analyse_source url=&#8221;https:\/\/opiniabuzau.ro\/patrula-catelusilor-aterizeaza-si-la-buzau\/&#8221;]<\/p>\n","protected":false},"excerpt":{"rendered":"<p>[analyse_image type=&#8221;featured&#8221; src=&#8221;https:\/\/opiniabuzau.ro\/wp-content\/uploads\/2026\/08\/patrula-catelusilor.webp&#8221;] O veste excelent\u0103 pentru cei mai tineri locuitori ai ora\u0219ului \u0219i de ce nu, pentru p\u0103rin\u021bii afla\u021bi \u00een c\u0103utare de activit\u0103\u021bi interactive, \u00een familie. \u00cendr\u0103gitele personaje din faimosul serial de anima\u021bie \u201ePAW Patrol\u201d (Patrula C\u0103\u021belu\u0219ilor) sosesc la Buz\u0103u pentru un eveniment special plin de energie, muzic\u0103 \u0219i distrac\u021bie. Misiunea de salvare este [&hellip;]<\/p>\n","protected":false},"author":1,"featured_media":0,"comment_status":"open","ping_status":"","sticky":false,"template":"","format":"standard","meta":{"footnotes":""},"categories":[2],"tags":[226,44],"class_list":["post-2118082","post","type-post","status-publish","format-standard","hentry","category-politics","tag-crawlmanager","tag-opiniabuzau-ro"],"_links":{"self":[{"href":"https:\/\/analyse.optim.biz\/index.php?rest_route=\/wp\/v2\/posts\/2118082","targetHints":{"allow":["GET"]}}],"collection":[{"href":"https:\/\/analyse.optim.biz\/index.php?rest_route=\/wp\/v2\/posts"}],"about":[{"href":"https:\/\/analyse.optim.biz\/index.php?rest_route=\/wp\/v2\/types\/post"}],"author":[{"embeddable":true,"href":"https:\/\/analyse.optim.biz\/index.php?rest_route=\/wp\/v2\/users\/1"}],"replies":[{"embeddable":true,"href":"https:\/\/analyse.optim.biz\/index.php?rest_route=%2Fwp%2Fv2%2Fcomments&post=2118082"}],"version-history":[{"count":0,"href":"https:\/\/analyse.optim.biz\/index.php?rest_route=\/wp\/v2\/posts\/2118082\/revisions"}],"wp:attachment":[{"href":"https:\/\/analyse.optim.biz\/index.php?rest_route=%2Fwp%2Fv2%2Fmedia&parent=2118082"}],"wp:term":[{"taxonomy":"category","embeddable":true,"href":"https:\/\/analyse.optim.biz\/index.php?rest_route=%2Fwp%2Fv2%2Fcategories&post=2118082"},{"taxonomy":"post_tag","embeddable":true,"href":"https:\/\/analyse.optim.biz\/index.php?rest_route=%2Fwp%2Fv2%2Ftags&post=2118082"}],"curies":[{"name":"wp","href":"https:\/\/api.w.org\/{rel}","templated":true}]}}