{"id":2118080,"date":"2026-08-27T21:02:54","date_gmt":"2026-08-27T18:02:54","guid":{"rendered":"https:\/\/analyse.optim.biz\/?p=2118080"},"modified":"2026-08-27T21:02:54","modified_gmt":"2026-08-27T18:02:54","slug":"amadeus-cel-mai-mare-turneu-national-de-pana-acum","status":"publish","type":"post","link":"https:\/\/analyse.optim.biz\/?p=2118080","title":{"rendered":"Amadeus, cel mai mare turneu na\u021bional de p\u00e2n\u0103 acum"},"content":{"rendered":"<p>[analyse_image type=&#8221;featured&#8221; src=&#8221;https:\/\/opiniabuzau.ro\/wp-content\/uploads\/2026\/08\/amadeus-1-scaled.webp&#8221;]<\/p>\n<div class=\"entry-content entry clearfix\">\n<blockquote>\n<p><strong>Cvartetul Amadeus, unul dintre cele mai de succes proiecte muzicale independente din Rom\u00e2nia, \u00ee\u0219i extinde planurile pentru aniversarea a un sfert de secol de activitate.<\/strong><\/p>\n<\/blockquote>\n<p>Dac\u0103 ini\u021bial fusese stabilit un singur concert de gal\u0103, succesul uria\u0219 \u0219i dorin\u021ba de a fi aproape de fani le-au determinat pe artiste s\u0103 transforme totul \u00eentr-un amplu turneu na\u021bional intitulat \u201eThe Journey-Amadeus 25\u201d.<\/p>\n<p>Reamintim c\u0103 jum\u0103tate din trupa care a cucerit peste 40 de \u021b\u0103ri este format\u0103 din buzoience. Andreea Runceanu (vioar\u0103) \u0219i Patricia Cimpoia\u0219u (violoncel) duc numele Buz\u0103ului la nivel interna\u021bional de 25 de ani, demonstr\u00e2nd c\u0103 talentul crescut pe plaiurile noastre nu are frontiere.<\/p>\n<p>Ceea ce trebuia s\u0103 fie un singur moment aniversar s-a transformat \u00eentr-o adev\u0103rat\u0103 desf\u0103\u0219urare de for\u021be artistice. Turneul na\u021bional va bifa scene importante din marile ora\u0219e ale \u021b\u0103rii \u0219i va aduce \u00een fa\u021ba publicului piesele care au definit stilul unic classical crossover al trupei, dar \u0219i momente inedite.<\/p>\n<p><em>\u201eTurneul na\u021bional &lt;The Journey-Amadeus 25&gt; marcheaz\u0103 25 de ani de Amadeus: ani de scene, drumuri prin peste 40 de \u021b\u0103ri, emo\u021bii, prietenie \u0219i o poveste frumoas\u0103 care ne-a umplut via\u021ba de bucurie\u201d<\/em>, transmit artistele pe re\u021belele de socializare.<\/p>\n<div class=\"stream-item stream-item-in-post stream-item-inline-post aligncenter\"><a href=\"https:\/\/vreaulanova.ro\/?utm_source=opiniabuzau&amp;utm_medium=image\" title target=\"_blank\"><img loading=\"lazy\" decoding=\"async\" data-od-unknown-tag data-od-xpath=\"\/HTML\/BODY\/DIV[@class=&apos;background-overlay&apos;]\/*[1][self::DIV]\/*[1][self::DIV]\/*[4][self::DIV]\/*[1][self::DIV]\/*[1][self::DIV]\/*[2][self::ARTICLE]\/*[3][self::DIV]\/*[7][self::DIV]\/*[1][self::A]\/*[1][self::IMG]\" src=\"https:\/\/opiniabuzau.ro\/wp-content\/smush-webp\/2022\/02\/MicrosoftTeams-image-4-1.jpg.webp\" alt width=\"728\" height=\"91\" class=\"perfmatters-lazy\"><img loading=\"lazy\" decoding=\"async\" data-od-unknown-tag data-od-xpath=\"\/HTML\/BODY\/DIV[@class=&apos;background-overlay&apos;]\/*[1][self::DIV]\/*[1][self::DIV]\/*[4][self::DIV]\/*[1][self::DIV]\/*[1][self::DIV]\/*[2][self::ARTICLE]\/*[3][self::DIV]\/*[7][self::DIV]\/*[1][self::A]\/*[1][self::IMG]\" src=\"https:\/\/opiniabuzau.ro\/wp-content\/smush-webp\/2022\/02\/MicrosoftTeams-image-4-1.jpg.webp\" alt width=\"728\" height=\"91\"><\/a><\/div>\n<blockquote>\n<figure id=\"attachment_478570\" aria-describedby=\"caption-attachment-478570\" class=\"wp-caption alignleft\"><img loading=\"lazy\" decoding=\"async\" data-od-unknown-tag data-od-xpath=\"\/HTML\/BODY\/DIV[@class=&apos;background-overlay&apos;]\/*[1][self::DIV]\/*[1][self::DIV]\/*[4][self::DIV]\/*[1][self::DIV]\/*[1][self::DIV]\/*[2][self::ARTICLE]\/*[3][self::DIV]\/*[8][self::BLOCKQUOTE]\/*[1][self::FIGURE]\/*[1][self::IMG]\" class=\"wp-image-478570 size-medium perfmatters-lazy\" src=\"https:\/\/opiniabuzau.ro\/wp-content\/uploads\/2026\/08\/alexandra-usurelu-360x220.webp\" alt width=\"360\" height=\"220\"><img loading=\"lazy\" decoding=\"async\" data-od-unknown-tag data-od-xpath=\"\/HTML\/BODY\/DIV[@class=&apos;background-overlay&apos;]\/*[1][self::DIV]\/*[1][self::DIV]\/*[4][self::DIV]\/*[1][self::DIV]\/*[1][self::DIV]\/*[2][self::ARTICLE]\/*[3][self::DIV]\/*[8][self::BLOCKQUOTE]\/*[1][self::FIGURE]\/*[1][self::IMG]\" class=\"wp-image-478570 size-medium\" src=\"https:\/\/opiniabuzau.ro\/wp-content\/uploads\/2026\/08\/alexandra-usurelu-360x220.webp\" alt width=\"360\" height=\"220\"><figcaption id=\"caption-attachment-478570\" class=\"wp-caption-text\">Alexandra U\u0219urelu<\/figcaption><\/figure>\n<p><span><strong>Dincolo de ritmurile electrizante de vioar\u0103 \u0219i violoncel, spectacolele promit o atmosfer\u0103 cald\u0103 \u0219i intim\u0103, publicul av\u00e2nd ocazia s\u0103 asculte pove\u0219ti nespuse din culise, secrete din turneele interna\u021bionale \u0219i detalii despre \u00eent\u00e2lnirile care le-au marcat cariera celor patru artiste. Pentru ca magia s\u0103 fie complet\u0103, pe tot parcursul turneului, fetelor li se va al\u0103tura una dintre cele mai sensibile \u0219i apreciate voci din muzica rom\u00e2neasc\u0103 actual\u0103: Alexandra U\u0219urelu<span>,<\/span> invitat\u0103 special\u0103 \u00een aceast\u0103 c\u0103l\u0103torie muzical\u0103.<\/strong><\/span><\/p>\n<\/blockquote>\n<h3>Datele anun\u021bate de trup\u0103 pentru \u00eent\u00e2lnirile cu publicul sunt:<\/h3>\n<ul>\n<li>4 octombrie \u2013 Timi\u0219oara, Sala Capitol,<\/li>\n<li>24 octombrie \u2013 Pite\u0219ti, Casa de Cultur\u0103 a Sindicatelor,<\/li>\n<li>5 noiembrie \u2013 Sibiu, Centrul Cultural \u201eIon Besoiu\u201d,<\/li>\n<li>7 noiembrie \u2013 Oradea, Casa de Cultur\u0103 a Sindicatelor,<\/li>\n<li>8 noiembrie \u2013 Cluj-Napoca, Sala Auditorium Maximum,<\/li>\n<li>21 noiembrie \u2013 Bucure\u0219ti, Sala Radio.<\/li>\n<\/ul>\n<p>Buzoienii care vor s\u0103 le vad\u0103 pe Andreea \u0219i pe Patricia \u00een aceast\u0103 produc\u021bie grandioas\u0103 \u00ee\u0219i pot rezerva deja locurile, biletele fiind puse \u00een v\u00e2nzare prin platforma na\u021bional\u0103 iaBilet.ro.<\/p>\n<p>\u00a0<\/p>\n<\/div>\n<p>[analyse_source url=&#8221;https:\/\/opiniabuzau.ro\/amadeus-cel-mai-mare-turneu-national-de-pana-acum\/&#8221;]<\/p>\n","protected":false},"excerpt":{"rendered":"<p>[analyse_image type=&#8221;featured&#8221; src=&#8221;https:\/\/opiniabuzau.ro\/wp-content\/uploads\/2026\/08\/amadeus-1-scaled.webp&#8221;] Cvartetul Amadeus, unul dintre cele mai de succes proiecte muzicale independente din Rom\u00e2nia, \u00ee\u0219i extinde planurile pentru aniversarea a un sfert de secol de activitate. Dac\u0103 ini\u021bial fusese stabilit un singur concert de gal\u0103, succesul uria\u0219 \u0219i dorin\u021ba de a fi aproape de fani le-au determinat pe artiste s\u0103 transforme totul \u00eentr-un [&hellip;]<\/p>\n","protected":false},"author":1,"featured_media":0,"comment_status":"open","ping_status":"","sticky":false,"template":"","format":"standard","meta":{"footnotes":""},"categories":[2],"tags":[226,44],"class_list":["post-2118080","post","type-post","status-publish","format-standard","hentry","category-politics","tag-crawlmanager","tag-opiniabuzau-ro"],"_links":{"self":[{"href":"https:\/\/analyse.optim.biz\/index.php?rest_route=\/wp\/v2\/posts\/2118080","targetHints":{"allow":["GET"]}}],"collection":[{"href":"https:\/\/analyse.optim.biz\/index.php?rest_route=\/wp\/v2\/posts"}],"about":[{"href":"https:\/\/analyse.optim.biz\/index.php?rest_route=\/wp\/v2\/types\/post"}],"author":[{"embeddable":true,"href":"https:\/\/analyse.optim.biz\/index.php?rest_route=\/wp\/v2\/users\/1"}],"replies":[{"embeddable":true,"href":"https:\/\/analyse.optim.biz\/index.php?rest_route=%2Fwp%2Fv2%2Fcomments&post=2118080"}],"version-history":[{"count":0,"href":"https:\/\/analyse.optim.biz\/index.php?rest_route=\/wp\/v2\/posts\/2118080\/revisions"}],"wp:attachment":[{"href":"https:\/\/analyse.optim.biz\/index.php?rest_route=%2Fwp%2Fv2%2Fmedia&parent=2118080"}],"wp:term":[{"taxonomy":"category","embeddable":true,"href":"https:\/\/analyse.optim.biz\/index.php?rest_route=%2Fwp%2Fv2%2Fcategories&post=2118080"},{"taxonomy":"post_tag","embeddable":true,"href":"https:\/\/analyse.optim.biz\/index.php?rest_route=%2Fwp%2Fv2%2Ftags&post=2118080"}],"curies":[{"name":"wp","href":"https:\/\/api.w.org\/{rel}","templated":true}]}}