{"id":2118065,"date":"2026-08-29T00:00:00","date_gmt":"2026-08-28T21:00:00","guid":{"rendered":"https:\/\/analyse.optim.biz\/?p=2118065"},"modified":"2026-08-29T00:00:00","modified_gmt":"2026-08-28T21:00:00","slug":"judo-clarisse-agbegnenou-invinsa-in-semifinalele-grand-slam-ului-de-la-lausanne-la-revenirea-in-competitie","status":"publish","type":"post","link":"https:\/\/analyse.optim.biz\/?p=2118065","title":{"rendered":"Judo: Clarisse Agbegnenou, \u00eenvins\u0103 \u00een semifinalele Grand Slam-ului de la Lausanne, la revenirea \u00een competi\u021bie"},"content":{"rendered":"<p>[analyse_image type=&#8221;featured&#8221; src=&#8221;https:\/\/agerpres.ro\/data\/202608\/20260829161202_349144.jpg&#8221;]<\/p>\n<div class=\"mx-auto pt-3\">\n<p><strong>Judoka francez\u0103 Clarisse Agbegnenou, sextupl\u0103 campioan\u0103 mondial\u0103, a fost \u00eenvins\u0103 s\u00e2mb\u0103t\u0103 \u00een semifinale Grand Slam-ului de la Lausanne, la revenirea sa \u00een competi\u021bie la cinci luni dup\u0103 na\u0219terea celui de-al doilea s\u0103u copil, informeaz\u0103 AFP.<\/strong><\/p>\n<p>Dup\u0103 trei victorii, inclusiv o presta\u021bie puternic\u0103 \u00een sferturile de final\u0103 \u00eempotriva olandezei Joanne Van Lieshout, campioana european\u0103 en titre \u0219i campioana mondial\u0103 din 2024, fran\u021buzoaica a pierdut \u00een penultimul act \u00een fa\u021ba polonezei Angelika Szymanska, medaliata cu argint la nivel mondial \u00een 2024, dup\u0103 un yuko cu zece secunde \u00eenainte de final.<\/p>\n<p>Clarisse Agbegnenou, medaliat\u0103 cu aur la Jocurile Olimpice de la Tokyo, \u00een 2021, care va \u00eencerca s\u0103 c\u00e2\u0219tige al \u0219aptelea titlu mondial din cariera sa, \u00een luna octombrie la Baku, va concura s\u00e2mb\u0103t\u0103 dup\u0103-amiaz\u0103 pentru o medalie de bronz la categoria 63 kg, la Grand Slam-ul elve\u021bian.<\/p>\n<p>La 33 de ani, fran\u021buzoaica are ca obiectiv pe termen lung JO 2028 de la Los Angeles, care ar fi a patra sa participare la \u00eentrecerile olimpice.<br \/>\nAGERPRES (AS\/editor: Mihai Dragomir, editor online: Gabriela Badea)<\/p>\n<p><strong>* Sursa foto:<\/strong>\u00a0<a href=\"https:\/\/www.facebook.com\/ClarisseAgb\/\" target=\"_blank\">Clarisse Agbegnenou<\/a> \/ Facebook.com<\/p>\n<\/div>\n<div class=\"mx-auto pt-3\">\n                                Afisari: 5\n                            <\/div>\n<p>[analyse_source url=&#8221;https:\/\/agerpres.ro\/sport-extern\/2026\/08\/29\/judo-clarisse-agbegnenou-invinsa-in-semifinalele-grand-slam-ului-de-la-lausanne-la-revenirea-in-comp&#8211;1588929&#8243;]<\/p>\n","protected":false},"excerpt":{"rendered":"<p>[analyse_image type=&#8221;featured&#8221; src=&#8221;https:\/\/agerpres.ro\/data\/202608\/20260829161202_349144.jpg&#8221;] Judoka francez\u0103 Clarisse Agbegnenou, sextupl\u0103 campioan\u0103 mondial\u0103, a fost \u00eenvins\u0103 s\u00e2mb\u0103t\u0103 \u00een semifinale Grand Slam-ului de la Lausanne, la revenirea sa \u00een competi\u021bie la cinci luni dup\u0103 na\u0219terea celui de-al doilea s\u0103u copil, informeaz\u0103 AFP. Dup\u0103 trei victorii, inclusiv o presta\u021bie puternic\u0103 \u00een sferturile de final\u0103 \u00eempotriva olandezei Joanne Van Lieshout, campioana [&hellip;]<\/p>\n","protected":false},"author":1,"featured_media":0,"comment_status":"open","ping_status":"","sticky":false,"template":"","format":"standard","meta":{"footnotes":""},"categories":[2],"tags":[37,226],"class_list":["post-2118065","post","type-post","status-publish","format-standard","hentry","category-politics","tag-agerpres-ro","tag-crawlmanager"],"_links":{"self":[{"href":"https:\/\/analyse.optim.biz\/index.php?rest_route=\/wp\/v2\/posts\/2118065","targetHints":{"allow":["GET"]}}],"collection":[{"href":"https:\/\/analyse.optim.biz\/index.php?rest_route=\/wp\/v2\/posts"}],"about":[{"href":"https:\/\/analyse.optim.biz\/index.php?rest_route=\/wp\/v2\/types\/post"}],"author":[{"embeddable":true,"href":"https:\/\/analyse.optim.biz\/index.php?rest_route=\/wp\/v2\/users\/1"}],"replies":[{"embeddable":true,"href":"https:\/\/analyse.optim.biz\/index.php?rest_route=%2Fwp%2Fv2%2Fcomments&post=2118065"}],"version-history":[{"count":0,"href":"https:\/\/analyse.optim.biz\/index.php?rest_route=\/wp\/v2\/posts\/2118065\/revisions"}],"wp:attachment":[{"href":"https:\/\/analyse.optim.biz\/index.php?rest_route=%2Fwp%2Fv2%2Fmedia&parent=2118065"}],"wp:term":[{"taxonomy":"category","embeddable":true,"href":"https:\/\/analyse.optim.biz\/index.php?rest_route=%2Fwp%2Fv2%2Fcategories&post=2118065"},{"taxonomy":"post_tag","embeddable":true,"href":"https:\/\/analyse.optim.biz\/index.php?rest_route=%2Fwp%2Fv2%2Ftags&post=2118065"}],"curies":[{"name":"wp","href":"https:\/\/api.w.org\/{rel}","templated":true}]}}