{"id":211799,"date":"2014-02-20T11:18:32","date_gmt":"2014-02-20T08:18:32","guid":{"rendered":"https:\/\/analyse.optim.biz\/?p=211799"},"modified":"2014-02-20T11:18:32","modified_gmt":"2014-02-20T08:18:32","slug":"klaus-iohannis-scad-sansele-de-impacare-in-usl-pnl-nu-renunta-nu-am-cum-sa-fac-un-pas-inapoi","status":"publish","type":"post","link":"https:\/\/analyse.optim.biz\/?p=211799","title":{"rendered":"Klaus Iohannis: Scad \u015fansele de \u00eemp\u0103care \u00een USL. PNL nu renun\u0163\u0103. Nu am cum s\u0103 fac un pas \u00eenapoi"},"content":{"rendered":"<div class=\"entry data-app-meta data-app-meta-article\" data-embed-base-url-canonical=\"https:\/\/www.digi24.ro\/embed\/stiri\/actualitate\/politica\/klaus-iohannis-scad-sansele-de-impacare-in-usl-pnl-nu-renunta-nu-am-cum-sa-fac-un-pas-inapoi-203291\">\n<p data-index=\"1\">\u201eLa ultima \u015fedin\u0163\u0103 a Biroului Permanent al PNL s-a pus problema cum mergem mai departe \u015fi s-a pus \u00eentrebarea dac\u0103 se dore\u015fte schimbarea propunerii. Nu au existat astfel de propuneri, ci, dimpotriv\u0103, to\u0163i cei prezen\u0163i, cu c\u00e2teva ab\u0163ineri au votat pentru continuarea pe aceste propuneri.<\/p>\n<p data-index=\"2\">Pe zi ce trece, \u015fansele de ie\u015fire de impas scad. \u00a0<\/p>\n<p data-index=\"3\">Dac\u0103 PSD sau acest USD ar fi dorit o deblocare ar fi putut nici s\u0103 nu intre \u00een blocaj.<\/p>\n<p data-index=\"4\">Dac\u0103 eu a\u015f fi problema ar fi o problem\u0103 pentru mine.<\/p>\n<p data-index=\"5\"><strong><a href=\"https:\/\/www.digi24.ro\/Stiri\/Digi24\/Actualitate\/Politica\/Crin+Antonescu+Klaus+Iohannis+este+cheia+blocajului+in+USL\" target=\"_blank\" data-skip-linkfix=\"1\" rel=\"noopener\">Domnul Antonescu<\/a><\/strong> poate fi numit oricum, numai \u00eenc\u0103p\u0103\u0163\u00e2nat nu, din arsenalul lui de lider de partid \u00eenc\u0103p\u0103\u0163\u00e2narea nu face parte\u201d, a ad\u0103ugat<strong> Klaus Iohannis.<\/strong><\/p>\n<\/div>\n<p> Source URL: https:\/\/www.digi24.ro\/stiri\/actualitate\/politica\/klaus-iohannis-scad-sansele-de-impacare-in-usl-pnl-nu-renunta-nu-am-cum-sa-fac-un-pas-inapoi-203291<\/p>\n","protected":false},"excerpt":{"rendered":"<p>\u201eLa ultima \u015fedin\u0163\u0103 a Biroului Permanent al PNL s-a pus problema cum mergem mai departe \u015fi s-a pus \u00eentrebarea dac\u0103 se dore\u015fte schimbarea propunerii. Nu au existat astfel de propuneri, ci, dimpotriv\u0103, to\u0163i cei prezen\u0163i, cu c\u00e2teva ab\u0163ineri au votat pentru continuarea pe aceste propuneri. Pe zi ce trece, \u015fansele de ie\u015fire de impas scad. [&hellip;]<\/p>\n","protected":false},"author":1,"featured_media":211800,"comment_status":"open","ping_status":"","sticky":false,"template":"","format":"standard","meta":{"footnotes":""},"categories":[2],"tags":[11],"class_list":["post-211799","post","type-post","status-publish","format-standard","has-post-thumbnail","hentry","category-politics","tag-digi24"],"_links":{"self":[{"href":"https:\/\/analyse.optim.biz\/index.php?rest_route=\/wp\/v2\/posts\/211799","targetHints":{"allow":["GET"]}}],"collection":[{"href":"https:\/\/analyse.optim.biz\/index.php?rest_route=\/wp\/v2\/posts"}],"about":[{"href":"https:\/\/analyse.optim.biz\/index.php?rest_route=\/wp\/v2\/types\/post"}],"author":[{"embeddable":true,"href":"https:\/\/analyse.optim.biz\/index.php?rest_route=\/wp\/v2\/users\/1"}],"replies":[{"embeddable":true,"href":"https:\/\/analyse.optim.biz\/index.php?rest_route=%2Fwp%2Fv2%2Fcomments&post=211799"}],"version-history":[{"count":0,"href":"https:\/\/analyse.optim.biz\/index.php?rest_route=\/wp\/v2\/posts\/211799\/revisions"}],"wp:featuredmedia":[{"embeddable":true,"href":"https:\/\/analyse.optim.biz\/index.php?rest_route=\/wp\/v2\/media\/211800"}],"wp:attachment":[{"href":"https:\/\/analyse.optim.biz\/index.php?rest_route=%2Fwp%2Fv2%2Fmedia&parent=211799"}],"wp:term":[{"taxonomy":"category","embeddable":true,"href":"https:\/\/analyse.optim.biz\/index.php?rest_route=%2Fwp%2Fv2%2Fcategories&post=211799"},{"taxonomy":"post_tag","embeddable":true,"href":"https:\/\/analyse.optim.biz\/index.php?rest_route=%2Fwp%2Fv2%2Ftags&post=211799"}],"curies":[{"name":"wp","href":"https:\/\/api.w.org\/{rel}","templated":true}]}}