{"id":2117953,"date":"2026-08-27T21:00:00","date_gmt":"2026-08-27T18:00:00","guid":{"rendered":"https:\/\/analyse.optim.biz\/?p=2117953"},"modified":"2026-08-27T21:00:00","modified_gmt":"2026-08-27T18:00:00","slug":"baluta-mizam-ca-lucrarile-la-parcul-prieteniei-romano-americane-donald-trump-vor-fi-incheiate-in-perioada-mai-iunie-2027-2","status":"publish","type":"post","link":"https:\/\/analyse.optim.biz\/?p=2117953","title":{"rendered":"B\u0103lu\u021b\u0103: Miz\u0103m c\u0103 lucr\u0103rile la \u2018Parcul Prieteniei Rom\u00e2no-Americane Donald Trump\u2019 vor fi \u00eencheiate \u00een perioada mai-iunie 2027"},"content":{"rendered":"<p>[analyse_image type=&#8221;featured&#8221; src=&#8221;https:\/\/www.monitoruldevrancea.ro\/wp-content\/uploads\/2026\/08\/Baluta.jpg&#8221;]<\/p>\n<div class=\"td_block_wrap tdb_single_content tdi_123 td-pb-border-top td_block_template_1 td-post-content tagdiv-type\" data-td-block-uid=\"tdi_123\">\n<div class=\"tdb-block-inner td-fix-index\">\n<p>Lucr\u0103rile la \u2018Parcul Prieteniei Rom\u00e2no-Americane Donald Trump\u2019, amenajat prin extinderea Parcului \u2018Tudor Arghezi\u2019 din Sectorul 4, ar urma s\u0103 fie finalizate \u00een perioada 1 mai \u2013 1 iunie 2027, a declarat joi primarul Daniel B\u0103lu\u021b\u0103. \u2018Lucr\u0103rile sunt \u00een derulare. Lucr\u0103m la infrastructura parcului. Miz\u0103m c\u0103 \u00een perioada 1 Mai \u2013 1 iunie 2027 lucr\u0103rile vor fi \u00eencheiate, iar oamenii se vor putea bucura de \u2018Parcul Prieteniei Rom\u00e2no-Americane Donald Trump\u2019. A\u0219adar, am \u00eenceput \u00een for\u021b\u0103 \u0219i avem convingerea c\u0103 termenele pe care le avem cu constructorii vor fi respectate\u2019, a spus primarul la o conferin\u021b\u0103 de pres\u0103.<\/p>\n<p>Daniel B\u0103lu\u021b\u0103 \u0219i trimisul special al Pre\u0219edintelui SUA pentru Parteneriate Globale, Paolo Zampolli, au efectuat joi o vizit\u0103 de lucru pe \u0219antierul extinderii Parcului \u2018Tudor Arghezi\u2019. Investi\u021bia presupune extinderea actualului parc cu aproape patru hectare. Potrivit primarului, noul parc va cuprinde zone tematice inspirate de repere reprezentative ale Statelor Unite ale Americii, precum \u0219i noi suprafe\u021be verzi \u0219i spa\u021bii dedicate copiilor \u0219i familiilor.<\/p>\n<p>\u2018Este un moment despre prietenie, despre parteneriat \u0219i despre \u00eencrederea pe care Rom\u00e2nia \u0219i Statele Unite ale Americii au construit-o \u00eempreun\u0103. Rom\u00e2nia a f\u0103cut \u00een urm\u0103 cu mai bine de 3 decenii o alegere fundamental\u0103 pentru viitorul s\u0103u, a ales lumea occidental\u0103, a ales NATO, a ales Uniunea European\u0103 \u0219i a ales un Parteneriat Strategic puternic cu Statele Unite ale Americii. Aceast\u0103 alegere a \u00eensemnat pentru Rom\u00e2nia securitate, stabilitate \u0219i dezvoltare \u0219i mai ales a \u00eensemnat certitudinea c\u0103 avem al\u0103turi de noi un aliat \u0219i un partener strategic \u00een momente importante pentru \u021bara noastr\u0103\u2019, a afirmat edilul.<\/p>\n<p>El a subliniat c\u0103 Parteneriatul Strategic dintre Rom\u00e2nia \u0219i Statele Unite ale Americii reprezint\u0103 unul dintre pilonii fundamentali ai politicii externe \u0219i de securitate a Rom\u00e2niei. \u2018Extindem acest parc cu aproape patru hectare \u0219i preg\u0103tim aici un proiect cu o identitate cu totul special\u0103 \u2013 \u2018Parcul Prieteniei Rom\u00e2no-Americane Donald Trump\u2019. Nu vorbim doar despre extinderea unui parc. Vorbim despre un proiect care va avea o puternic\u0103 valoare simbolic\u0103 \u0219i care va spune \u00eentr-un limbaj simplu \u0219i accesibil tuturor c\u0103 Rom\u00e2nia pre\u021buie\u0219te prietenia cu Statele Unite ale Americii. Conceptul parcului va aduce aici elemente inspirate de unele dintre cele mai cunoscute simboluri ale Statelor Unite ale Americii. Vom avea zone care vorbesc despre explorarea spa\u021biului \u0219i despre NASA, despre cinematografie, tehnologie \u0219i despre acel spirit american care a \u00eencurajat genera\u021bii \u00eentregi s\u0103 viseze, s\u0103 inoveze \u0219i s\u0103 aib\u0103 curajul de a transforma ideile \u00een realitate\u2019, a sus\u021binut Daniel B\u0103lu\u021b\u0103.<\/p>\n<p>Primarul a spus c\u0103 proiectul are o semnifica\u021bie aparte \u00een contextul \u00een care Statele Unite ale Americii marcheaz\u0103 \u00een acest an 250 de ani de la Declara\u021bia de Independen\u021b\u0103. \u2018Este cu at\u00e2t mai potrivit s\u0103 vorbim despre acest proiect \u00eentr-un an cu o semnifica\u021bie aparte pentru Statele Unite ale Americii, care marcheaz\u0103 250 de ani de la Declara\u021bia de Independen\u021b\u0103. Este un moment \u00een care vorbim despre libertate, despre democra\u021bie \u0219i despre for\u021ba unor valori care au traversat genera\u021bii. Rom\u00e2nia respect\u0103 Statele Unite ale Americii, pre\u021buie\u0219te Parteneriatul Strategic \u0219i \u00ee\u0219i dore\u0219te ca aceast\u0103 rela\u021bie s\u0103 devin\u0103 \u0219i mai puternic\u0103 \u00een anii care urmeaz\u0103\u2019, a mai afirmat B\u0103lu\u021b\u0103.<\/p>\n<p>Trimisul special al Pre\u0219edintelui Statelor Unite ale Americii pentru Parteneriate Globale, Paolo Zampolli, a declarat c\u0103 gestul \u2018poporului rom\u00e2n\u2019 este unul care consolideaz\u0103 prietenia dintre Rom\u00e2nia \u0219i Statele Unite. \u00cen timpul interven\u021biei sale, Paolo Zampolli l-a sunat pe pre\u0219edintele Nicu\u0219or Dan, c\u0103ruia i-a transmis mul\u021bumiri din partea pre\u0219edintelui SUA, Donald Trump, pentru realizarea proiectului. \u2018Este un gest care consolideaz\u0103 prietenia dintre Rom\u00e2nia \u0219i Statele Unite. Este o onoare s\u0103 fiu aici\u2019, a spus Zampolli.\u00a0<\/p>\n<\/div>\n<\/div>\n<p>[analyse_source url=&#8221;https:\/\/www.monitoruldevrancea.ro\/2026\/08\/28\/baluta-mizam-ca-lucrarile-la-parcul-prieteniei-romano-americane-donald-trump-vor-fi-incheiate-in-perioada-mai-iunie-2027\/&#8221;]<\/p>\n","protected":false},"excerpt":{"rendered":"<p>[analyse_image type=&#8221;featured&#8221; src=&#8221;https:\/\/www.monitoruldevrancea.ro\/wp-content\/uploads\/2026\/08\/Baluta.jpg&#8221;] Lucr\u0103rile la \u2018Parcul Prieteniei Rom\u00e2no-Americane Donald Trump\u2019, amenajat prin extinderea Parcului \u2018Tudor Arghezi\u2019 din Sectorul 4, ar urma s\u0103 fie finalizate \u00een perioada 1 mai \u2013 1 iunie 2027, a declarat joi primarul Daniel B\u0103lu\u021b\u0103. \u2018Lucr\u0103rile sunt \u00een derulare. Lucr\u0103m la infrastructura parcului. Miz\u0103m c\u0103 \u00een perioada 1 Mai \u2013 1 iunie [&hellip;]<\/p>\n","protected":false},"author":1,"featured_media":0,"comment_status":"open","ping_status":"","sticky":false,"template":"","format":"standard","meta":{"footnotes":""},"categories":[89],"tags":[226,209],"class_list":["post-2117953","post","type-post","status-publish","format-standard","hentry","category-romania","tag-crawlmanager","tag-monitoruldevrancea-ro"],"_links":{"self":[{"href":"https:\/\/analyse.optim.biz\/index.php?rest_route=\/wp\/v2\/posts\/2117953","targetHints":{"allow":["GET"]}}],"collection":[{"href":"https:\/\/analyse.optim.biz\/index.php?rest_route=\/wp\/v2\/posts"}],"about":[{"href":"https:\/\/analyse.optim.biz\/index.php?rest_route=\/wp\/v2\/types\/post"}],"author":[{"embeddable":true,"href":"https:\/\/analyse.optim.biz\/index.php?rest_route=\/wp\/v2\/users\/1"}],"replies":[{"embeddable":true,"href":"https:\/\/analyse.optim.biz\/index.php?rest_route=%2Fwp%2Fv2%2Fcomments&post=2117953"}],"version-history":[{"count":0,"href":"https:\/\/analyse.optim.biz\/index.php?rest_route=\/wp\/v2\/posts\/2117953\/revisions"}],"wp:attachment":[{"href":"https:\/\/analyse.optim.biz\/index.php?rest_route=%2Fwp%2Fv2%2Fmedia&parent=2117953"}],"wp:term":[{"taxonomy":"category","embeddable":true,"href":"https:\/\/analyse.optim.biz\/index.php?rest_route=%2Fwp%2Fv2%2Fcategories&post=2117953"},{"taxonomy":"post_tag","embeddable":true,"href":"https:\/\/analyse.optim.biz\/index.php?rest_route=%2Fwp%2Fv2%2Ftags&post=2117953"}],"curies":[{"name":"wp","href":"https:\/\/api.w.org\/{rel}","templated":true}]}}