{"id":2117914,"date":"2026-08-29T11:21:44","date_gmt":"2026-08-29T08:21:44","guid":{"rendered":"https:\/\/analyse.optim.biz\/?p=2117914"},"modified":"2026-08-29T11:21:44","modified_gmt":"2026-08-29T08:21:44","slug":"spatiren-la-teremia-mare-istoria-comunei-descoperita-la-pas-si-prin-gusturile-bucatariei-banatene","status":"publish","type":"post","link":"https:\/\/analyse.optim.biz\/?p=2117914","title":{"rendered":"\u201e\u0218pa\u021biren la Teremia Mare\u201d! Istoria comunei, descoperit\u0103 la pas \u0219i prin gusturile buc\u0103t\u0103riei b\u0103n\u0103\u021bene"},"content":{"rendered":"<p>[analyse_image type=&#8221;featured&#8221; src=&#8221;https:\/\/www.sursadevest.ro\/wp-content\/uploads\/2026\/08\/masa-campeneasca.gif&#8221;]<\/p>\n<p><main id=\"tm-main\"><\/p>\n<div class=\"uk-section-default uk-section\">\n<div class=\"uk-grid-margin uk-container uk-container-xsmall\">\n<div class=\"uk-grid tm-grid-expand uk-child-width-1-1\">\n<div class=\"uk-width-1-1\">\n<h1 class=\"uk-h2 uk-margin uk-text-center\">\n<p>                    \u201e\u0218pa\u021biren la Teremia Mare\u201d! Istoria comunei, descoperit\u0103 la pas \u0219i prin gusturile buc\u0103t\u0103riei b\u0103n\u0103\u021bene        <\/p>\n<\/h1>\n<div class=\"uk-panel uk-margin uk-text-center\"><time datetime=\"2026-08-29T13:21:44+02:00\">29 august, 2026<\/time> | <a href=\"https:\/\/www.sursadevest.ro\/author\/petronela\/\">Sursa de Vest<\/a> | <a href=\"https:\/\/www.sursadevest.ro\/categorie\/stiri\/eveniment\/\" rel=\"tag\">Eveniment<\/a>, <a href=\"https:\/\/www.sursadevest.ro\/categorie\/stiri\/social\/\" rel=\"tag\">Social<\/a>, <a href=\"https:\/\/www.sursadevest.ro\/categorie\/stiri\/\" rel=\"tag\">\u0218tiri<\/a> | <a href=\"https:\/\/www.sursadevest.ro\/spatiren-la-teremia-mare-istoria-comunei-descoperita-la-pas-si-prin-gusturile-bucatariei-banatene\/#respond\">Niciun comentariu<span class=\"screen-reader-text\"> la \u201e\u0218pa\u021biren la Teremia Mare\u201d! Istoria comunei, descoperit\u0103 la pas \u0219i prin gusturile buc\u0103t\u0103riei b\u0103n\u0103\u021bene<\/span><\/a><\/div>\n<\/div>\n<\/div>\n<\/div>\n<div class=\"uk-container uk-margin-large\">\n<div class=\"uk-grid tm-grid-expand uk-grid-column-large\">\n<div class=\"uk-width-2-3@m\">\n<nav aria-label=\"Breadcrumb\" class=\"uk-margin-small\">\n<ul class=\"uk-breadcrumb uk-margin-remove-bottom\">\n<li><\/li>\n<li><a href=\"https:\/\/www.sursadevest.ro\/categorie\/stiri\/\"><span>\u0218tiri<\/span><\/a><\/li>\n<li><a href=\"https:\/\/www.sursadevest.ro\/categorie\/stiri\/eveniment\/\"><span>Eveniment<\/span><\/a><\/li>\n<\/ul>\n<\/nav>\n<div class=\"uk-margin\"><img decoding=\"async\" class=\"el-image\" src=\"https:\/\/www.sursadevest.ro\/wp-content\/uploads\/2026\/08\/masa-campeneasca.gif\" alt loading=\"lazy\" width=\"900\" height=\"500\"><\/div>\n<div class=\"uk-margin-remove-vertical uk-hidden@m\">\n<div class=\"uk-grid uk-child-width-1-1 uk-child-width-1-2@s uk-grid-small uk-grid-match\">\n<div>\n<div class=\"el-item uk-panel\"><a href=\"https:\/\/retim.ro\/eticheta\" target=\"_blank\"><\/p>\n<div class=\"uk-inline-clip uk-transition-toggle\"><img loading=\"lazy\" decoding=\"async\" class=\"el-image uk-transition-scale-down uk-transition-opaque\" src=\"https:\/\/www.sursadevest.ro\/wp-content\/uploads\/2025\/07\/ReTIM-banner-press-300x300px.gif\" alt width=\"300\" height=\"300\"><\/div>\n<p><\/a><\/p>\n<div class=\"uk-padding-small uk-margin-remove-first-child\">\n<div class=\"el-meta uk-text-meta uk-margin-small-top\">Retim Ecologic Service<\/div>\n<div class=\"uk-margin-small-top\"><a href=\"https:\/\/retim.ro\/eticheta\" target=\"_blank\" class=\"el-link uk-button uk-button-text\">Vezi detalii<\/a><\/div>\n<\/div>\n<\/div>\n<\/div>\n<\/div>\n<\/div>\n<div class=\"uk-panel uk-margin-remove-top uk-margin-medium-bottom\">\n<p class=\"wp-block-paragraph\">Pove\u0219tile, arhitectura \u0219i gastronomia Banatului se \u00eent\u00e2lnesc, m\u00e2ine, la Teremia Mare, \u00een jude\u021bul Timi\u0219, \u00eentr-un eveniment care \u00ee\u0219i propune s\u0103 readuc\u0103 \u00een aten\u021bie patrimoniul \u0219i memoria comunit\u0103\u021bilor locale. <\/p>\n<p class=\"wp-block-paragraph\">\u201e\u0218pa\u021biren la Teremia Mare\u201d este primul episod al unui proiect dedicat redescoperirii localit\u0103\u021bilor b\u0103n\u0103\u021bene.<\/p>\n<p class=\"wp-block-paragraph\">Evenimentul va \u00eencepe la ora 13:00 \u0219i este organizat de Muzeul Presei \u201eSever Bocu\u201d, al\u0103turi de Restaurant Bun \u0219i Timi\u0219oara pe Buc\u0103\u021bi, cu sprijinul Prim\u0103riei Comunei Teremia Mare.<\/p>\n<p class=\"wp-block-paragraph\">Participan\u021bii vor porni din parcul aflat \u00een centrul localit\u0103\u021bii \u00eentr-un tur ghidat pe str\u0103zile comunei, \u00een care vor descoperi elemente de arhitectur\u0103, dar \u0219i pove\u0219ti mai pu\u021bin cunoscute din trecutul locului.<\/p>\n<p class=\"wp-block-paragraph\">Istoria viticulturii \u0219i viniculturii, fabrica de lichior \u0219i coniac a lui Kr\u00e4uter, jaful de pe drumul Teremiei Mici, problema dublilor proprietari, biserica romano-catolic\u0103 \u0219i monumentul Sfintei Treimi se num\u0103r\u0103 printre subiectele care vor fi abordate \u00een timpul plimb\u0103rii.<\/p>\n<p class=\"wp-block-paragraph\">Arhitectul Casian Avram va vorbi despre patrimoniul construit al comunei \u0219i \u00eei va ajuta pe participan\u021bi s\u0103 descopere diferen\u021bele dintre stilurile arhitecturale \u0219i elementele care le definesc, de la baroc la Art Nouveau.<\/p>\n<p class=\"wp-block-paragraph\">Dup\u0103 plimbare, incursiunea \u00een istoria Banatului va continua prin gastronomie.<\/p>\n<p class=\"wp-block-paragraph\"><em>\u201e<span id=\"v1gmail-docs-internal-guid-a730094f-7fff-c4e9-cbca-8d27dfdc94db\">Dup\u0103 ce vom fi cutreierat de-ajuns, ne vom tol\u0103ni la ad\u0103postul copacilor pentru a continua c\u0103l\u0103toria cu ajutorul papilelor gustative. Chef David Cioica va scoate din tolb\u0103 merinde inspirate din buc\u0103t\u0103ria Banatului. Preparatele vor avea inser\u021bii ale gustului de alt\u0103dat\u0103. \u00centr-un dumicat din aluat op\u0103rit vom \u00eent\u00e2lni \u021bu\u0219paisul de gulie transformat \u00eentr-o crem\u0103 ce va \u00eenv\u0103lui niscaiva piept de pui. Dar parc\u0103 nu-i duminic\u0103 \u00een toat\u0103 regula dac\u0103 nu avem friptur\u0103 \u0219i piure. Mu\u0219chiule\u021bul de porc va lenevi pe un pat de piure de cartofi cu praz copt al\u0103turi de un sos de mere aromatizat cu rozmarin \u0219i ghimbir<\/span>\u201e, <\/em>transmit organizatorii.<\/p>\n<p class=\"wp-block-paragraph\">Organizatorii spun c\u0103 proiectul continu\u0103 demersurile \u00eencepute de Petre Stoica, prin funda\u021bia sa cultural\u0103, \u0219i \u00ee\u0219i propun ca \u201e\u0218pa\u021biren la Teremia Mare\u201d s\u0103 fie doar \u00eenceputul unei serii de evenimente dedicate localit\u0103\u021bilor b\u0103n\u0103\u021bene.<\/p>\n<p class=\"wp-block-paragraph\">Pe lista unor posibile edi\u021bii viitoare se afl\u0103 plimb\u0103ri prin Lovrin, \u201egiv\u0103niri\u201d la Beba sau \u201etracerai\u201d la Periam, fiecare construit\u0103 \u00een jurul istoriei \u0219i identit\u0103\u021bii comunit\u0103\u021bii locale.<\/p>\n<\/div>\n<nav class=\"uk-text-center\">\n<ul class=\"uk-pagination uk-margin-remove-bottom uk-flex-center\">\n<li><a href=\"https:\/\/www.sursadevest.ro\/festivalul-25-de-ore-de-teatru-non-stop-revine-la-timisoara-abonamentele-vip-s-au-pus-in-vanzare\/\"> Anterior<\/a><\/li>\n<li><a href=\"https:\/\/www.sursadevest.ro\/curajul-poarta-uniforma-cosmina-este-unul-dintre-pompierii-din-timis-care-lupta-cu-incendiile-devastatoare-din-serbia\/\">Urm\u0103tor <\/a><\/li>\n<\/ul>\n<\/nav>\n<h3 class=\"uk-h5\">\n<p>                    Distribuie pe re\u021bele de socializare        <\/p>\n<\/h3>\n<div class=\"uk-margin-top uk-margin-remove-bottom\">\n<ul class=\"uk-child-width-auto uk-grid-small uk-flex-inline uk-flex-middle\">\n<li class=\"el-item\">\n<li class=\"el-item\">\n<li class=\"el-item\">\n<li class=\"el-item\"><\/ul>\n<\/div>\n<div class=\"uk-margin\">\n<div id=\"respond\" class=\"comment-respond\">\n<h2 id=\"reply-title\" class=\"el-title uk-h3 uk-heading-bullet\">Las\u0103 un r\u0103spuns <small><a rel=\"nofollow\" id=\"cancel-comment-reply-link\" class=\"uk-link-muted\" href=\"https:\/\/www.sursadevest.ro\/spatiren-la-teremia-mare-istoria-comunei-descoperita-la-pas-si-prin-gusturile-bucatariei-banatene\/#respond\">Anuleaz\u0103 r\u0103spunsul<\/a><\/small><\/h2>\n<p class=\"comment-notes\">Adresa ta de email nu va fi publicat\u0103. C\u00e2mpurile obligatorii sunt marcate cu <span class=\"required\">*<\/span><\/p>\n<div class=\"gglcptch gglcptch_v3\"><\/p>\n<div class=\"gglcptch_error_text\">Perioada de verificare reCAPTCHA a expirat. V\u0103 rug\u0103m s\u0103 re\u00eenc\u0103rca\u021bi pagina.<\/div>\n<\/div>\n<\/div>\n<\/div>\n<hr class=\"uk-margin-large\">\n<h2 class=\"uk-h3 uk-text-left@m uk-text-center\">\n<p>                    Alte articole        <\/p>\n<\/h2>\n<div id=\"template-OEvUe7Lh#0\" class=\"uk-margin\">\n<div class=\"uk-grid uk-child-width-1-1 uk-child-width-1-2@s uk-grid-column-medium uk-grid-match\">\n<div>\n<div class=\"el-item uk-panel uk-margin-remove-first-child\"><a href=\"https:\/\/www.sursadevest.ro\/curajul-poarta-uniforma-cosmina-este-unul-dintre-pompierii-din-timis-care-lupta-cu-incendiile-devastatoare-din-serbia\/\"><source type=\"image\/webp\" srcset=\"https:\/\/www.sursadevest.ro\/index.php?yootheme=cache\/49\/cosmina-pompier-1-49208f9f.webp&amp;src=wp-content\/uploads\/2026\/08\/cosmina-pompier-1.jpg&amp;thumbnail=610,391,&amp;type=webp,85&amp;hash=3194ff4c 610w, https:\/\/www.sursadevest.ro\/index.php?yootheme=cache\/33\/cosmina-pompier-1-3362eab5.webp&amp;src=wp-content\/uploads\/2026\/08\/cosmina-pompier-1.jpg&amp;thumbnail=768,492,&amp;type=webp,85&amp;hash=3524983b 768w, https:\/\/www.sursadevest.ro\/index.php?yootheme=cache\/79\/cosmina-pompier-1-79da15d6.webp&amp;src=wp-content\/uploads\/2026\/08\/cosmina-pompier-1.jpg&amp;thumbnail=1024,656,&amp;type=webp,85&amp;hash=e1125fe2 1024w, https:\/\/www.sursadevest.ro\/index.php?yootheme=cache\/13\/cosmina-pompier-1-13943761.webp&amp;src=wp-content\/uploads\/2026\/08\/cosmina-pompier-1.jpg&amp;type=webp,85&amp;hash=59603090 1190w\" sizes=\"(min-width: 610px) 610px\" \/><\/a><\/p>\n<div class=\"el-meta uk-h6 uk-text-primary uk-margin-top uk-margin-remove-bottom\"><time datetime=\"2026-08-29T13:38:26+02:00\">29 august, 2026<\/time> | <a href=\"https:\/\/www.sursadevest.ro\/author\/petronela\/\">Sursa de Vest<\/a> | <a href=\"https:\/\/www.sursadevest.ro\/categorie\/stiri\/eveniment\/\" rel=\"tag\">Eveniment<\/a>, <a href=\"https:\/\/www.sursadevest.ro\/categorie\/stiri\/\" rel=\"tag\">\u0218tiri<\/a> | <a href=\"https:\/\/www.sursadevest.ro\/curajul-poarta-uniforma-cosmina-este-unul-dintre-pompierii-din-timis-care-lupta-cu-incendiile-devastatoare-din-serbia\/#respond\">Niciun comentariu<span class=\"screen-reader-text\"> la Curajul poart\u0103 uniform\u0103! Cosmina este unul dintre pompierii din Timi\u0219 care lupt\u0103 cu incendiile devastatoare din Serbia<\/span><\/a><\/div>\n<h3 class=\"el-title uk-h4 uk-link-reset uk-margin-small-top uk-margin-remove-bottom\"><a href=\"https:\/\/www.sursadevest.ro\/curajul-poarta-uniforma-cosmina-este-unul-dintre-pompierii-din-timis-care-lupta-cu-incendiile-devastatoare-din-serbia\/\">Curajul poart\u0103 uniform\u0103! Cosmina este unul dintre pompierii din Timi\u0219 care lupt\u0103 cu incendiile devastatoare din Serbia<\/a><\/h3>\n<div class=\"el-content uk-panel uk-margin-small-top\">\n<p>Curajul nu are gen, iar voca\u021bia de salvator nu cunoa\u0219te grani\u021be. Printre pompierii rom\u00e2ni mobiliza\u021bi \u00een Serbia pentru stingerea incendiilor se afl\u0103 \u0219i plutonierul Cosmina Iochim, de la ISU Timi\u0219.<\/p>\n<\/div>\n<div class=\"uk-margin-top\"><a href=\"https:\/\/www.sursadevest.ro\/curajul-poarta-uniforma-cosmina-este-unul-dintre-pompierii-din-timis-care-lupta-cu-incendiile-devastatoare-din-serbia\/\" class=\"el-link uk-button uk-button-text\">Vezi detalii<\/a><\/div>\n<\/div>\n<\/div>\n<div>\n<div class=\"el-item uk-panel uk-margin-remove-first-child\"><a href=\"https:\/\/www.sursadevest.ro\/spatiren-la-teremia-mare-istoria-comunei-descoperita-la-pas-si-prin-gusturile-bucatariei-banatene\/\"><img decoding=\"async\" class=\"el-image uk-border-rounded\" src=\"https:\/\/www.sursadevest.ro\/wp-content\/uploads\/2026\/08\/masa-campeneasca.gif\" alt=\"Outdoor table set for a feast with colorful ceramic pottery and a spread of breads, meats, and sauces.\" loading=\"lazy\" width=\"610\" height=\"339\"><\/a><\/p>\n<div class=\"el-meta uk-h6 uk-text-primary uk-margin-top uk-margin-remove-bottom\"><time datetime=\"2026-08-29T13:21:44+02:00\">29 august, 2026<\/time> | <a href=\"https:\/\/www.sursadevest.ro\/author\/petronela\/\">Sursa de Vest<\/a> | <a href=\"https:\/\/www.sursadevest.ro\/categorie\/stiri\/eveniment\/\" rel=\"tag\">Eveniment<\/a>, <a href=\"https:\/\/www.sursadevest.ro\/categorie\/stiri\/social\/\" rel=\"tag\">Social<\/a>, <a href=\"https:\/\/www.sursadevest.ro\/categorie\/stiri\/\" rel=\"tag\">\u0218tiri<\/a> | <a href=\"https:\/\/www.sursadevest.ro\/spatiren-la-teremia-mare-istoria-comunei-descoperita-la-pas-si-prin-gusturile-bucatariei-banatene\/#respond\">Niciun comentariu<span class=\"screen-reader-text\"> la \u201e\u0218pa\u021biren la Teremia Mare\u201d! Istoria comunei, descoperit\u0103 la pas \u0219i prin gusturile buc\u0103t\u0103riei b\u0103n\u0103\u021bene<\/span><\/a><\/div>\n<h3 class=\"el-title uk-h4 uk-link-reset uk-margin-small-top uk-margin-remove-bottom\"><a href=\"https:\/\/www.sursadevest.ro\/spatiren-la-teremia-mare-istoria-comunei-descoperita-la-pas-si-prin-gusturile-bucatariei-banatene\/\">\u201e\u0218pa\u021biren la Teremia Mare\u201d! Istoria comunei, descoperit\u0103 la pas \u0219i prin gusturile buc\u0103t\u0103riei b\u0103n\u0103\u021bene<\/a><\/h3>\n<div class=\"el-content uk-panel uk-margin-small-top\">\n<p>Pove\u0219tile, arhitectura \u0219i gastronomia Banatului se \u00eent\u00e2lnesc, m\u00e2ine, la Teremia Mare, \u00een jude\u021bul Timi\u0219, \u00eentr-un eveniment care \u00ee\u0219i propune s\u0103 readuc\u0103 \u00een aten\u021bie patrimoniul \u0219i memoria comunit\u0103\u021bilor locale. \u201e\u0218pa\u021biren la Teremia Mare\u201d este primul episod al unui proiect dedicat redescoperirii localit\u0103\u021bilor b\u0103n\u0103\u021bene. Evenimentul va \u00eencepe la ora 13:00 \u0219i este organizat de Muzeul Presei \u201eSever [\u2026]<\/p>\n<\/div>\n<div class=\"uk-margin-top\"><a href=\"https:\/\/www.sursadevest.ro\/spatiren-la-teremia-mare-istoria-comunei-descoperita-la-pas-si-prin-gusturile-bucatariei-banatene\/\" class=\"el-link uk-button uk-button-text\">Vezi detalii<\/a><\/div>\n<\/div>\n<\/div>\n<div>\n<div class=\"el-item uk-panel uk-margin-remove-first-child\"><a href=\"https:\/\/www.sursadevest.ro\/festivalul-25-de-ore-de-teatru-non-stop-revine-la-timisoara-abonamentele-vip-s-au-pus-in-vanzare\/\"><img decoding=\"async\" class=\"el-image uk-border-rounded\" src=\"https:\/\/www.sursadevest.ro\/wp-content\/uploads\/2026\/08\/teatru.gif\" alt=\"Two adults stand side by side in a dim, industrial workshop, looking ahead with tense expressions.\" loading=\"lazy\" width=\"610\" height=\"339\"><\/a><\/p>\n<div class=\"el-meta uk-h6 uk-text-primary uk-margin-top uk-margin-remove-bottom\"><time datetime=\"2026-08-29T12:29:00+02:00\">29 august, 2026<\/time> | <a href=\"https:\/\/www.sursadevest.ro\/author\/petronela\/\">Sursa de Vest<\/a> | <a href=\"https:\/\/www.sursadevest.ro\/categorie\/stiri\/cultura\/\" rel=\"tag\">Cultur\u0103<\/a>, <a href=\"https:\/\/www.sursadevest.ro\/categorie\/stiri\/eveniment\/\" rel=\"tag\">Eveniment<\/a>, <a href=\"https:\/\/www.sursadevest.ro\/categorie\/stiri\/\" rel=\"tag\">\u0218tiri<\/a> | <a href=\"https:\/\/www.sursadevest.ro\/festivalul-25-de-ore-de-teatru-non-stop-revine-la-timisoara-abonamentele-vip-s-au-pus-in-vanzare\/#respond\">Niciun comentariu<span class=\"screen-reader-text\"> la Festivalul \u201e25 de ore de teatru non-stop\u201d revine la Timi\u0219oara! Abonamentele VIP s-au pus \u00een v\u00e2nzare<\/span><\/a><\/div>\n<h3 class=\"el-title uk-h4 uk-link-reset uk-margin-small-top uk-margin-remove-bottom\"><a href=\"https:\/\/www.sursadevest.ro\/festivalul-25-de-ore-de-teatru-non-stop-revine-la-timisoara-abonamentele-vip-s-au-pus-in-vanzare\/\">Festivalul \u201e25 de ore de teatru non-stop\u201d revine la Timi\u0219oara! Abonamentele VIP s-au pus \u00een v\u00e2nzare<\/a><\/h3>\n<div class=\"el-content uk-panel uk-margin-small-top\">\n<p>Pentru al patrulea an consecutiv, la Timi\u0219oara g\u0103zduie\u0219te festivalul \u201e25 de ore de teatru non-stop\u201d.<\/p>\n<\/div>\n<div class=\"uk-margin-top\"><a href=\"https:\/\/www.sursadevest.ro\/festivalul-25-de-ore-de-teatru-non-stop-revine-la-timisoara-abonamentele-vip-s-au-pus-in-vanzare\/\" class=\"el-link uk-button uk-button-text\">Vezi detalii<\/a><\/div>\n<\/div>\n<\/div>\n<div>\n<div class=\"el-item uk-panel uk-margin-remove-first-child\"><a href=\"https:\/\/www.sursadevest.ro\/muzica-din-game-of-thrones-the-lord-of-the-rings-sau-avatar-va-rasuna-in-parcul-rozelor-filarmonica-banatul-organizeaza-concertul-simfonic-sounds-of-fantasy\/\"><img decoding=\"async\" class=\"el-image uk-border-rounded\" src=\"https:\/\/www.sursadevest.ro\/wp-content\/uploads\/2026\/08\/filarmonica.gif\" alt=\"Large choir standing behind an orchestra on a dimly lit stage during a performance.\" loading=\"lazy\" width=\"610\" height=\"339\"><\/a><\/p>\n<div class=\"el-meta uk-h6 uk-text-primary uk-margin-top uk-margin-remove-bottom\"><time datetime=\"2026-08-29T10:55:00+02:00\">29 august, 2026<\/time> | <a href=\"https:\/\/www.sursadevest.ro\/author\/petronela\/\">Sursa de Vest<\/a> | <a href=\"https:\/\/www.sursadevest.ro\/categorie\/stiri\/cultura\/\" rel=\"tag\">Cultur\u0103<\/a>, <a href=\"https:\/\/www.sursadevest.ro\/categorie\/stiri\/eveniment\/\" rel=\"tag\">Eveniment<\/a>, <a href=\"https:\/\/www.sursadevest.ro\/categorie\/stiri\/\" rel=\"tag\">\u0218tiri<\/a> | <a href=\"https:\/\/www.sursadevest.ro\/muzica-din-game-of-thrones-the-lord-of-the-rings-sau-avatar-va-rasuna-in-parcul-rozelor-filarmonica-banatul-organizeaza-concertul-simfonic-sounds-of-fantasy\/#respond\">Niciun comentariu<span class=\"screen-reader-text\"> la Muzica din Game of Thrones, The Lord of the Rings sau Avatar va r\u0103suna \u00een Parcul Rozelor! Filarmonica Banatul organizeaz\u0103 concertul simfonic \u201eSOUNDS OF FANTASY\u201d<\/span><\/a><\/div>\n<h3 class=\"el-title uk-h4 uk-link-reset uk-margin-small-top uk-margin-remove-bottom\"><a href=\"https:\/\/www.sursadevest.ro\/muzica-din-game-of-thrones-the-lord-of-the-rings-sau-avatar-va-rasuna-in-parcul-rozelor-filarmonica-banatul-organizeaza-concertul-simfonic-sounds-of-fantasy\/\">Muzica din Game of Thrones, The Lord of the Rings sau Avatar va r\u0103suna \u00een Parcul Rozelor! Filarmonica Banatul organizeaz\u0103 concertul simfonic \u201eSOUNDS OF FANTASY\u201d<\/a><\/h3>\n<div class=\"el-content uk-panel uk-margin-small-top\">\n<p>Coloane sonore care au definit unele dintre cele mai cunoscute universuri cinematografice \u0219i TV vor r\u0103suna live \u00een Parcul Rozelor.<\/p>\n<\/div>\n<div class=\"uk-margin-top\"><a href=\"https:\/\/www.sursadevest.ro\/muzica-din-game-of-thrones-the-lord-of-the-rings-sau-avatar-va-rasuna-in-parcul-rozelor-filarmonica-banatul-organizeaza-concertul-simfonic-sounds-of-fantasy\/\" class=\"el-link uk-button uk-button-text\">Vezi detalii<\/a><\/div>\n<\/div>\n<\/div>\n<div>\n<div class=\"el-item uk-panel uk-margin-remove-first-child\"><a href=\"https:\/\/www.sursadevest.ro\/o-cladire-simbol-din-timisoara-isi-deschide-portile-publicului-tururi-ghidate-la-fabrica-de-bere-timisoreana\/\"><img decoding=\"async\" class=\"el-image uk-border-rounded\" src=\"https:\/\/www.sursadevest.ro\/wp-content\/uploads\/2026\/08\/fabrica-de-bere.gif\" alt=\"Historic street scene with a white, stepped-gable factory building reading &apos;Fabrica de Pere&apos; and large signage; overhead wires cross the street in front of pastel-colored buildings.\" loading=\"lazy\" width=\"610\" height=\"339\"><\/a><\/p>\n<div class=\"el-meta uk-h6 uk-text-primary uk-margin-top uk-margin-remove-bottom\"><time datetime=\"2026-08-29T10:05:00+02:00\">29 august, 2026<\/time> | <a href=\"https:\/\/www.sursadevest.ro\/author\/petronela\/\">Sursa de Vest<\/a> | <a href=\"https:\/\/www.sursadevest.ro\/categorie\/stiri\/eveniment\/\" rel=\"tag\">Eveniment<\/a>, <a href=\"https:\/\/www.sursadevest.ro\/categorie\/stiri\/\" rel=\"tag\">\u0218tiri<\/a> | <a href=\"https:\/\/www.sursadevest.ro\/o-cladire-simbol-din-timisoara-isi-deschide-portile-publicului-tururi-ghidate-la-fabrica-de-bere-timisoreana\/#respond\">Niciun comentariu<span class=\"screen-reader-text\"> la O cl\u0103dire simbol din Timi\u0219oara \u00ee\u0219i deschide por\u021bile publicului! Tururi ghidate, la Fabrica de Bere \u201eTimi\u0219oreana\u201d<\/span><\/a><\/div>\n<h3 class=\"el-title uk-h4 uk-link-reset uk-margin-small-top uk-margin-remove-bottom\"><a href=\"https:\/\/www.sursadevest.ro\/o-cladire-simbol-din-timisoara-isi-deschide-portile-publicului-tururi-ghidate-la-fabrica-de-bere-timisoreana\/\">O cl\u0103dire simbol din Timi\u0219oara \u00ee\u0219i deschide por\u021bile publicului! Tururi ghidate, la Fabrica de Bere \u201eTimi\u0219oreana\u201d<\/a><\/h3>\n<div class=\"el-content uk-panel uk-margin-small-top\">\n<p>Timi\u0219orenii pot vizita o cl\u0103dire cu istorie din ora\u0219. Fabrica de Bere \u201eTimi\u0219oreana\u201d \u00ee\u0219i deschide por\u021bile timp de trei zile.<\/p>\n<\/div>\n<div class=\"uk-margin-top\"><a href=\"https:\/\/www.sursadevest.ro\/o-cladire-simbol-din-timisoara-isi-deschide-portile-publicului-tururi-ghidate-la-fabrica-de-bere-timisoreana\/\" class=\"el-link uk-button uk-button-text\">Vezi detalii<\/a><\/div>\n<\/div>\n<\/div>\n<div>\n<div class=\"el-item uk-panel uk-margin-remove-first-child\"><a href=\"https:\/\/www.sursadevest.ro\/un-nou-camin-studentesc-este-finalizat-la-ghiroda-uvt-a-investit-aproape-53-de-milioane-de-lei-pentru-162-de-locuri-de-cazare\/\"><source type=\"image\/webp\" srcset=\"\/wp-content\/uploads\/yootheme\/cache\/97\/camin-uvt-ghiroda-01-9707a04a.webp 610w, \/wp-content\/uploads\/yootheme\/cache\/ac\/camin-uvt-ghiroda-01-ac441dbf.webp 768w, \/wp-content\/uploads\/yootheme\/cache\/c9\/camin-uvt-ghiroda-01-c913127d.webp 900w\" sizes=\"(min-width: 610px) 610px\" \/><\/a><\/p>\n<div class=\"el-meta uk-h6 uk-text-primary uk-margin-top uk-margin-remove-bottom\"><time datetime=\"2026-08-29T09:01:51+02:00\">29 august, 2026<\/time> | <a href=\"https:\/\/www.sursadevest.ro\/author\/petronela\/\">Sursa de Vest<\/a> | <a href=\"https:\/\/www.sursadevest.ro\/categorie\/stiri\/administratie\/\" rel=\"tag\">Administra\u021bie<\/a>, <a href=\"https:\/\/www.sursadevest.ro\/categorie\/stiri\/educatie\/\" rel=\"tag\">Educa\u021bie<\/a>, <a href=\"https:\/\/www.sursadevest.ro\/categorie\/stiri\/eveniment\/\" rel=\"tag\">Eveniment<\/a>, <a href=\"https:\/\/www.sursadevest.ro\/categorie\/stiri\/\" rel=\"tag\">\u0218tiri<\/a> | <a href=\"https:\/\/www.sursadevest.ro\/un-nou-camin-studentesc-este-finalizat-la-ghiroda-uvt-a-investit-aproape-53-de-milioane-de-lei-pentru-162-de-locuri-de-cazare\/#respond\">Niciun comentariu<span class=\"screen-reader-text\"> la Un nou c\u0103min studen\u021besc este finalizat, la Ghiroda. UVT a investit aproape 53 de milioane de lei pentru 162 de locuri de cazare<\/span><\/a><\/div>\n<h3 class=\"el-title uk-h4 uk-link-reset uk-margin-small-top uk-margin-remove-bottom\"><a href=\"https:\/\/www.sursadevest.ro\/un-nou-camin-studentesc-este-finalizat-la-ghiroda-uvt-a-investit-aproape-53-de-milioane-de-lei-pentru-162-de-locuri-de-cazare\/\">Un nou c\u0103min studen\u021besc este finalizat, la Ghiroda. UVT a investit aproape 53 de milioane de lei pentru 162 de locuri de cazare<\/a><\/h3>\n<div class=\"el-content uk-panel uk-margin-small-top\">\n<p>Universitatea de Vest din Timi\u0219oara a finalizat construc\u021bia unui nou c\u0103min studen\u021besc \u00een hub-ul educa\u021bional pe care \u00eel dezvolt\u0103 la Ghiroda.<\/p>\n<\/div>\n<div class=\"uk-margin-top\"><a href=\"https:\/\/www.sursadevest.ro\/un-nou-camin-studentesc-este-finalizat-la-ghiroda-uvt-a-investit-aproape-53-de-milioane-de-lei-pentru-162-de-locuri-de-cazare\/\" class=\"el-link uk-button uk-button-text\">Vezi detalii<\/a><\/div>\n<\/div>\n<\/div>\n<div>\n<div class=\"el-item uk-panel uk-margin-remove-first-child\"><a href=\"https:\/\/www.sursadevest.ro\/video-accident-teribil-filmat-de-camerele-de-supraveghere-patru-victime-dupa-ce-un-individ-urmarit-de-politisti-a-lovit-o-masina-si-a-aruncat-o-in-terasa-unui-restaurant\/\"><source type=\"image\/webp\" srcset=\"\/wp-content\/uploads\/yootheme\/cache\/97\/accident-lugoj-97a46a62.webp 610w, \/wp-content\/uploads\/yootheme\/cache\/98\/accident-lugoj-98a28d00.webp 768w, \/wp-content\/uploads\/yootheme\/cache\/d8\/accident-lugoj-d862f760.webp 900w\" sizes=\"(min-width: 610px) 610px\" \/><\/a><\/p>\n<div class=\"el-meta uk-h6 uk-text-primary uk-margin-top uk-margin-remove-bottom\"><time datetime=\"2026-08-29T08:34:52+02:00\">29 august, 2026<\/time> | <a href=\"https:\/\/www.sursadevest.ro\/author\/petronela\/\">Sursa de Vest<\/a> | <a href=\"https:\/\/www.sursadevest.ro\/categorie\/stiri\/eveniment\/\" rel=\"tag\">Eveniment<\/a>, <a href=\"https:\/\/www.sursadevest.ro\/categorie\/stiri\/\" rel=\"tag\">\u0218tiri<\/a> | <a href=\"https:\/\/www.sursadevest.ro\/video-accident-teribil-filmat-de-camerele-de-supraveghere-patru-victime-dupa-ce-un-individ-urmarit-de-politisti-a-lovit-o-masina-si-a-aruncat-o-in-terasa-unui-restaurant\/#respond\">Niciun comentariu<span class=\"screen-reader-text\"> la Video: Accident teribil, filmat de camerele de supraveghere! Patru victime dup\u0103 ce un individ urm\u0103rit de poli\u021bi\u0219ti a lovit o ma\u0219in\u0103 \u0219i a aruncat-o \u00een terasa unui restaurant<\/span><\/a><\/div>\n<h3 class=\"el-title uk-h4 uk-link-reset uk-margin-small-top uk-margin-remove-bottom\"><a href=\"https:\/\/www.sursadevest.ro\/video-accident-teribil-filmat-de-camerele-de-supraveghere-patru-victime-dupa-ce-un-individ-urmarit-de-politisti-a-lovit-o-masina-si-a-aruncat-o-in-terasa-unui-restaurant\/\">Video: Accident teribil, filmat de camerele de supraveghere! Patru victime dup\u0103 ce un individ urm\u0103rit de poli\u021bi\u0219ti a lovit o ma\u0219in\u0103 \u0219i a aruncat-o \u00een terasa unui restaurant<\/a><\/h3>\n<div class=\"el-content uk-panel uk-margin-small-top\">\n<p>O curs\u0103 nebun\u0103 pe str\u0103zile din Lugoj s-a terminat cu un accident violent \u0219i patru victime. De vin\u0103 a fost un t\u00e2n\u0103r de 27 de ani, care a urcat la volan de\u0219i era b\u0103ut bine \u0219i nu avea nici permis de conducere.<\/p>\n<\/div>\n<div class=\"uk-margin-top\"><a href=\"https:\/\/www.sursadevest.ro\/video-accident-teribil-filmat-de-camerele-de-supraveghere-patru-victime-dupa-ce-un-individ-urmarit-de-politisti-a-lovit-o-masina-si-a-aruncat-o-in-terasa-unui-restaurant\/\" class=\"el-link uk-button uk-button-text\">Vezi detalii<\/a><\/div>\n<\/div>\n<\/div>\n<div>\n<div class=\"el-item uk-panel uk-margin-remove-first-child\"><a href=\"https:\/\/www.sursadevest.ro\/este-oficial-fritz-trebuie-sa-plece-din-functia-de-primar-prima-reactie-pe-care-a-avut-o-dupa-promulgarea-legii-care-ii-intrerupe-mandatul\/\"><img decoding=\"async\" class=\"el-image uk-border-rounded\" src=\"https:\/\/www.sursadevest.ro\/wp-content\/uploads\/2026\/05\/dominic-fritz-1.gif\" alt=\"Man with glasses being filmed indoors, camera operator in foreground and flags visible in the background, giving an interview vibe.\" loading=\"lazy\" width=\"610\" height=\"339\"><\/a><\/p>\n<div class=\"el-meta uk-h6 uk-text-primary uk-margin-top uk-margin-remove-bottom\"><time datetime=\"2026-08-28T21:35:53+02:00\">28 august, 2026<\/time> | <a href=\"https:\/\/www.sursadevest.ro\/author\/petronela\/\">Sursa de Vest<\/a> | <a href=\"https:\/\/www.sursadevest.ro\/categorie\/stiri\/administratie\/\" rel=\"tag\">Administra\u021bie<\/a>, <a href=\"https:\/\/www.sursadevest.ro\/categorie\/stiri\/eveniment\/\" rel=\"tag\">Eveniment<\/a>, <a href=\"https:\/\/www.sursadevest.ro\/categorie\/stiri\/\" rel=\"tag\">\u0218tiri<\/a> | <a href=\"https:\/\/www.sursadevest.ro\/este-oficial-fritz-trebuie-sa-plece-din-functia-de-primar-prima-reactie-pe-care-a-avut-o-dupa-promulgarea-legii-care-ii-intrerupe-mandatul\/#respond\">Niciun comentariu<span class=\"screen-reader-text\"> la Este oficial! Fritz trebuie s\u0103 plece din func\u021bia de primar! Prima reac\u021bie pe care a avut-o dup\u0103 promulgarea legii care \u00eei \u00eentrerupe mandatul<\/span><\/a><\/div>\n<h3 class=\"el-title uk-h4 uk-link-reset uk-margin-small-top uk-margin-remove-bottom\"><a href=\"https:\/\/www.sursadevest.ro\/este-oficial-fritz-trebuie-sa-plece-din-functia-de-primar-prima-reactie-pe-care-a-avut-o-dupa-promulgarea-legii-care-ii-intrerupe-mandatul\/\">Este oficial! Fritz trebuie s\u0103 plece din func\u021bia de primar! Prima reac\u021bie pe care a avut-o dup\u0103 promulgarea legii care \u00eei \u00eentrerupe mandatul<\/a><\/h3>\n<div class=\"el-content uk-panel uk-margin-small-top\">\n<p>Cel mult 30 de zile mai poate r\u0103m\u00e2ne Dominic Fritz la conducerea Prim\u0103riei Timi\u015foara, dup\u0103 ce pre\u015fedintele Rom\u00e2niei, Nicu\u015for Dan, a promulgat, \u00een aceast\u0103 dup\u0103-amiaz\u0103, noua Lege a integrit\u0103\u0163ii.<\/p>\n<\/div>\n<div class=\"uk-margin-top\"><a href=\"https:\/\/www.sursadevest.ro\/este-oficial-fritz-trebuie-sa-plece-din-functia-de-primar-prima-reactie-pe-care-a-avut-o-dupa-promulgarea-legii-care-ii-intrerupe-mandatul\/\" class=\"el-link uk-button uk-button-text\">Vezi detalii<\/a><\/div>\n<\/div>\n<\/div>\n<div>\n<div class=\"el-item uk-panel uk-margin-remove-first-child\"><a href=\"https:\/\/www.sursadevest.ro\/accident-pe-dn-68a-intre-cosava-si-margina-trei-masini-au-fost-implicate\/\"><source type=\"image\/webp\" srcset=\"\/wp-content\/uploads\/yootheme\/cache\/4d\/ambulanta-4dae0d32.webp 604w\" sizes=\"(min-width: 604px) 604px\" \/><\/a><\/p>\n<div class=\"el-meta uk-h6 uk-text-primary uk-margin-top uk-margin-remove-bottom\"><time datetime=\"2026-08-28T15:02:47+02:00\">28 august, 2026<\/time> | <a href=\"https:\/\/www.sursadevest.ro\/author\/petronela\/\">Sursa de Vest<\/a> | <a href=\"https:\/\/www.sursadevest.ro\/categorie\/stiri\/eveniment\/\" rel=\"tag\">Eveniment<\/a>, <a href=\"https:\/\/www.sursadevest.ro\/categorie\/stiri\/\" rel=\"tag\">\u0218tiri<\/a> | <a href=\"https:\/\/www.sursadevest.ro\/accident-pe-dn-68a-intre-cosava-si-margina-trei-masini-au-fost-implicate\/#respond\">Niciun comentariu<span class=\"screen-reader-text\"> la Accident pe DN 68A, \u00eentre Co\u0219ava \u0219i Margina! Trei ma\u0219ini au fost implicate<\/span><\/a><\/div>\n<h3 class=\"el-title uk-h4 uk-link-reset uk-margin-small-top uk-margin-remove-bottom\"><a href=\"https:\/\/www.sursadevest.ro\/accident-pe-dn-68a-intre-cosava-si-margina-trei-masini-au-fost-implicate\/\">Accident pe DN 68A, \u00eentre Co\u0219ava \u0219i Margina! Trei ma\u0219ini au fost implicate<\/a><\/h3>\n<div class=\"el-content uk-panel uk-margin-small-top\">\n<p>Accident \u00een lan\u021b pe DN 68A, \u00eentre localit\u0103\u021bile Co\u0219ava \u0219i Margina! \u00cen urma impactului, un b\u0103rbat de 54 de ani, pasager \u00eentr-unul dintre autoturismele implicate, a fost r\u0103nit.<\/p>\n<\/div>\n<div class=\"uk-margin-top\"><a href=\"https:\/\/www.sursadevest.ro\/accident-pe-dn-68a-intre-cosava-si-margina-trei-masini-au-fost-implicate\/\" class=\"el-link uk-button uk-button-text\">Vezi detalii<\/a><\/div>\n<\/div>\n<\/div>\n<div>\n<div class=\"el-item uk-panel uk-margin-remove-first-child\"><a href=\"https:\/\/www.sursadevest.ro\/zborurile-charter-timisoara-hurghada-mutate-temporar-la-arad-din-cauza-lucrarilor-programate-la-pista-aeroportului-din-timisoara\/\"><source type=\"image\/webp\" srcset=\"\/wp-content\/uploads\/yootheme\/cache\/61\/avion-pista-61ced15b.webp 610w, \/wp-content\/uploads\/yootheme\/cache\/82\/avion-pista-826f2458.webp 768w, \/wp-content\/uploads\/yootheme\/cache\/24\/avion-pista-24dafedb.webp 1080w\" sizes=\"(min-width: 610px) 610px\" \/><\/a><\/p>\n<div class=\"el-meta uk-h6 uk-text-primary uk-margin-top uk-margin-remove-bottom\"><time datetime=\"2026-08-28T14:05:10+02:00\">28 august, 2026<\/time> | <a href=\"https:\/\/www.sursadevest.ro\/author\/petronela\/\">Sursa de Vest<\/a> | <a href=\"https:\/\/www.sursadevest.ro\/categorie\/stiri\/eveniment\/\" rel=\"tag\">Eveniment<\/a>, <a href=\"https:\/\/www.sursadevest.ro\/categorie\/stiri\/\" rel=\"tag\">\u0218tiri<\/a> | <a href=\"https:\/\/www.sursadevest.ro\/zborurile-charter-timisoara-hurghada-mutate-temporar-la-arad-din-cauza-lucrarilor-programate-la-pista-aeroportului-din-timisoara\/#respond\">Niciun comentariu<span class=\"screen-reader-text\"> la Zborurile charter Timi\u0219oara \u2013 Hurghada, mutate temporar la Arad, din cauza lucr\u0103rilor programate la pista aeroportului din Timi\u0219oara!<\/span><\/a><\/div>\n<h3 class=\"el-title uk-h4 uk-link-reset uk-margin-small-top uk-margin-remove-bottom\"><a href=\"https:\/\/www.sursadevest.ro\/zborurile-charter-timisoara-hurghada-mutate-temporar-la-arad-din-cauza-lucrarilor-programate-la-pista-aeroportului-din-timisoara\/\">Zborurile charter Timi\u0219oara \u2013 Hurghada, mutate temporar la Arad, din cauza lucr\u0103rilor programate la pista aeroportului din Timi\u0219oara!<\/a><\/h3>\n<div class=\"el-content uk-panel uk-margin-small-top\">\n<p>Turi\u0219tii care au cump\u0103rat vacan\u021be \u00een Egipt cu plecare din Timi\u0219oara \u00een zilele de 8, 15 \u0219i 22 noiembrie 2026 vor decola \u0219i se vor \u00eentoarce de pe Aeroportul Interna\u021bional Arad.<\/p>\n<\/div>\n<div class=\"uk-margin-top\"><a href=\"https:\/\/www.sursadevest.ro\/zborurile-charter-timisoara-hurghada-mutate-temporar-la-arad-din-cauza-lucrarilor-programate-la-pista-aeroportului-din-timisoara\/\" class=\"el-link uk-button uk-button-text\">Vezi detalii<\/a><\/div>\n<\/div>\n<\/div>\n<div>\n<div class=\"el-item uk-panel uk-margin-remove-first-child\"><a href=\"https:\/\/www.sursadevest.ro\/pompierii-romani-continua-lupta-cu-incendiile-din-serbia-modulul-de-interventie-a-fost-relocat-in-rezervatia-deliblata-sands\/\"><source type=\"image\/webp\" srcset=\"\/wp-content\/uploads\/yootheme\/cache\/d7\/incendiu-serbia-2-d7388122.webp 610w, \/wp-content\/uploads\/yootheme\/cache\/9e\/incendiu-serbia-2-9e1aa772.webp 768w, \/wp-content\/uploads\/yootheme\/cache\/c1\/incendiu-serbia-2-c133727f.webp 1024w, \/wp-content\/uploads\/yootheme\/cache\/f9\/incendiu-serbia-2-f92001eb.webp 1220w\" sizes=\"(min-width: 610px) 610px\" \/><\/a><\/p>\n<div class=\"el-meta uk-h6 uk-text-primary uk-margin-top uk-margin-remove-bottom\"><time datetime=\"2026-08-28T13:31:59+02:00\">28 august, 2026<\/time> | <a href=\"https:\/\/www.sursadevest.ro\/author\/petronela\/\">Sursa de Vest<\/a> | <a href=\"https:\/\/www.sursadevest.ro\/categorie\/stiri\/eveniment\/\" rel=\"tag\">Eveniment<\/a>, <a href=\"https:\/\/www.sursadevest.ro\/categorie\/stiri\/\" rel=\"tag\">\u0218tiri<\/a> | <a href=\"https:\/\/www.sursadevest.ro\/pompierii-romani-continua-lupta-cu-incendiile-din-serbia-modulul-de-interventie-a-fost-relocat-in-rezervatia-deliblata-sands\/#respond\">Niciun comentariu<span class=\"screen-reader-text\"> la Pompierii rom\u00e2ni continu\u0103 lupta cu incendiile din Serbia! Modulul de interven\u021bie a fost relocat \u00een rezerva\u021bia Deliblata Sands<\/span><\/a><\/div>\n<h3 class=\"el-title uk-h4 uk-link-reset uk-margin-small-top uk-margin-remove-bottom\"><a href=\"https:\/\/www.sursadevest.ro\/pompierii-romani-continua-lupta-cu-incendiile-din-serbia-modulul-de-interventie-a-fost-relocat-in-rezervatia-deliblata-sands\/\">Pompierii rom\u00e2ni continu\u0103 lupta cu incendiile din Serbia! Modulul de interven\u021bie a fost relocat \u00een rezerva\u021bia Deliblata Sands<\/a><\/h3>\n<div class=\"el-content uk-panel uk-margin-small-top\">\n<p>Pompierii rom\u00e2ni continu\u0103 misiunile de stingere a incendiilor de vegeta\u021bie din Serbia.<\/p>\n<\/div>\n<div class=\"uk-margin-top\"><a href=\"https:\/\/www.sursadevest.ro\/pompierii-romani-continua-lupta-cu-incendiile-din-serbia-modulul-de-interventie-a-fost-relocat-in-rezervatia-deliblata-sands\/\" class=\"el-link uk-button uk-button-text\">Vezi detalii<\/a><\/div>\n<\/div>\n<\/div>\n<div>\n<div class=\"el-item uk-panel uk-margin-remove-first-child\"><a href=\"https:\/\/www.sursadevest.ro\/continua-reabilitarea-bulevardului-liviu-rebreanu-sunt-anuntate-noi-restrictii-de-circulatie\/\"><source type=\"image\/webp\" srcset=\"\/wp-content\/uploads\/yootheme\/cache\/ff\/restrictii-circulatie-ffae8eb5.webp 610w, \/wp-content\/uploads\/yootheme\/cache\/3d\/restrictii-circulatie-3d87f9b1.webp 768w, \/wp-content\/uploads\/yootheme\/cache\/8e\/restrictii-circulatie-8e624632.webp 960w\" sizes=\"(min-width: 610px) 610px\" \/><\/a><\/p>\n<div class=\"el-meta uk-h6 uk-text-primary uk-margin-top uk-margin-remove-bottom\"><time datetime=\"2026-08-28T12:39:47+02:00\">28 august, 2026<\/time> | <a href=\"https:\/\/www.sursadevest.ro\/author\/petronela\/\">Sursa de Vest<\/a> | <a href=\"https:\/\/www.sursadevest.ro\/categorie\/stiri\/eveniment\/\" rel=\"tag\">Eveniment<\/a>, <a href=\"https:\/\/www.sursadevest.ro\/categorie\/stiri\/\" rel=\"tag\">\u0218tiri<\/a> | <a href=\"https:\/\/www.sursadevest.ro\/continua-reabilitarea-bulevardului-liviu-rebreanu-sunt-anuntate-noi-restrictii-de-circulatie\/#respond\">Niciun comentariu<span class=\"screen-reader-text\"> la Continu\u0103 reabilitarea bulevardului Liviu Rebreanu! Sunt anun\u021bate noi restric\u021bii de circula\u021bie<\/span><\/a><\/div>\n<h3 class=\"el-title uk-h4 uk-link-reset uk-margin-small-top uk-margin-remove-bottom\"><a href=\"https:\/\/www.sursadevest.ro\/continua-reabilitarea-bulevardului-liviu-rebreanu-sunt-anuntate-noi-restrictii-de-circulatie\/\">Continu\u0103 reabilitarea bulevardului Liviu Rebreanu! Sunt anun\u021bate noi restric\u021bii de circula\u021bie<\/a><\/h3>\n<div class=\"el-content uk-panel uk-margin-small-top\">\n<p>Continu\u0103 lucr\u0103rile de refacere a carosabilului pe bulevardul Liviu Rebreanu, cu interven\u021bii \u00een intersec\u021bia cu bulevardul Constantin Br\u00e2ncoveanu.<\/p>\n<\/div>\n<div class=\"uk-margin-top\"><a href=\"https:\/\/www.sursadevest.ro\/continua-reabilitarea-bulevardului-liviu-rebreanu-sunt-anuntate-noi-restrictii-de-circulatie\/\" class=\"el-link uk-button uk-button-text\">Vezi detalii<\/a><\/div>\n<\/div>\n<\/div>\n<div>\n<div class=\"el-item uk-panel uk-margin-remove-first-child\"><a href=\"https:\/\/www.sursadevest.ro\/doliu-in-jurnalismul-romanesc-brindusa-armanca-s-a-stins-din-viata\/\"><img decoding=\"async\" class=\"el-image uk-border-rounded\" src=\"https:\/\/www.sursadevest.ro\/wp-content\/uploads\/2026\/08\/brandusa-armanca.gif\" alt=\"Older woman with short light hair and glasses, wearing a pearl necklace, holds a framed diploma outdoors beside a graffiti-covered wall.\" loading=\"lazy\" width=\"610\" height=\"339\"><\/a><\/p>\n<div class=\"el-meta uk-h6 uk-text-primary uk-margin-top uk-margin-remove-bottom\"><time datetime=\"2026-08-28T12:22:21+02:00\">28 august, 2026<\/time> | <a href=\"https:\/\/www.sursadevest.ro\/author\/petronela\/\">Sursa de Vest<\/a> | <a href=\"https:\/\/www.sursadevest.ro\/categorie\/stiri\/eveniment\/\" rel=\"tag\">Eveniment<\/a>, <a href=\"https:\/\/www.sursadevest.ro\/categorie\/stiri\/social\/\" rel=\"tag\">Social<\/a>, <a href=\"https:\/\/www.sursadevest.ro\/categorie\/stiri\/\" rel=\"tag\">\u0218tiri<\/a> | <a href=\"https:\/\/www.sursadevest.ro\/doliu-in-jurnalismul-romanesc-brindusa-armanca-s-a-stins-din-viata\/#respond\">Niciun comentariu<span class=\"screen-reader-text\"> la Doliu \u00een jurnalismul rom\u00e2nesc! Br\u00eendu\u0219a Armanca s-a stins din via\u021b\u0103<\/span><\/a><\/div>\n<h3 class=\"el-title uk-h4 uk-link-reset uk-margin-small-top uk-margin-remove-bottom\"><a href=\"https:\/\/www.sursadevest.ro\/doliu-in-jurnalismul-romanesc-brindusa-armanca-s-a-stins-din-viata\/\">Doliu \u00een jurnalismul rom\u00e2nesc! Br\u00eendu\u0219a Armanca s-a stins din via\u021b\u0103<\/a><\/h3>\n<div class=\"el-content uk-panel uk-margin-small-top\">\n<p>Jurnalista Br\u00eendu\u0219a Armanca a \u00eencetat din via\u021b\u0103. Fost\u0103 directoare a TVR Timi\u0219oara, profesor universitar \u0219i una dintre vocile cunoscute ale presei timi\u0219orene \u0219i rom\u00e2ne\u0219ti, s-a stins la v\u00e2rsta de 72 de ani.<\/p>\n<\/div>\n<div class=\"uk-margin-top\"><a href=\"https:\/\/www.sursadevest.ro\/doliu-in-jurnalismul-romanesc-brindusa-armanca-s-a-stins-din-viata\/\" class=\"el-link uk-button uk-button-text\">Vezi detalii<\/a><\/div>\n<\/div>\n<\/div>\n<div>\n<div class=\"el-item uk-panel uk-margin-remove-first-child\"><a href=\"https:\/\/www.sursadevest.ro\/video-cu-tirul-la-aruncat-de-gunoaie-un-barbat-a-abandonat-pe-camp-piese-din-masini-dezmembrate-si-a-ajuns-pe-mana-politistilor\/\"><img decoding=\"async\" class=\"el-image uk-border-rounded\" src=\"https:\/\/www.sursadevest.ro\/wp-content\/uploads\/2026\/08\/gunoi-abandonat.gif\" alt=\"Aerial view of a long pile of body bags along a dirt path in a forest, with police cars nearby and the Romanian Police emblem visible in the corner.\" loading=\"lazy\" width=\"610\" height=\"339\"><\/a><\/p>\n<div class=\"el-meta uk-h6 uk-text-primary uk-margin-top uk-margin-remove-bottom\"><time datetime=\"2026-08-28T11:29:58+02:00\">28 august, 2026<\/time> | <a href=\"https:\/\/www.sursadevest.ro\/author\/petronela\/\">Sursa de Vest<\/a> | <a href=\"https:\/\/www.sursadevest.ro\/categorie\/stiri\/eveniment\/\" rel=\"tag\">Eveniment<\/a>, <a href=\"https:\/\/www.sursadevest.ro\/categorie\/stiri\/\" rel=\"tag\">\u0218tiri<\/a> | <a href=\"https:\/\/www.sursadevest.ro\/video-cu-tirul-la-aruncat-de-gunoaie-un-barbat-a-abandonat-pe-camp-piese-din-masini-dezmembrate-si-a-ajuns-pe-mana-politistilor\/#respond\">Niciun comentariu<span class=\"screen-reader-text\"> la VIDEO: Cu tirul, la aruncat de gunoaie! Un b\u0103rbat a  abandonat pe c\u00e2mp piese din ma\u0219ini dezmembrate \u0219i a ajuns pe m\u00e2na poli\u021bi\u0219tilor<\/span><\/a><\/div>\n<h3 class=\"el-title uk-h4 uk-link-reset uk-margin-small-top uk-margin-remove-bottom\"><a href=\"https:\/\/www.sursadevest.ro\/video-cu-tirul-la-aruncat-de-gunoaie-un-barbat-a-abandonat-pe-camp-piese-din-masini-dezmembrate-si-a-ajuns-pe-mana-politistilor\/\">VIDEO: Cu tirul, la aruncat de gunoaie! Un b\u0103rbat a  abandonat pe c\u00e2mp piese din ma\u0219ini dezmembrate \u0219i a ajuns pe m\u00e2na poli\u021bi\u0219tilor<\/a><\/h3>\n<div class=\"el-content uk-panel uk-margin-small-top\">\n<p>Un b\u0103rbat a ajuns \u00een vizorul poli\u021bi\u0219tilor, dup\u0103 ce a abandonat mai multe de\u0219euri periculoase pe un teren din apropierea unei foste balastiere.<\/p>\n<\/div>\n<div class=\"uk-margin-top\"><a href=\"https:\/\/www.sursadevest.ro\/video-cu-tirul-la-aruncat-de-gunoaie-un-barbat-a-abandonat-pe-camp-piese-din-masini-dezmembrate-si-a-ajuns-pe-mana-politistilor\/\" class=\"el-link uk-button uk-button-text\">Vezi detalii<\/a><\/div>\n<\/div>\n<\/div>\n<div>\n<div class=\"el-item uk-panel uk-margin-remove-first-child\"><a href=\"https:\/\/www.sursadevest.ro\/restrictii-de-circulatie-in-zona-centrala-a-timisoarei-pentru-desfasurarea-campionatului-national-de-super-rally\/\"><source type=\"image\/webp\" srcset=\"\/wp-content\/uploads\/yootheme\/cache\/d6\/restrictii-d6754793.webp 610w, \/wp-content\/uploads\/yootheme\/cache\/6a\/restrictii-6a7aabd0.webp 800w\" sizes=\"(min-width: 610px) 610px\" \/><\/a><\/p>\n<div class=\"el-meta uk-h6 uk-text-primary uk-margin-top uk-margin-remove-bottom\"><time datetime=\"2026-08-28T09:57:50+02:00\">28 august, 2026<\/time> | <a href=\"https:\/\/www.sursadevest.ro\/author\/petronela\/\">Sursa de Vest<\/a> | <a href=\"https:\/\/www.sursadevest.ro\/categorie\/stiri\/eveniment\/\" rel=\"tag\">Eveniment<\/a>, <a href=\"https:\/\/www.sursadevest.ro\/categorie\/stiri\/\" rel=\"tag\">\u0218tiri<\/a> | <a href=\"https:\/\/www.sursadevest.ro\/restrictii-de-circulatie-in-zona-centrala-a-timisoarei-pentru-desfasurarea-campionatului-national-de-super-rally\/#respond\">Niciun comentariu<span class=\"screen-reader-text\"> la Restric\u021bii de circula\u021bie, \u00een zona central\u0103 a Timi\u0219oarei, pentru desf\u0103\u0219urarea Campionatului Na\u021bional de Super Rally<\/span><\/a><\/div>\n<h3 class=\"el-title uk-h4 uk-link-reset uk-margin-small-top uk-margin-remove-bottom\"><a href=\"https:\/\/www.sursadevest.ro\/restrictii-de-circulatie-in-zona-centrala-a-timisoarei-pentru-desfasurarea-campionatului-national-de-super-rally\/\">Restric\u021bii de circula\u021bie, \u00een zona central\u0103 a Timi\u0219oarei, pentru desf\u0103\u0219urarea Campionatului Na\u021bional de Super Rally<\/a><\/h3>\n<div class=\"el-content uk-panel uk-margin-small-top\">\n<p>\u0218oferii sunt sf\u0103tui\u021bi s\u0103 evite, pe c\u00e2t posibil, zona central\u0103 a Timi\u0219oarei, \u00een acest sf\u00e2r\u0219it de s\u0103pt\u0103m\u00e2n\u0103. \u00cencep\u00e2nd de ast\u0103zi, p\u00e2n\u0103 duminic\u0103 inclusiv, se desf\u0103\u0219oar\u0103 Campionatul Na\u021bional de Super Rally, motiv pentru care sunt instituite restric\u021bii de circula\u021bie.<\/p>\n<\/div>\n<div class=\"uk-margin-top\"><a href=\"https:\/\/www.sursadevest.ro\/restrictii-de-circulatie-in-zona-centrala-a-timisoarei-pentru-desfasurarea-campionatului-national-de-super-rally\/\" class=\"el-link uk-button uk-button-text\">Vezi detalii<\/a><\/div>\n<\/div>\n<\/div>\n<div>\n<div class=\"el-item uk-panel uk-margin-remove-first-child\"><a href=\"https:\/\/www.sursadevest.ro\/foto-se-restaureaza-acoperisurile-mai-multor-constructii-traditionale-de-la-muzeul-satului-banatean-investitia-se-ridica-la-700-de-mii-de-lei\/\"><img decoding=\"async\" class=\"el-image uk-border-rounded\" src=\"https:\/\/www.sursadevest.ro\/wp-content\/uploads\/2026\/08\/muzeul-satului3.gif\" alt=\"Workers repair a thatched roof atop a white cottage, using ladders and scaffolding outdoors.\" loading=\"lazy\" width=\"610\" height=\"339\"><\/a><\/p>\n<div class=\"el-meta uk-h6 uk-text-primary uk-margin-top uk-margin-remove-bottom\"><time datetime=\"2026-08-28T09:49:31+02:00\">28 august, 2026<\/time> | <a href=\"https:\/\/www.sursadevest.ro\/author\/petronela\/\">Sursa de Vest<\/a> | <a href=\"https:\/\/www.sursadevest.ro\/categorie\/stiri\/eveniment\/\" rel=\"tag\">Eveniment<\/a>, <a href=\"https:\/\/www.sursadevest.ro\/categorie\/stiri\/\" rel=\"tag\">\u0218tiri<\/a> | <a href=\"https:\/\/www.sursadevest.ro\/foto-se-restaureaza-acoperisurile-mai-multor-constructii-traditionale-de-la-muzeul-satului-banatean-investitia-se-ridica-la-700-de-mii-de-lei\/#respond\">Niciun comentariu<span class=\"screen-reader-text\"> la FOTO: Se restaureaz\u0103 acoperi\u0219urile mai multor construc\u021bii tradi\u021bionale de la Muzeul Satului B\u0103n\u0103\u021bean! Investi\u021bia se ridic\u0103 la 700 de mii de lei<\/span><\/a><\/div>\n<h3 class=\"el-title uk-h4 uk-link-reset uk-margin-small-top uk-margin-remove-bottom\"><a href=\"https:\/\/www.sursadevest.ro\/foto-se-restaureaza-acoperisurile-mai-multor-constructii-traditionale-de-la-muzeul-satului-banatean-investitia-se-ridica-la-700-de-mii-de-lei\/\">FOTO: Se restaureaz\u0103 acoperi\u0219urile mai multor construc\u021bii tradi\u021bionale de la Muzeul Satului B\u0103n\u0103\u021bean! Investi\u021bia se ridic\u0103 la 700 de mii de lei<\/a><\/h3>\n<div class=\"el-content uk-panel uk-margin-small-top\">\n<p>La Muzeul Satului B\u0103n\u0103\u021bean din Timi\u0219oara sunt \u00een desf\u0103\u0219urare lucr\u0103ri de restaurare a mai multor obiective din circuitul de vizitare.<\/p>\n<\/div>\n<div class=\"uk-margin-top\"><a href=\"https:\/\/www.sursadevest.ro\/foto-se-restaureaza-acoperisurile-mai-multor-constructii-traditionale-de-la-muzeul-satului-banatean-investitia-se-ridica-la-700-de-mii-de-lei\/\" class=\"el-link uk-button uk-button-text\">Vezi detalii<\/a><\/div>\n<\/div>\n<\/div>\n<div>\n<div class=\"el-item uk-panel uk-margin-remove-first-child\"><a href=\"https:\/\/www.sursadevest.ro\/accident-cumplit-in-zorii-zilei-un-tanar-a-murit-si-alti-doi-au-fost-raniti-dupa-ce-masina-in-care-se-aflau-a-intrat-in-plin-intr-un-zid-din-beton\/\"><source type=\"image\/webp\" srcset=\"\/wp-content\/uploads\/yootheme\/cache\/08\/pacient-in-ambulanta-083402a1.webp 610w, \/wp-content\/uploads\/yootheme\/cache\/e3\/pacient-in-ambulanta-e3ced5dd.webp 768w, \/wp-content\/uploads\/yootheme\/cache\/fe\/pacient-in-ambulanta-fe65ae23.webp 900w\" sizes=\"(min-width: 610px) 610px\" \/><\/a><\/p>\n<div class=\"el-meta uk-h6 uk-text-primary uk-margin-top uk-margin-remove-bottom\"><time datetime=\"2026-08-28T09:05:50+02:00\">28 august, 2026<\/time> | <a href=\"https:\/\/www.sursadevest.ro\/author\/petronela\/\">Sursa de Vest<\/a> | <a href=\"https:\/\/www.sursadevest.ro\/categorie\/stiri\/eveniment\/\" rel=\"tag\">Eveniment<\/a>, <a href=\"https:\/\/www.sursadevest.ro\/categorie\/stiri\/\" rel=\"tag\">\u0218tiri<\/a> | <a href=\"https:\/\/www.sursadevest.ro\/accident-cumplit-in-zorii-zilei-un-tanar-a-murit-si-alti-doi-au-fost-raniti-dupa-ce-masina-in-care-se-aflau-a-intrat-in-plin-intr-un-zid-din-beton\/#respond\">Niciun comentariu<span class=\"screen-reader-text\"> la Accident cumplit, \u00een zorii zilei! Un t\u00e2n\u0103r a murit \u0219i al\u021bi doi au fost r\u0103ni\u021bi, dup\u0103 ce ma\u0219ina \u00een care se aflau a intrat \u00een plin \u00eentr-un zid din beton<\/span><\/a><\/div>\n<h3 class=\"el-title uk-h4 uk-link-reset uk-margin-small-top uk-margin-remove-bottom\"><a href=\"https:\/\/www.sursadevest.ro\/accident-cumplit-in-zorii-zilei-un-tanar-a-murit-si-alti-doi-au-fost-raniti-dupa-ce-masina-in-care-se-aflau-a-intrat-in-plin-intr-un-zid-din-beton\/\">Accident cumplit, \u00een zorii zilei! Un t\u00e2n\u0103r a murit \u0219i al\u021bi doi au fost r\u0103ni\u021bi, dup\u0103 ce ma\u0219ina \u00een care se aflau a intrat \u00een plin \u00eentr-un zid din beton<\/a><\/h3>\n<div class=\"el-content uk-panel uk-margin-small-top\">\n<p>O ma\u0219in\u0103 pierdut\u0103 de sub control s-a izbit puternic de un zid din beton.<\/p>\n<\/div>\n<div class=\"uk-margin-top\"><a href=\"https:\/\/www.sursadevest.ro\/accident-cumplit-in-zorii-zilei-un-tanar-a-murit-si-alti-doi-au-fost-raniti-dupa-ce-masina-in-care-se-aflau-a-intrat-in-plin-intr-un-zid-din-beton\/\" class=\"el-link uk-button uk-button-text\">Vezi detalii<\/a><\/div>\n<\/div>\n<\/div>\n<div>\n<div class=\"el-item uk-panel uk-margin-remove-first-child\"><a href=\"https:\/\/www.sursadevest.ro\/amenzi-pe-banda-rulanta-pentru-soferii-care-si-au-parcat-masinile-neregulamentar-care-sunt-zonele-din-oras-unde-au-fost-semnalate-frecvent-nereguli\/\"><img decoding=\"async\" class=\"el-image uk-border-rounded\" src=\"https:\/\/www.sursadevest.ro\/wp-content\/uploads\/2026\/08\/masina-ridicata.gif\" alt=\"Gray VW car being loaded onto a flatbed tow truck on a city street, with a man nearby.\" loading=\"lazy\" width=\"610\" height=\"339\"><\/a><\/p>\n<div class=\"el-meta uk-h6 uk-text-primary uk-margin-top uk-margin-remove-bottom\"><time datetime=\"2026-08-28T08:47:00+02:00\">28 august, 2026<\/time> | <a href=\"https:\/\/www.sursadevest.ro\/author\/petronela\/\">Sursa de Vest<\/a> | <a href=\"https:\/\/www.sursadevest.ro\/categorie\/stiri\/eveniment\/\" rel=\"tag\">Eveniment<\/a>, <a href=\"https:\/\/www.sursadevest.ro\/categorie\/stiri\/\" rel=\"tag\">\u0218tiri<\/a> | <a href=\"https:\/\/www.sursadevest.ro\/amenzi-pe-banda-rulanta-pentru-soferii-care-si-au-parcat-masinile-neregulamentar-care-sunt-zonele-din-oras-unde-au-fost-semnalate-frecvent-nereguli\/#respond\">Niciun comentariu<span class=\"screen-reader-text\"> la Amenzi pe band\u0103 rulant\u0103 pentru \u0219oferii care \u0219i-au parcat  ma\u0219inile neregulamentar! Care sunt zonele din ora\u0219 unde au fost semnalate frecvent nereguli?<\/span><\/a><\/div>\n<h3 class=\"el-title uk-h4 uk-link-reset uk-margin-small-top uk-margin-remove-bottom\"><a href=\"https:\/\/www.sursadevest.ro\/amenzi-pe-banda-rulanta-pentru-soferii-care-si-au-parcat-masinile-neregulamentar-care-sunt-zonele-din-oras-unde-au-fost-semnalate-frecvent-nereguli\/\">Amenzi pe band\u0103 rulant\u0103 pentru \u0219oferii care \u0219i-au parcat  ma\u0219inile neregulamentar! Care sunt zonele din ora\u0219 unde au fost semnalate frecvent nereguli?<\/a><\/h3>\n<div class=\"el-content uk-panel uk-margin-small-top\">\n<p>\u0218oferii care ignor\u0103 regulile \u0219i \u00ee\u0219i parcheaz\u0103 ma\u0219inile neregulamentar nu scap\u0103 nesanc\u021biona\u021bi.<\/p>\n<\/div>\n<div class=\"uk-margin-top\"><a href=\"https:\/\/www.sursadevest.ro\/amenzi-pe-banda-rulanta-pentru-soferii-care-si-au-parcat-masinile-neregulamentar-care-sunt-zonele-din-oras-unde-au-fost-semnalate-frecvent-nereguli\/\" class=\"el-link uk-button uk-button-text\">Vezi detalii<\/a><\/div>\n<\/div>\n<\/div>\n<\/div>\n<\/div>\n<\/div>\n<div class=\"uk-width-1-3@m\">\n<h2 class=\"uk-h4\">\n<p>                    Alte articole        <\/p>\n<\/h2>\n<div class=\"uk-margin\">\n<div class=\"uk-grid uk-child-width-1-1 uk-child-width-1-2@s uk-child-width-1-1@m uk-grid-small uk-grid-divider uk-grid-match\">\n<div>\n<div class=\"el-item uk-panel\">\n<div class=\"uk-grid-column-small\">\n<div class=\"uk-width-auto\"><a href=\"https:\/\/www.sursadevest.ro\/curajul-poarta-uniforma-cosmina-este-unul-dintre-pompierii-din-timis-care-lupta-cu-incendiile-devastatoare-din-serbia\/\"><source type=\"image\/webp\" srcset=\"https:\/\/www.sursadevest.ro\/index.php?yootheme=cache\/67\/cosmina-pompier-1-67e44e8d.webp&amp;src=wp-content\/uploads\/2026\/08\/cosmina-pompier-1.jpg&amp;thumbnail=150,150,&amp;type=webp,85&amp;hash=f32348c9 150w\" sizes=\"(min-width: 75px) 75px\" \/><\/a><\/div>\n<div class=\"uk-width-expand uk-margin-remove-first-child\">\n<div class=\"el-meta uk-h6 uk-text-primary uk-margin-top uk-margin-remove-bottom\">29 august, 2026<\/div>\n<h3 class=\"el-title uk-h5 uk-link-reset uk-margin-remove-top uk-margin-remove-bottom\"><a href=\"https:\/\/www.sursadevest.ro\/curajul-poarta-uniforma-cosmina-este-unul-dintre-pompierii-din-timis-care-lupta-cu-incendiile-devastatoare-din-serbia\/\">Curajul poart\u0103 uniform\u0103! Cosmina este unul dintre pompierii din Timi\u0219 care lupt\u0103 cu incendiile devastatoare din Serbia<\/a><\/h3>\n<div class=\"uk-margin-small-top\"><a href=\"https:\/\/www.sursadevest.ro\/curajul-poarta-uniforma-cosmina-este-unul-dintre-pompierii-din-timis-care-lupta-cu-incendiile-devastatoare-din-serbia\/\" class=\"el-link uk-button uk-button-text\">Vezi detalii<\/a><\/div>\n<\/div>\n<\/div>\n<\/div>\n<\/div>\n<div>\n<div class=\"el-item uk-panel\">\n<div class=\"uk-grid-column-small\">\n<div class=\"uk-width-auto\"><a href=\"https:\/\/www.sursadevest.ro\/spatiren-la-teremia-mare-istoria-comunei-descoperita-la-pas-si-prin-gusturile-bucatariei-banatene\/\"><img decoding=\"async\" class=\"el-image\" src=\"https:\/\/www.sursadevest.ro\/wp-content\/uploads\/2026\/08\/masa-campeneasca.gif\" alt=\"Outdoor table set for a feast with colorful ceramic pottery and a spread of breads, meats, and sauces.\" loading=\"lazy\" width=\"75\" height=\"75\"><\/a><\/div>\n<div class=\"uk-width-expand uk-margin-remove-first-child\">\n<div class=\"el-meta uk-h6 uk-text-primary uk-margin-top uk-margin-remove-bottom\">29 august, 2026<\/div>\n<h3 class=\"el-title uk-h5 uk-link-reset uk-margin-remove-top uk-margin-remove-bottom\"><a href=\"https:\/\/www.sursadevest.ro\/spatiren-la-teremia-mare-istoria-comunei-descoperita-la-pas-si-prin-gusturile-bucatariei-banatene\/\">\u201e\u0218pa\u021biren la Teremia Mare\u201d! Istoria comunei, descoperit\u0103 la pas \u0219i prin gusturile buc\u0103t\u0103riei b\u0103n\u0103\u021bene<\/a><\/h3>\n<div class=\"uk-margin-small-top\"><a href=\"https:\/\/www.sursadevest.ro\/spatiren-la-teremia-mare-istoria-comunei-descoperita-la-pas-si-prin-gusturile-bucatariei-banatene\/\" class=\"el-link uk-button uk-button-text\">Vezi detalii<\/a><\/div>\n<\/div>\n<\/div>\n<\/div>\n<\/div>\n<div>\n<div class=\"el-item uk-panel\">\n<div class=\"uk-grid-column-small\">\n<div class=\"uk-width-auto\"><a href=\"https:\/\/www.sursadevest.ro\/festivalul-25-de-ore-de-teatru-non-stop-revine-la-timisoara-abonamentele-vip-s-au-pus-in-vanzare\/\"><img decoding=\"async\" class=\"el-image\" src=\"https:\/\/www.sursadevest.ro\/wp-content\/uploads\/2026\/08\/teatru.gif\" alt=\"Two adults stand side by side in a dim, industrial workshop, looking ahead with tense expressions.\" loading=\"lazy\" width=\"75\" height=\"75\"><\/a><\/div>\n<div class=\"uk-width-expand uk-margin-remove-first-child\">\n<div class=\"el-meta uk-h6 uk-text-primary uk-margin-top uk-margin-remove-bottom\">29 august, 2026<\/div>\n<h3 class=\"el-title uk-h5 uk-link-reset uk-margin-remove-top uk-margin-remove-bottom\"><a href=\"https:\/\/www.sursadevest.ro\/festivalul-25-de-ore-de-teatru-non-stop-revine-la-timisoara-abonamentele-vip-s-au-pus-in-vanzare\/\">Festivalul \u201e25 de ore de teatru non-stop\u201d revine la Timi\u0219oara! Abonamentele VIP s-au pus \u00een v\u00e2nzare<\/a><\/h3>\n<div class=\"uk-margin-small-top\"><a href=\"https:\/\/www.sursadevest.ro\/festivalul-25-de-ore-de-teatru-non-stop-revine-la-timisoara-abonamentele-vip-s-au-pus-in-vanzare\/\" class=\"el-link uk-button uk-button-text\">Vezi detalii<\/a><\/div>\n<\/div>\n<\/div>\n<\/div>\n<\/div>\n<div>\n<div class=\"el-item uk-panel\">\n<div class=\"uk-grid-column-small\">\n<div class=\"uk-width-auto\"><a href=\"https:\/\/www.sursadevest.ro\/muzica-din-game-of-thrones-the-lord-of-the-rings-sau-avatar-va-rasuna-in-parcul-rozelor-filarmonica-banatul-organizeaza-concertul-simfonic-sounds-of-fantasy\/\"><img decoding=\"async\" class=\"el-image\" src=\"https:\/\/www.sursadevest.ro\/wp-content\/uploads\/2026\/08\/filarmonica.gif\" alt=\"Large choir standing behind an orchestra on a dimly lit stage during a performance.\" loading=\"lazy\" width=\"75\" height=\"75\"><\/a><\/div>\n<div class=\"uk-width-expand uk-margin-remove-first-child\">\n<div class=\"el-meta uk-h6 uk-text-primary uk-margin-top uk-margin-remove-bottom\">29 august, 2026<\/div>\n<h3 class=\"el-title uk-h5 uk-link-reset uk-margin-remove-top uk-margin-remove-bottom\"><a href=\"https:\/\/www.sursadevest.ro\/muzica-din-game-of-thrones-the-lord-of-the-rings-sau-avatar-va-rasuna-in-parcul-rozelor-filarmonica-banatul-organizeaza-concertul-simfonic-sounds-of-fantasy\/\">Muzica din Game of Thrones, The Lord of the Rings sau Avatar va r\u0103suna \u00een Parcul Rozelor! Filarmonica Banatul organizeaz\u0103 concertul simfonic \u201eSOUNDS OF FANTASY\u201d<\/a><\/h3>\n<div class=\"uk-margin-small-top\"><a href=\"https:\/\/www.sursadevest.ro\/muzica-din-game-of-thrones-the-lord-of-the-rings-sau-avatar-va-rasuna-in-parcul-rozelor-filarmonica-banatul-organizeaza-concertul-simfonic-sounds-of-fantasy\/\" class=\"el-link uk-button uk-button-text\">Vezi detalii<\/a><\/div>\n<\/div>\n<\/div>\n<\/div>\n<\/div>\n<\/div>\n<\/div>\n<div class=\"uk-margin-remove-vertical\">\n<div class=\"uk-grid uk-child-width-1-1 uk-grid-small uk-grid-divider uk-grid-match\">\n<div>\n<div class=\"el-item uk-panel\"><a href=\"https:\/\/retim.ro\/eticheta\" target=\"_blank\"><\/p>\n<div class=\"uk-inline-clip uk-transition-toggle\"><img loading=\"lazy\" decoding=\"async\" class=\"el-image uk-transition-scale-down uk-transition-opaque\" src=\"https:\/\/www.sursadevest.ro\/wp-content\/uploads\/2025\/07\/ReTIM-banner-press-300x300px.gif\" alt width=\"300\" height=\"300\"><\/div>\n<p><\/a><\/p>\n<div class=\"uk-padding-small uk-margin-remove-first-child\">\n<div class=\"el-meta uk-text-meta uk-margin-small-top\">Retim Ecologic Service<\/div>\n<div class=\"uk-margin-small-top\"><a href=\"https:\/\/retim.ro\/eticheta\" target=\"_blank\" class=\"el-link uk-button uk-button-text\">Vezi detalii<\/a><\/div>\n<\/div>\n<\/div>\n<\/div>\n<div>\n<div class=\"el-item uk-panel\"><a href=\"https:\/\/rmnimagisticas.ro\/\" target=\"_blank\"><\/p>\n<div class=\"uk-inline-clip uk-transition-toggle\"><source type=\"image\/webp\" srcset=\"\/wp-content\/uploads\/yootheme\/cache\/86\/RMN-Imagistica-86a88a5a.webp 450w\" sizes=\"(min-width: 450px) 450px\" \/><\/div>\n<p><\/a><\/p>\n<div class=\"uk-padding-small uk-margin-remove-first-child\">\n<div class=\"el-meta uk-text-meta uk-margin-small-top\">RMN ImagisticAS<\/div>\n<div class=\"uk-margin-small-top\"><a href=\"https:\/\/rmnimagisticas.ro\/\" target=\"_blank\" class=\"el-link uk-button uk-button-text\">Vezi detalii<\/a><\/div>\n<\/div>\n<\/div>\n<\/div>\n<div>\n<div class=\"el-item uk-panel\"><a href=\"https:\/\/ro.san-marco.com\/\" target=\"_blank\"><\/p>\n<div class=\"uk-inline-clip uk-transition-toggle\"><source type=\"image\/webp\" srcset=\"\/wp-content\/uploads\/yootheme\/cache\/df\/sanmarco-df655601.webp 450w\" sizes=\"(min-width: 450px) 450px\" \/><\/div>\n<p><\/a><\/p>\n<div class=\"uk-padding-small uk-margin-remove-first-child\">\n<div class=\"el-meta uk-text-meta uk-margin-small-top\">San Marco<\/div>\n<div class=\"uk-margin-small-top\"><a href=\"https:\/\/ro.san-marco.com\/\" target=\"_blank\" class=\"el-link uk-button uk-button-text\">Vezi detalii<\/a><\/div>\n<\/div>\n<\/div>\n<\/div>\n<div>\n<div class=\"el-item uk-panel\"><a href=\"https:\/\/afiom.ro\/doneaza\" target=\"_blank\"><\/p>\n<div class=\"uk-inline-clip uk-transition-toggle\"><img loading=\"lazy\" decoding=\"async\" class=\"el-image uk-transition-scale-down uk-transition-opaque\" src=\"https:\/\/www.sursadevest.ro\/wp-content\/uploads\/2024\/12\/AfiOM_Sites_350x350_Mamici.gif\" alt width=\"350\" height=\"350\"><\/div>\n<p><\/a><\/p>\n<div class=\"uk-padding-small uk-margin-remove-first-child\">\n<div class=\"el-meta uk-text-meta uk-margin-small-top\">A fi om!<\/div>\n<div class=\"uk-margin-small-top\"><a href=\"https:\/\/afiom.ro\/doneaza\" target=\"_blank\" class=\"el-link uk-button uk-button-text\">Vezi detalii<\/a><\/div>\n<\/div>\n<\/div>\n<\/div>\n<div>\n<div class=\"el-item uk-panel\"><a href=\"https:\/\/afiom.ro\/doneaza\" target=\"_blank\"><\/p>\n<div class=\"uk-inline-clip uk-transition-toggle\"><img loading=\"lazy\" decoding=\"async\" class=\"el-image uk-transition-scale-down uk-transition-opaque\" src=\"https:\/\/www.sursadevest.ro\/wp-content\/uploads\/2024\/12\/AfiOM_Sites_350x350_Sport.gif\" alt width=\"350\" height=\"350\"><\/div>\n<p><\/a><\/p>\n<div class=\"uk-padding-small uk-margin-remove-first-child\">\n<div class=\"el-meta uk-text-meta uk-margin-small-top\">A fi om!<\/div>\n<div class=\"uk-margin-small-top\"><a href=\"https:\/\/afiom.ro\/doneaza\" target=\"_blank\" class=\"el-link uk-button uk-button-text\">Vezi detalii<\/a><\/div>\n<\/div>\n<\/div>\n<\/div>\n<div>\n<div class=\"el-item uk-panel uk-margin-remove-first-child\">\n<div class=\"el-meta uk-text-meta uk-margin-small-top\">For\u021ba Dreptei<\/div>\n<\/div>\n<\/div>\n<div>\n<div class=\"el-item uk-panel\"><a href=\"https:\/\/www.igard.ro\" target=\"_blank\"><\/p>\n<div class=\"uk-inline-clip uk-transition-toggle\"><source type=\"image\/webp\" srcset=\"\/wp-content\/uploads\/yootheme\/cache\/8c\/iGard-0124-02-8cb83681.webp 768w, \/wp-content\/uploads\/yootheme\/cache\/89\/iGard-0124-02-894b8f7b.webp 1080w\" sizes=\"(min-width: 1080px) 1080px\" \/><\/div>\n<p><\/a><\/p>\n<div class=\"uk-padding-small uk-margin-remove-first-child\">\n<div class=\"el-meta uk-text-meta uk-margin-small-top\">iGard panouri de gard \u2013 www.igard.ro<\/div>\n<div class=\"uk-margin-small-top\"><a href=\"https:\/\/www.igard.ro\" target=\"_blank\" class=\"el-link uk-button uk-button-text\">Vezi detalii<\/a><\/div>\n<\/div>\n<\/div>\n<\/div>\n<div>\n<div class=\"el-item uk-panel\">\n<div class=\"uk-inline-clip uk-transition-toggle\"><source type=\"image\/webp\" srcset=\"\/wp-content\/uploads\/yootheme\/cache\/f2\/atc-small-f2c6a401.webp 600w\" sizes=\"(min-width: 600px) 600px\" \/><\/div>\n<div class=\"uk-padding-small uk-margin-remove-first-child\">\n<div class=\"el-meta uk-text-meta uk-margin-small-top\">ATC BAUDESIGN<\/div>\n<\/div>\n<\/div>\n<\/div>\n<\/div>\n<\/div>\n<\/div>\n<\/div>\n<\/div>\n<\/div>\n<p><\/main><\/p>\n<p>[analyse_source url=&#8221;https:\/\/www.sursadevest.ro\/spatiren-la-teremia-mare-istoria-comunei-descoperita-la-pas-si-prin-gusturile-bucatariei-banatene\/&#8221;]<\/p>\n","protected":false},"excerpt":{"rendered":"<p>[analyse_image type=&#8221;featured&#8221; src=&#8221;https:\/\/www.sursadevest.ro\/wp-content\/uploads\/2026\/08\/masa-campeneasca.gif&#8221;] \u201e\u0218pa\u021biren la Teremia Mare\u201d! Istoria comunei, descoperit\u0103 la pas \u0219i prin gusturile buc\u0103t\u0103riei b\u0103n\u0103\u021bene 29 august, 2026 | Sursa de Vest | Eveniment, Social, \u0218tiri | Niciun comentariu la \u201e\u0218pa\u021biren la Teremia Mare\u201d! Istoria comunei, descoperit\u0103 la pas \u0219i prin gusturile buc\u0103t\u0103riei b\u0103n\u0103\u021bene \u0218tiri Eveniment Retim Ecologic Service Vezi detalii Pove\u0219tile, arhitectura [&hellip;]<\/p>\n","protected":false},"author":1,"featured_media":0,"comment_status":"open","ping_status":"","sticky":false,"template":"","format":"standard","meta":{"footnotes":""},"categories":[89],"tags":[226,200],"class_list":["post-2117914","post","type-post","status-publish","format-standard","hentry","category-romania","tag-crawlmanager","tag-sursadevest-ro"],"_links":{"self":[{"href":"https:\/\/analyse.optim.biz\/index.php?rest_route=\/wp\/v2\/posts\/2117914","targetHints":{"allow":["GET"]}}],"collection":[{"href":"https:\/\/analyse.optim.biz\/index.php?rest_route=\/wp\/v2\/posts"}],"about":[{"href":"https:\/\/analyse.optim.biz\/index.php?rest_route=\/wp\/v2\/types\/post"}],"author":[{"embeddable":true,"href":"https:\/\/analyse.optim.biz\/index.php?rest_route=\/wp\/v2\/users\/1"}],"replies":[{"embeddable":true,"href":"https:\/\/analyse.optim.biz\/index.php?rest_route=%2Fwp%2Fv2%2Fcomments&post=2117914"}],"version-history":[{"count":0,"href":"https:\/\/analyse.optim.biz\/index.php?rest_route=\/wp\/v2\/posts\/2117914\/revisions"}],"wp:attachment":[{"href":"https:\/\/analyse.optim.biz\/index.php?rest_route=%2Fwp%2Fv2%2Fmedia&parent=2117914"}],"wp:term":[{"taxonomy":"category","embeddable":true,"href":"https:\/\/analyse.optim.biz\/index.php?rest_route=%2Fwp%2Fv2%2Fcategories&post=2117914"},{"taxonomy":"post_tag","embeddable":true,"href":"https:\/\/analyse.optim.biz\/index.php?rest_route=%2Fwp%2Fv2%2Ftags&post=2117914"}],"curies":[{"name":"wp","href":"https:\/\/api.w.org\/{rel}","templated":true}]}}