{"id":2117855,"date":"2026-08-29T08:25:36","date_gmt":"2026-08-29T05:25:36","guid":{"rendered":"https:\/\/analyse.optim.biz\/?p=2117855"},"modified":"2026-08-29T08:25:36","modified_gmt":"2026-08-29T05:25:36","slug":"maria-zaharova-prezinta-situatia-exploziva-din-marea-neagra-rusia-are-dovezi-ca-dronele-ce-i-ataca-pe-romani-si-turci-sunt-ale-regimului-zelensky","status":"publish","type":"post","link":"https:\/\/analyse.optim.biz\/?p=2117855","title":{"rendered":"Maria Zaharova prezint\u0103 situa\u021bia exploziv\u0103 din Marea Neagr\u0103: \u201cRusia are dovezi c\u0103 dronele ce-i atac\u0103 pe rom\u00e2ni \u0219i turci sunt ale regimului Zelensky!\u201d"},"content":{"rendered":"<p>[analyse_image type=&#8221;featured&#8221; src=&#8221;https:\/\/solidnews.ro\/wp-content\/uploads\/2026\/08\/FB_IMG_1787989512699.jpg&#8221;]<\/p>\n<div class=\"td_block_wrap tdb_single_content tdi_120 td-pb-border-top td_block_template_1 td-post-content tagdiv-type\" data-td-block-uid=\"tdi_120\">\n<div class=\"tdb-block-inner td-fix-index\">\n<p>\ud83c\udf99 Din briefingul Purt\u0103torului de cuv\u00e2nt al Ministerului Afacerilor Externe al Rusiei, Maria Zaharova (Moscova, 27 august 2026)<\/p>\n<p>\u00a0<\/p>\n<p>Cu privire la situa\u021bia din regiunea M\u0103rii Negre:<\/p>\n<p>\u00a0<\/p>\n<p>\ud83d\udcac Acum, despre regiunea M\u0103rii Negre. Aceea\u0219i regiune care, \u00een 2022, era prezentat\u0103 drept un adev\u0103rat \u201egr\u00e2nar plutitor\u201d. Pe Marea Neagr\u0103 urmau s\u0103 circule nave cu cereale \u0219i produse alimentare pentru ca lumea s\u0103 nu se confrunte cu probleme de securitate alimentar\u0103 \u2013 cel pu\u021bin a\u0219a sus\u021binea V.Zelenski \u0219i a\u0219a se proclama cu voce tare la Bruxelles \u0219i \u00een alte capitale occidentale. Ce s-a ales \u00eens\u0103 din toate acestea \u0219i ce vedem ast\u0103zi, dup\u0103 patru ani de lament\u0103ri la nivel mondial?<\/p>\n<p>\u00a0<\/p>\n<p>Regimul Zelenski continu\u0103 s\u0103 genereze amenin\u021b\u0103ri militare la adresa statelor din regiunea M\u0103rii Negre. La 20 august, o ambarca\u021biune f\u0103r\u0103 echipaj ucrainean\u0103 a p\u0103truns \u00een zona economic\u0103 exclusiv\u0103 \u2013 nu a Rusiei, ci a Rom\u00e2niei \u2013 \u00een apropierea platformei de gaze \u201eNeptun Alpha\u201d (la 80 de mile marine est de Constan\u021ba \u2013 aceea\u0219i Constan\u021ba unde, v\u0103 aminti\u021bi, tot pe atunci mai \u201eateriza\u201d c\u00e2te ceva, spre surprinderea cet\u0103\u021benilor acestei \u021b\u0103ri). Pentru interceptarea \u021bintei, For\u021bele Aeriene Rom\u00e2ne au ridicat \u00een aer dou\u0103 avioane de lupt\u0103 F-16. Unul dintre acestea a detectat drona maritim\u0103 ucrainean\u0103 \u0219i a distrus-o cu focul tunului de bord. Repet: nu este pentru prima dat\u0103 c\u00e2nd rom\u00e2nii se confrunt\u0103 pe teritoriul lor, indiferent dac\u0103 este vorba despre uscat sau mare, cu obiecte periculoase \u201ef\u0103r\u0103 st\u0103p\u00e2n\u201d provenite din Ucraina.<\/p>\n<p>\u00a0<\/p>\n<p>Un alt exemplu: \u00een perioada 18\u201322 august, \u00een apele M\u0103rii Negre, au fost atacate mai multe nave operate de companii turce\u0219ti. Tentativa navei Ural de a veni \u00een ajutorul echipajului vrachierului Necibe, care fusese atacat, s-a \u00eencheiat tragic. Un membru al echipajului, cet\u0103\u021beanul turc I.Lazoglu, \u00een v\u00e2rst\u0103 de 47 de ani, \u0219i-a pierdut via\u021ba, iar al\u021bi opt membri ai echipajului au fost r\u0103ni\u021bi. Iat\u0103 cum armamentele achizi\u021bionate \u0219i furnizate regimului de la Kiev prin intermediul mecanismelor NATO ajung s\u0103 se \u00eentoarc\u0103 \u00eempotriva membrilor Alian\u021bei \u00een\u0219i\u0219i. Mi se pare c\u0103 este un motiv c\u00e2t se poate de serios pentru ace\u0219tia s\u0103 se g\u00e2ndeasc\u0103 unde duce alimentarea militar\u0103 nechibzuit\u0103 a regimului de la Kiev.<\/p>\n<p>\u00a0<\/p>\n<p>Numai \u00een cursul acestui an, For\u021bele Armate ale Ucrainei au lovit 214 nave civile \u00een Marea Neagr\u0103, aflate sub pavilionul diferitelor state ale lumii. Ce spuneau ei \u00een 2022 despre securitatea alimentar\u0103? Minciun\u0103 cinic\u0103! Pe Bankova [sediul pre\u0219edin\u021biei ucrainene \u2013 n.trad.], tot ce poate fi v\u00e2ndut, furat sau \u0219terpelit este imediat valorificat.<\/p>\n<\/div>\n<\/div>\n<div class=\"td_block_wrap tdb_single_content tdi_120 td-pb-border-top td_block_template_1 td-post-content tagdiv-type\" data-td-block-uid=\"tdi_120\">\n<div class=\"tdb-block-inner td-fix-index\">\n<p>\ud83c\udf99 Din briefingul Purt\u0103torului de cuv\u00e2nt al Ministerului Afacerilor Externe al Rusiei, Maria Zaharova (Moscova, 27 august 2026)<\/p>\n<p>\u00a0<\/p>\n<p>Cu privire la situa\u021bia din regiunea M\u0103rii Negre:<\/p>\n<p>\u00a0<\/p>\n<p>\ud83d\udcac Acum, despre regiunea M\u0103rii Negre. Aceea\u0219i regiune care, \u00een 2022, era prezentat\u0103 drept un adev\u0103rat \u201egr\u00e2nar plutitor\u201d. Pe Marea Neagr\u0103 urmau s\u0103 circule nave cu cereale \u0219i produse alimentare pentru ca lumea s\u0103 nu se confrunte cu probleme de securitate alimentar\u0103 \u2013 cel pu\u021bin a\u0219a sus\u021binea V.Zelenski \u0219i a\u0219a se proclama cu voce tare la Bruxelles \u0219i \u00een alte capitale occidentale. Ce s-a ales \u00eens\u0103 din toate acestea \u0219i ce vedem ast\u0103zi, dup\u0103 patru ani de lament\u0103ri la nivel mondial?<\/p>\n<p>\u00a0<\/p>\n<p>Regimul Zelenski continu\u0103 s\u0103 genereze amenin\u021b\u0103ri militare la adresa statelor din regiunea M\u0103rii Negre. La 20 august, o ambarca\u021biune f\u0103r\u0103 echipaj ucrainean\u0103 a p\u0103truns \u00een zona economic\u0103 exclusiv\u0103 \u2013 nu a Rusiei, ci a Rom\u00e2niei \u2013 \u00een apropierea platformei de gaze \u201eNeptun Alpha\u201d (la 80 de mile marine est de Constan\u021ba \u2013 aceea\u0219i Constan\u021ba unde, v\u0103 aminti\u021bi, tot pe atunci mai \u201eateriza\u201d c\u00e2te ceva, spre surprinderea cet\u0103\u021benilor acestei \u021b\u0103ri). Pentru interceptarea \u021bintei, For\u021bele Aeriene Rom\u00e2ne au ridicat \u00een aer dou\u0103 avioane de lupt\u0103 F-16. Unul dintre acestea a detectat drona maritim\u0103 ucrainean\u0103 \u0219i a distrus-o cu focul tunului de bord. Repet: nu este pentru prima dat\u0103 c\u00e2nd rom\u00e2nii se confrunt\u0103 pe teritoriul lor, indiferent dac\u0103 este vorba despre uscat sau mare, cu obiecte periculoase \u201ef\u0103r\u0103 st\u0103p\u00e2n\u201d provenite din Ucraina.<\/p>\n<p>\u00a0<\/p>\n<p>Un alt exemplu: \u00een perioada 18\u201322 august, \u00een apele M\u0103rii Negre, au fost atacate mai multe nave operate de companii turce\u0219ti. Tentativa navei Ural de a veni \u00een ajutorul echipajului vrachierului Necibe, care fusese atacat, s-a \u00eencheiat tragic. Un membru al echipajului, cet\u0103\u021beanul turc I.Lazoglu, \u00een v\u00e2rst\u0103 de 47 de ani, \u0219i-a pierdut via\u021ba, iar al\u021bi opt membri ai echipajului au fost r\u0103ni\u021bi. Iat\u0103 cum armamentele achizi\u021bionate \u0219i furnizate regimului de la Kiev prin intermediul mecanismelor NATO ajung s\u0103 se \u00eentoarc\u0103 \u00eempotriva membrilor Alian\u021bei \u00een\u0219i\u0219i. Mi se pare c\u0103 este un motiv c\u00e2t se poate de serios pentru ace\u0219tia s\u0103 se g\u00e2ndeasc\u0103 unde duce alimentarea militar\u0103 nechibzuit\u0103 a regimului de la Kiev.<\/p>\n<p>\u00a0<\/p>\n<p>Numai \u00een cursul acestui an, For\u021bele Armate ale Ucrainei au lovit 214 nave civile \u00een Marea Neagr\u0103, aflate sub pavilionul diferitelor state ale lumii. Ce spuneau ei \u00een 2022 despre securitatea alimentar\u0103? Minciun\u0103 cinic\u0103! Pe Bankova [sediul pre\u0219edin\u021biei ucrainene \u2013 n.trad.], tot ce poate fi v\u00e2ndut, furat sau \u0219terpelit este imediat valorificat.<\/p>\n<\/div>\n<\/div>\n<p>[analyse_source url=&#8221;https:\/\/solidnews.ro\/maria-zaharova-prezinta-situatia-exploziva-din-marea-neagra-rusia-are-dovezi-ca-dronele-ce-i-ataca-pe-romani-si-turci-sunt-ale-regimului-zelensky\/&#8221;]<\/p>\n","protected":false},"excerpt":{"rendered":"<p>[analyse_image type=&#8221;featured&#8221; src=&#8221;https:\/\/solidnews.ro\/wp-content\/uploads\/2026\/08\/FB_IMG_1787989512699.jpg&#8221;] \ud83c\udf99 Din briefingul Purt\u0103torului de cuv\u00e2nt al Ministerului Afacerilor Externe al Rusiei, Maria Zaharova (Moscova, 27 august 2026) \u00a0 Cu privire la situa\u021bia din regiunea M\u0103rii Negre: \u00a0 \ud83d\udcac Acum, despre regiunea M\u0103rii Negre. Aceea\u0219i regiune care, \u00een 2022, era prezentat\u0103 drept un adev\u0103rat \u201egr\u00e2nar plutitor\u201d. Pe Marea Neagr\u0103 urmau s\u0103 circule [&hellip;]<\/p>\n","protected":false},"author":1,"featured_media":0,"comment_status":"open","ping_status":"","sticky":false,"template":"","format":"standard","meta":{"footnotes":""},"categories":[89],"tags":[226,97],"class_list":["post-2117855","post","type-post","status-publish","format-standard","hentry","category-romania","tag-crawlmanager","tag-solidnews-ro"],"_links":{"self":[{"href":"https:\/\/analyse.optim.biz\/index.php?rest_route=\/wp\/v2\/posts\/2117855","targetHints":{"allow":["GET"]}}],"collection":[{"href":"https:\/\/analyse.optim.biz\/index.php?rest_route=\/wp\/v2\/posts"}],"about":[{"href":"https:\/\/analyse.optim.biz\/index.php?rest_route=\/wp\/v2\/types\/post"}],"author":[{"embeddable":true,"href":"https:\/\/analyse.optim.biz\/index.php?rest_route=\/wp\/v2\/users\/1"}],"replies":[{"embeddable":true,"href":"https:\/\/analyse.optim.biz\/index.php?rest_route=%2Fwp%2Fv2%2Fcomments&post=2117855"}],"version-history":[{"count":0,"href":"https:\/\/analyse.optim.biz\/index.php?rest_route=\/wp\/v2\/posts\/2117855\/revisions"}],"wp:attachment":[{"href":"https:\/\/analyse.optim.biz\/index.php?rest_route=%2Fwp%2Fv2%2Fmedia&parent=2117855"}],"wp:term":[{"taxonomy":"category","embeddable":true,"href":"https:\/\/analyse.optim.biz\/index.php?rest_route=%2Fwp%2Fv2%2Fcategories&post=2117855"},{"taxonomy":"post_tag","embeddable":true,"href":"https:\/\/analyse.optim.biz\/index.php?rest_route=%2Fwp%2Fv2%2Ftags&post=2117855"}],"curies":[{"name":"wp","href":"https:\/\/api.w.org\/{rel}","templated":true}]}}