{"id":2117853,"date":"2026-08-29T07:43:30","date_gmt":"2026-08-29T04:43:30","guid":{"rendered":"https:\/\/analyse.optim.biz\/?p=2117853"},"modified":"2026-08-29T07:43:30","modified_gmt":"2026-08-29T04:43:30","slug":"doua-nume-au-ramas-pe-lista-scurta-a-lui-nicusor-dan-pentru-functia-de-premier-eugen-tomac-si-sorin-grindeanu-udmr-se-va-alatura-noii-coalitii-si-va-intra-in-guvern-din-viitorul-executiv-cu-psd-si","status":"publish","type":"post","link":"https:\/\/analyse.optim.biz\/?p=2117853","title":{"rendered":"Dou\u0103 nume au r\u0103mas pe lista scurt\u0103 a lui Nicu\u0219or Dan, pentru func\u021bia de premier: Eugen Tomac \u0219i Sorin Grindeanu. UDMR se va al\u0103tura noii coali\u021bii \u0219i va intra \u00een Guvern. Din viitorul executiv cu PSD \u0219i UDMR va face parte \u0219i Platforma Liberal Conservatoare cu \u201c4 sau 5 ministere\u201d"},"content":{"rendered":"<p>[analyse_image type=&#8221;featured&#8221; src=&#8221;https:\/\/radiogoldfm.ro\/wp-content\/uploads\/2026\/08\/https___www.gandul.ro_wp-content_uploads_2026_08_grindeanu-si-tomac-jpg-4-1280&#215;720-1.webphttps:\/\/radiogoldfm.ro\/wp-content\/uploads\/2026\/08\/https___www.gandul.ro_wp-content_uploads_2026_08_grindeanu-si-tomac-jpg-4-1280&#215;720-1.webp&#8221;]<\/p>\n<div class=\"qt-the-content\">\n<p>Din noul executiv ar urma, a\u0219adar, s\u0103 fac\u0103 parte PSD-Platforma Conservator Liberal\u0103 \u201ccu 4 sau 5 ministere\u201d, a\u0219a cum au declarat surse liberale pentru G\u00e2ndul. 25 de voturi pun la b\u0103taie cei care se opun lui Bolojan. Noii constructii se alatur\u0103 \u0219i UDMR. Uniunea a fost covins\u0103 s\u0103 ias\u0103 din alian\u021ba cu Bolojan \u0219i USR \u0219i s\u0103 sus\u021bin\u0103 un guvern girat de Nicu\u0219or Dan. Astfel, cu UDMR, noul guvern mizeaz\u0103 pe \u201ccel pu\u021bin 240 de voturi\u201d spun acelea\u0219i surse, necesarul fiind de 233.<\/p>\n<p>Acelea\u0219i voci liberale au mai declarat pentru G\u00e2ndul c\u0103 \u201cde luni \u00eencepem negocierile pe ministere\u201d. Nu s-a decis componen\u021ba viitorului Guvern, dar c\u0103 \u201c\u00een mare parte s-a decis ponderea\u201d.Calcule de oportunitate se fac \u0219i \u00een planul desemn\u0103rii. Eugen Tomac vs. Sorin Grindeanu.Eugen Tomac a mai fost desemnat premier de pre\u0219edintele Nicu\u0219or Dan \u00een data de 4 iunie 2026, dar \u0219i-a depus mandatul 10 zile mai t\u00e2rziu, c\u00e2nd, conform propriilor declara\u021bii, a constatat c\u0103 nu atinge majoritatea necesar\u0103 pentru \u00eenvestire.<\/p>\n<p>\u00cen acest moment,  Tomac se afl\u0103 \u00eentr-o deplasare \u00een afara \u021b\u0103rii p\u00e2n\u0103 la \u00eenceputul s\u0103pt\u0103m\u00e2nii viitoare.Desemnarea lui Eugen Tomac \u2013 care efectueaz\u0103 \u00een prezent o vizit\u0103 \u00een str\u0103in\u0103tate potrivit surselor G\u00e2ndul \u0219i care se va \u00eentoarce la \u00eenceputul s\u0103pt\u0103m\u00e2nii viitoare \u00een \u021bar\u0103 \u2013 ar fi sprijinit\u0103 inclusiv de unele voci din PSD care sus\u021bin c\u0103 ar fi un bun paratr\u0103znet \u0219i c\u0103 astfel PSD nu ar fi perceput ca principalul partid de guvernare, \u00eentr-o ecua\u021bie care se arat\u0103 de pe acum foarte complicat\u0103. De partea cealalt\u0103, alte voci din PSD sus\u021bin c\u0103 partidul trebuie s\u0103-\u0219i asume la vedere guvernarea \u0219i s\u0103 arate c\u0103 pot livra un program bun \u0219i o viziune de \u021bar\u0103.Consilierul preziden\u021bial Eugen Tomac declara luni, 24 august, c\u0103 este \u201eabsolut sigur\u201d de faptul c\u0103 pre\u0219edintele Nicu\u0219or Dan va desemna, \u00een luna septembrie, un nou candidat pentru func\u021bia de prim-ministru al Rom\u00e2niei.Conform acelora\u0219i surse, desemnarea ar urma s\u0103 fie f\u0103cut\u0103 s\u0103pt\u0103m\u00e2na viitoare \u201cjoi sau vineri\u201d , imediat dup\u0103 \u00eenceperea sesiunii ordinare.Articolul 103 din Constitu\u021bia Rom\u00e2niei men\u021bioneaz\u0103 c\u0103, dup\u0103 ce a fost desemnat de pre\u0219edinte pentru func\u021bia de prim-ministru, noul candidat are datoria de a cere, \u00een termen de 10 zile, votul de \u00eencredere al Parlamentului asupra programului \u0219i a \u00eentregii liste a Guvernului. Ulterior, \u00een \u0219edin\u021b\u0103 comun\u0103 a celor dou\u0103 camere, Parlamentul acord\u0103 \u00eencredere Guvernului cu votul majorit\u0103\u021bii deputa\u021bilor \u0219i senatorilor.<\/p>\n<p>surs\u0103: G\u00e2ndul.ro<\/p>\n<div class=\"tagcloud qt-spacer-m\"><span class=\"qt-title\">Tagged as <\/span><a href=\"https:\/\/radiogoldfm.ro\/tag\/gold-fm\/\" rel=\"tag\">GOLD FM<\/a><a href=\"https:\/\/radiogoldfm.ro\/tag\/grindeanu\/\" rel=\"tag\">grindeanu<\/a><a href=\"https:\/\/radiogoldfm.ro\/tag\/nicusor-dan\/\" rel=\"tag\">nicusor dan<\/a><a href=\"https:\/\/radiogoldfm.ro\/tag\/premieri\/\" rel=\"tag\">premieri<\/a><a href=\"https:\/\/radiogoldfm.ro\/tag\/romania\/\" rel=\"tag\">romania<\/a><a href=\"https:\/\/radiogoldfm.ro\/tag\/tomac\/\" rel=\"tag\">tomac<\/a><\/div>\n<div class=\"qt-post-author qt-card\">\n<div class=\"row\">\n<div class=\"qt-post-author-data col s10 m7 l7\">\n<h6>Profil<\/h6>\n<h4><a href=\"https:\/\/radiogoldfm.ro\/doua-nume-au-ramas-pe-lista-scurta-a-lui-nicusor-dan-pentru-functia-de-premier-eugen-tomac-si-sorin-grindeanu-udmr-se-va-alatura-noii-coalitii-si-va-intra-in-guvern-din-viitorul-executiv-cu-psd-si\/#author_page\">Gold FM Radio<\/a><\/h4>\n<\/div>\n<div class=\"qt-post-author-link col s12 m3 l4 \"><a href=\"https:\/\/radiogoldfm.ro\/author\/gold-fm\/\" class=\"qt-btn qt-btn-large qt-btn-primary aligncenter\">Arhiva postari<\/a><\/div>\n<\/div>\n<\/div>\n<\/div>\n<p>[analyse_source url=&#8221;https:\/\/radiogoldfm.ro\/doua-nume-au-ramas-pe-lista-scurta-a-lui-nicusor-dan-pentru-functia-de-premier-eugen-tomac-si-sorin-grindeanu-udmr-se-va-alatura-noii-coalitii-si-va-intra-in-guvern-din-viitorul-executiv-cu-psd-si\/&#8221;]<\/p>\n","protected":false},"excerpt":{"rendered":"<p>[analyse_image type=&#8221;featured&#8221; src=&#8221;https:\/\/radiogoldfm.ro\/wp-content\/uploads\/2026\/08\/https___www.gandul.ro_wp-content_uploads_2026_08_grindeanu-si-tomac-jpg-4-1280&#215;720-1.webphttps:\/\/radiogoldfm.ro\/wp-content\/uploads\/2026\/08\/https___www.gandul.ro_wp-content_uploads_2026_08_grindeanu-si-tomac-jpg-4-1280&#215;720-1.webp&#8221;] Din noul executiv ar urma, a\u0219adar, s\u0103 fac\u0103 parte PSD-Platforma Conservator Liberal\u0103 \u201ccu 4 sau 5 ministere\u201d, a\u0219a cum au declarat surse liberale pentru G\u00e2ndul. 25 de voturi pun la b\u0103taie cei care se opun lui Bolojan. Noii constructii se alatur\u0103 \u0219i UDMR. Uniunea a fost covins\u0103 s\u0103 ias\u0103 din alian\u021ba cu [&hellip;]<\/p>\n","protected":false},"author":1,"featured_media":0,"comment_status":"open","ping_status":"","sticky":false,"template":"","format":"standard","meta":{"footnotes":""},"categories":[89],"tags":[226,96],"class_list":["post-2117853","post","type-post","status-publish","format-standard","hentry","category-romania","tag-crawlmanager","tag-radiogoldfm-ro"],"_links":{"self":[{"href":"https:\/\/analyse.optim.biz\/index.php?rest_route=\/wp\/v2\/posts\/2117853","targetHints":{"allow":["GET"]}}],"collection":[{"href":"https:\/\/analyse.optim.biz\/index.php?rest_route=\/wp\/v2\/posts"}],"about":[{"href":"https:\/\/analyse.optim.biz\/index.php?rest_route=\/wp\/v2\/types\/post"}],"author":[{"embeddable":true,"href":"https:\/\/analyse.optim.biz\/index.php?rest_route=\/wp\/v2\/users\/1"}],"replies":[{"embeddable":true,"href":"https:\/\/analyse.optim.biz\/index.php?rest_route=%2Fwp%2Fv2%2Fcomments&post=2117853"}],"version-history":[{"count":0,"href":"https:\/\/analyse.optim.biz\/index.php?rest_route=\/wp\/v2\/posts\/2117853\/revisions"}],"wp:attachment":[{"href":"https:\/\/analyse.optim.biz\/index.php?rest_route=%2Fwp%2Fv2%2Fmedia&parent=2117853"}],"wp:term":[{"taxonomy":"category","embeddable":true,"href":"https:\/\/analyse.optim.biz\/index.php?rest_route=%2Fwp%2Fv2%2Fcategories&post=2117853"},{"taxonomy":"post_tag","embeddable":true,"href":"https:\/\/analyse.optim.biz\/index.php?rest_route=%2Fwp%2Fv2%2Ftags&post=2117853"}],"curies":[{"name":"wp","href":"https:\/\/api.w.org\/{rel}","templated":true}]}}