{"id":2117826,"date":"2026-08-28T16:42:00","date_gmt":"2026-08-28T13:42:00","guid":{"rendered":"https:\/\/analyse.optim.biz\/?p=2117826"},"modified":"2026-08-28T16:42:00","modified_gmt":"2026-08-28T13:42:00","slug":"politistii-locali-primesc-norma-de-hrana-banii-vor-fi-acordati-insa-pentru-doar-patru-luni","status":"publish","type":"post","link":"https:\/\/analyse.optim.biz\/?p=2117826","title":{"rendered":"Poli\u021bi\u0219tii locali primesc norma de hran\u0103. Banii vor fi acorda\u021bi \u00eens\u0103 pentru doar patru luni"},"content":{"rendered":"<p>[analyse_image type=&#8221;featured&#8221; src=&#8221;https:\/\/www.campusbuzau.ro\/wp-content\/uploads\/2026\/08\/politisti-locali.jpghttps:\/\/www.campusbuzau.ro\/wp-content\/uploads\/2026\/08\/politisti-locali.jpg&#8221;]<\/p>\n<div class=\"entry-content\">\n<p><strong><em><mark class=\"has-inline-color has-maincolor-color\">Veste bun\u0103 pentru poli\u021bi\u0219tii locali din municipiul Buz\u0103u. Ei vor primi sumele aferente normei de hran\u0103 pentru\u00a0anul \u00een curs. Este o hot\u0103r\u00e2re luat\u0103 ieri, prin vot, \u00een \u0219edin\u021ba ordinar\u0103 a Consiliului Local Municipal Buz\u0103u. \u00a0<\/mark><\/em><\/strong><\/p>\n<p>Poli\u021bi\u0219tii locali vor beneficia de acest drept doar pentru o perioad\u0103 de patru luni. Edilul Constantin Toma a declarat, la finalul \u0219edin\u021bei, c\u0103 bugetul prim\u0103riei nu permite acordarea indemniza\u021biei de hran\u0103 pentru o perioad\u0103 mai lung\u0103 de timp.  <\/p>\n<p>\u00cen proiectul adoptat ieri se arat\u0103 c\u0103 valoarea difer\u0103 \u00een func\u021bie de categoria angaja\u021bilor, respectiv func\u021bionari publici sau personal contractual. Primii vor primi c\u00e2te 32 lei pe zi iar a doua categorie, c\u00e2te 25 de lei pe zi. Cei care lucreaz\u0103 \u00een ture primesc, suplimentar, 5 lei pe zi.<\/p>\n<figure class=\"wp-block-embed is-type-video is-provider-youtube wp-block-embed-youtube wp-embed-aspect-16-9 wp-has-aspect-ratio\">\n<div class=\"wp-block-embed__wrapper\">\n<iframe loading=\"lazy\" title=\"POLI\u0162I\u015eTII LOCALI PRIMESC NORMA DE HRAN\u0102\" width=\"500\" height=\"281\" src=\"https:\/\/www.youtube.com\/embed\/fKxwJMmMqig?feature=oembed\" frameborder allow=\"accelerometer; autoplay; clipboard-write; encrypted-media; gyroscope; picture-in-picture; web-share\" referrerpolicy=\"strict-origin-when-cross-origin\" allowfullscreen><\/iframe>\n<\/div>\n<\/figure>\n<\/div>\n<p>[analyse_source url=&#8221;https:\/\/www.campusbuzau.ro\/politistii-locali-primesc-norma-de-hrana-banii-vor-fi-acordati-insa-pentru-doar-patru-luni\/&#8221;]<\/p>\n","protected":false},"excerpt":{"rendered":"<p>[analyse_image type=&#8221;featured&#8221; src=&#8221;https:\/\/www.campusbuzau.ro\/wp-content\/uploads\/2026\/08\/politisti-locali.jpghttps:\/\/www.campusbuzau.ro\/wp-content\/uploads\/2026\/08\/politisti-locali.jpg&#8221;] Veste bun\u0103 pentru poli\u021bi\u0219tii locali din municipiul Buz\u0103u. Ei vor primi sumele aferente normei de hran\u0103 pentru\u00a0anul \u00een curs. Este o hot\u0103r\u00e2re luat\u0103 ieri, prin vot, \u00een \u0219edin\u021ba ordinar\u0103 a Consiliului Local Municipal Buz\u0103u. \u00a0 Poli\u021bi\u0219tii locali vor beneficia de acest drept doar pentru o perioad\u0103 de patru luni. Edilul Constantin Toma [&hellip;]<\/p>\n","protected":false},"author":1,"featured_media":0,"comment_status":"open","ping_status":"","sticky":false,"template":"","format":"standard","meta":{"footnotes":""},"categories":[2],"tags":[118,226],"class_list":["post-2117826","post","type-post","status-publish","format-standard","hentry","category-politics","tag-campusbuzau-ro","tag-crawlmanager"],"_links":{"self":[{"href":"https:\/\/analyse.optim.biz\/index.php?rest_route=\/wp\/v2\/posts\/2117826","targetHints":{"allow":["GET"]}}],"collection":[{"href":"https:\/\/analyse.optim.biz\/index.php?rest_route=\/wp\/v2\/posts"}],"about":[{"href":"https:\/\/analyse.optim.biz\/index.php?rest_route=\/wp\/v2\/types\/post"}],"author":[{"embeddable":true,"href":"https:\/\/analyse.optim.biz\/index.php?rest_route=\/wp\/v2\/users\/1"}],"replies":[{"embeddable":true,"href":"https:\/\/analyse.optim.biz\/index.php?rest_route=%2Fwp%2Fv2%2Fcomments&post=2117826"}],"version-history":[{"count":0,"href":"https:\/\/analyse.optim.biz\/index.php?rest_route=\/wp\/v2\/posts\/2117826\/revisions"}],"wp:attachment":[{"href":"https:\/\/analyse.optim.biz\/index.php?rest_route=%2Fwp%2Fv2%2Fmedia&parent=2117826"}],"wp:term":[{"taxonomy":"category","embeddable":true,"href":"https:\/\/analyse.optim.biz\/index.php?rest_route=%2Fwp%2Fv2%2Fcategories&post=2117826"},{"taxonomy":"post_tag","embeddable":true,"href":"https:\/\/analyse.optim.biz\/index.php?rest_route=%2Fwp%2Fv2%2Ftags&post=2117826"}],"curies":[{"name":"wp","href":"https:\/\/api.w.org\/{rel}","templated":true}]}}