{"id":2117744,"date":"2026-08-29T00:00:00","date_gmt":"2026-08-28T21:00:00","guid":{"rendered":"https:\/\/analyse.optim.biz\/?p=2117744"},"modified":"2026-08-29T00:00:00","modified_gmt":"2026-08-28T21:00:00","slug":"tenis-arthur-fery-va-disputa-prima-sa-finala-atp-la-turneul-de-la-winston-salem","status":"publish","type":"post","link":"https:\/\/analyse.optim.biz\/?p=2117744","title":{"rendered":"Tenis: Arthur Fery va disputa prima sa final\u0103 ATP, la turneul de la Winston Salem"},"content":{"rendered":"<p>[analyse_image type=&#8221;featured&#8221; src=&#8221;https:\/\/agerpres.ro\/data\/202608\/20260829101757_189948.jpg&#8221;]<\/p>\n<div class=\"mx-auto pt-3\">\n<p><strong>Britanicul Arthur Fery va disputa prima sa final\u0103 \u00een circuitul profesionist de tenis, dup\u0103 ce a reu\u0219it s\u0103 se califice \u00een ultimul act al turneului ATP 250 de la Winston Salem (SUA), dotat cu premii totale de 818.240 de dolari, informeaz\u0103 ATP Tour.<\/strong><\/p>\n<p>Ferry (24 ani), ocupantul locului 37 \u00een clasamentul mondial, a profitat de abandonul adversarului s\u0103u din semifinale, australianul James Duckworth (79 ATP), care a acuzat o problem\u0103 medical\u0103 \u00een setul secund, la scorul de 6-4, 2-1 \u00een favoarea juc\u0103torului britanic.<\/p>\n<p>Adversarul lui Arthur Fery \u00een finala de la Winston Salem va fi peruanul Ignacio Buse (36 WTA), care l-a \u00eenvins cu scorul de 6-2, 4-6, 6-1 pe francezul Benjamin Bonzi (109 ATP), dup\u0103 o or\u0103 \u0219i 51 de minute de joc, \u00een cel\u0103lalt duel din penultimul act.<\/p>\n<p>\u00cen v\u00e2rst\u0103 de 22 de ani, Ignacio Buse va disputa a doua sa final\u0103 din acest an, dup\u0103 cea c\u00e2\u0219tigat\u0103 \u00een luna mai la turneul ATP 500 de la Hamburg, unde a cucerit primul s\u0103u titlu \u00een circuitul profesionist.<br \/>\nAGERPRES (AS\/editor: Mihai Dragomir, editor online: Gabriela Badea)\u00a0<\/p>\n<\/div>\n<div class=\"mx-auto pt-3\">\n                                Afisari: 149\n                            <\/div>\n<p>[analyse_source url=&#8221;https:\/\/agerpres.ro\/sport-extern\/2026\/08\/29\/tenis-arthur-fery-va-disputa-prima-sa-finala-atp-la-turneul-de-la-winston-salem&#8211;1588871&#8243;]<\/p>\n","protected":false},"excerpt":{"rendered":"<p>[analyse_image type=&#8221;featured&#8221; src=&#8221;https:\/\/agerpres.ro\/data\/202608\/20260829101757_189948.jpg&#8221;] Britanicul Arthur Fery va disputa prima sa final\u0103 \u00een circuitul profesionist de tenis, dup\u0103 ce a reu\u0219it s\u0103 se califice \u00een ultimul act al turneului ATP 250 de la Winston Salem (SUA), dotat cu premii totale de 818.240 de dolari, informeaz\u0103 ATP Tour. Ferry (24 ani), ocupantul locului 37 \u00een clasamentul mondial, [&hellip;]<\/p>\n","protected":false},"author":1,"featured_media":0,"comment_status":"open","ping_status":"","sticky":false,"template":"","format":"standard","meta":{"footnotes":""},"categories":[2],"tags":[37,226],"class_list":["post-2117744","post","type-post","status-publish","format-standard","hentry","category-politics","tag-agerpres-ro","tag-crawlmanager"],"_links":{"self":[{"href":"https:\/\/analyse.optim.biz\/index.php?rest_route=\/wp\/v2\/posts\/2117744","targetHints":{"allow":["GET"]}}],"collection":[{"href":"https:\/\/analyse.optim.biz\/index.php?rest_route=\/wp\/v2\/posts"}],"about":[{"href":"https:\/\/analyse.optim.biz\/index.php?rest_route=\/wp\/v2\/types\/post"}],"author":[{"embeddable":true,"href":"https:\/\/analyse.optim.biz\/index.php?rest_route=\/wp\/v2\/users\/1"}],"replies":[{"embeddable":true,"href":"https:\/\/analyse.optim.biz\/index.php?rest_route=%2Fwp%2Fv2%2Fcomments&post=2117744"}],"version-history":[{"count":0,"href":"https:\/\/analyse.optim.biz\/index.php?rest_route=\/wp\/v2\/posts\/2117744\/revisions"}],"wp:attachment":[{"href":"https:\/\/analyse.optim.biz\/index.php?rest_route=%2Fwp%2Fv2%2Fmedia&parent=2117744"}],"wp:term":[{"taxonomy":"category","embeddable":true,"href":"https:\/\/analyse.optim.biz\/index.php?rest_route=%2Fwp%2Fv2%2Fcategories&post=2117744"},{"taxonomy":"post_tag","embeddable":true,"href":"https:\/\/analyse.optim.biz\/index.php?rest_route=%2Fwp%2Fv2%2Ftags&post=2117744"}],"curies":[{"name":"wp","href":"https:\/\/api.w.org\/{rel}","templated":true}]}}