{"id":2117684,"date":"2026-08-28T06:19:20","date_gmt":"2026-08-28T03:19:20","guid":{"rendered":"https:\/\/analyse.optim.biz\/?p=2117684"},"modified":"2026-08-28T06:19:20","modified_gmt":"2026-08-28T03:19:20","slug":"cum-va-fi-vremea-in-romania-pana-la-sfarsitul-lui-septembrie-vestul-tarii-temperaturi-peste-normal","status":"publish","type":"post","link":"https:\/\/analyse.optim.biz\/?p=2117684","title":{"rendered":"Cum va fi vremea \u00een Rom\u00e2nia p\u00e2n\u0103 la sf\u00e2r\u0219itul lui septembrie. Vestul \u021b\u0103rii, temperaturi peste normal"},"content":{"rendered":"<p>[analyse_image type=&#8221;featured&#8221; src=&#8221;https:\/\/renasterea.ro\/ro\/wp-content\/uploads\/2026\/05\/vara.jpghttps:\/\/renasterea.ro\/ro\/wp-content\/uploads\/2026\/05\/vara.jpg&#8221;]<\/p>\n<div class=\"entry-content\"><img loading=\"lazy\" decoding=\"async\" width=\"600\" height=\"338\" src=\"https:\/\/renasterea.ro\/ro\/wp-content\/uploads\/2026\/05\/vara.jpg\" class=\"attachment-medium size-medium wp-post-image\" alt=\"Cum va fi vremea \u00een Rom\u00e2nia p\u00e2n\u0103 la sf\u00e2r\u0219itul lui septembrie. Vestul \u021b\u0103rii, temperaturi peste normal\" title=\"Cum va fi vremea \u00een Rom\u00e2nia p\u00e2n\u0103 la sf\u00e2r\u0219itul lui septembrie. Vestul \u021b\u0103rii, temperaturi peste normal 1\"><\/p>\n<h4>Cum va fi vremea \u00een Rom\u00e2nia p\u00e2n\u0103 la sf\u00e2r\u0219itul lui septembrie. Vestul \u021b\u0103rii, temperaturi peste normal.<\/h4>\n<p>ANM a publicat estim\u0103rile pe patru s\u0103pt\u0103m\u00e2ni, pentru perioada 31 august \u2013 28 septembrie 2026.<\/p>\n<p>Vestul \u0219i sud-vestul \u021b\u0103rii vor avea temperaturi peste normal aproape tot intervalul.<\/p>\n<p>Administra\u021bia Na\u021bional\u0103 de Meteorologie a publicat estim\u0103rile pe patru s\u0103pt\u0103m\u00e2ni pentru perioada 31 august \u2013 28 septembrie 2026. Vestul \u0219i sud-vestul \u021b\u0103rii vor avea temperaturi peste normal aproape tot intervalul. Ploile vor varia de la o regiune la alta.<\/p>\n<p>\u00cen s\u0103pt\u0103m\u00e2na <strong>31 august \u2013 7 septembrie<\/strong>, aerul va fi mai cald dec\u00e2t normal \u00een vest \u0219i sud-vest. Local, abaterea se resimte \u0219i \u00een centrul \u021b\u0103rii. \u00cen restul teritoriului, valorile termice se vor apropia de mediile multianuale. Ploile vor fi excedentare \u00een nord-est \u0219i local \u00een centru. \u00cen rest, valorile se apropie de normal, cu un u\u0219or deficit posibil \u00een vest.<\/p>\n<p>S\u0103pt\u0103m\u00e2na urm\u0103toare, <strong>7-14 septembrie<\/strong>, aduce temperaturi peste normal tot \u00een vest \u0219i sud-vest. Restul \u021b\u0103rii r\u0103m\u00e2ne \u00een limite obi\u0219nuite. Precipita\u021biile vor fi deficitare \u00een vest, sud-vest \u0219i centru, iar \u00een celelalte regiuni se vor apropia de normal.<\/p>\n<p>Pentru intervalul <strong>14-21 septembrie<\/strong>, temperatura medie va dep\u0103\u0219i normalul climatologic \u00een toat\u0103 \u021bara. Regimul pluviometric se va situa \u00een jurul valorilor specifice perioadei, \u00een majoritatea regiunilor.<\/p>\n<p>Ultima s\u0103pt\u0103m\u00e2n\u0103 analizat\u0103,<strong> 21-28 septembrie<\/strong>, men\u021bine aceea\u0219i tendin\u021b\u0103. Temperaturile r\u0103m\u00e2n peste normal pe tot teritoriul. Precipita\u021biile se \u00eencadreaz\u0103, \u00een general, \u00een limite obi\u0219nuite pentru aceast\u0103 perioad\u0103 a anului.<\/p>\n<p>Practic, toamna debuteaz\u0103 cu un regim termic mai bl\u00e2nd dec\u00e2t media ultimelor dou\u0103 decenii, mai ales \u00een vestul \u021b\u0103rii. Ploile, \u00een schimb, nu se abat semnificativ de la valorile obi\u0219nuite ale lunii septembrie.<\/p>\n<p>(sursa: <a href=\"https:\/\/mediafax.ro\/\" target=\"_blank\" rel=\"noopener\">Mediafax<\/a>)<\/p>\n<h2><strong>CITE\u0218TE \u0218I:<a href=\"https:\/\/renasterea.ro\/investitie-de-185-de-milioane-de-euro-in-centrele-de-mari-arsi-din-timisoara-si-targu-mures\/\"> Investi\u021bie de 185 de milioane de euro \u00een centrele de mari ar\u0219i din Timi\u0219oara \u0219i T\u00e2rgu Mure\u0219<\/a><\/strong><\/h2>\n<\/div>\n<p>[analyse_source url=&#8221;https:\/\/renasterea.ro\/cum-va-fi-vremea-in-romania-pana-la-sfarsitul-lui-septembrie-vestul-tarii-temperaturi-peste-normal\/&#8221;]<\/p>\n","protected":false},"excerpt":{"rendered":"<p>[analyse_image type=&#8221;featured&#8221; src=&#8221;https:\/\/renasterea.ro\/ro\/wp-content\/uploads\/2026\/05\/vara.jpghttps:\/\/renasterea.ro\/ro\/wp-content\/uploads\/2026\/05\/vara.jpg&#8221;] Cum va fi vremea \u00een Rom\u00e2nia p\u00e2n\u0103 la sf\u00e2r\u0219itul lui septembrie. Vestul \u021b\u0103rii, temperaturi peste normal. ANM a publicat estim\u0103rile pe patru s\u0103pt\u0103m\u00e2ni, pentru perioada 31 august \u2013 28 septembrie 2026. Vestul \u0219i sud-vestul \u021b\u0103rii vor avea temperaturi peste normal aproape tot intervalul. Administra\u021bia Na\u021bional\u0103 de Meteorologie a publicat estim\u0103rile pe patru [&hellip;]<\/p>\n","protected":false},"author":1,"featured_media":0,"comment_status":"open","ping_status":"","sticky":false,"template":"","format":"standard","meta":{"footnotes":""},"categories":[89],"tags":[226,188],"class_list":["post-2117684","post","type-post","status-publish","format-standard","hentry","category-romania","tag-crawlmanager","tag-renasterea-ro"],"_links":{"self":[{"href":"https:\/\/analyse.optim.biz\/index.php?rest_route=\/wp\/v2\/posts\/2117684","targetHints":{"allow":["GET"]}}],"collection":[{"href":"https:\/\/analyse.optim.biz\/index.php?rest_route=\/wp\/v2\/posts"}],"about":[{"href":"https:\/\/analyse.optim.biz\/index.php?rest_route=\/wp\/v2\/types\/post"}],"author":[{"embeddable":true,"href":"https:\/\/analyse.optim.biz\/index.php?rest_route=\/wp\/v2\/users\/1"}],"replies":[{"embeddable":true,"href":"https:\/\/analyse.optim.biz\/index.php?rest_route=%2Fwp%2Fv2%2Fcomments&post=2117684"}],"version-history":[{"count":0,"href":"https:\/\/analyse.optim.biz\/index.php?rest_route=\/wp\/v2\/posts\/2117684\/revisions"}],"wp:attachment":[{"href":"https:\/\/analyse.optim.biz\/index.php?rest_route=%2Fwp%2Fv2%2Fmedia&parent=2117684"}],"wp:term":[{"taxonomy":"category","embeddable":true,"href":"https:\/\/analyse.optim.biz\/index.php?rest_route=%2Fwp%2Fv2%2Fcategories&post=2117684"},{"taxonomy":"post_tag","embeddable":true,"href":"https:\/\/analyse.optim.biz\/index.php?rest_route=%2Fwp%2Fv2%2Ftags&post=2117684"}],"curies":[{"name":"wp","href":"https:\/\/api.w.org\/{rel}","templated":true}]}}