{"id":2117665,"date":"2026-08-28T06:53:02","date_gmt":"2026-08-28T03:53:02","guid":{"rendered":"https:\/\/analyse.optim.biz\/?p=2117665"},"modified":"2026-08-28T06:53:02","modified_gmt":"2026-08-28T03:53:02","slug":"o-nava-comerciala-a-luat-foc-in-marea-neagra-in-zona-economica-exclusiva-a-romaniei-echipajul-de-12-marinari-a-salvat","status":"publish","type":"post","link":"https:\/\/analyse.optim.biz\/?p=2117665","title":{"rendered":"O nav\u0103 comercial\u0103 a luat foc \u00een Marea Neagr\u0103, \u00een zona economic\u0103 exclusiv\u0103 a Rom\u00e2niei. Echipajul de 12 marinari a salvat"},"content":{"rendered":"<p>[analyse_image type=&#8221;featured&#8221; src=&#8221;https:\/\/ziardesuceava.ro\/wp-content\/uploads\/2026\/08\/nava-lovita-marea-neagra-576&#215;1024.jpg&#8221;]<\/p>\n<div class=\"post-content clearfix\">\n<div class=\"blog-post-thumb\"><img loading=\"lazy\" decoding=\"async\" width=\"887\" height=\"694\" src=\"https:\/\/ziardesuceava.ro\/wp-content\/uploads\/2026\/08\/nava-lovita-marea-neagra-887x694.jpg\" class=\"attachment-inhype-blog-thumb size-inhype-blog-thumb wp-post-image\" alt><\/div>\n<div class=\"entry-content\">\n<p>O nav\u0103 comercial\u0103 a luat foc, joi sear\u0103, \u00een Marea Neagr\u0103, \u00een zona economic\u0103 exclusiv\u0103 a Rom\u00e2niei, echipajul, format din 12 marinari, fiind salvat. Unul dintre marinari a fost r\u0103nit. Zece dintre marinari au fost salva\u0163i de Garda de Coast\u0103, iar ceilal\u0163i doi de o nav\u0103 comercial\u0103 aflat\u0103 \u00een zon\u0103. Opera\u0163iunea de salvare a fost dificil\u0103 deoarece valurile aveau o \u00een\u0103l\u0163ime de doi metri \u015fi jum\u0103tate.<\/p>\n<p>\u201dNava a fost lovit\u0103 \u015fi pare c\u0103 s-a scufundat, dar pentru moment nu \u015ftim de cine, de ce fel de\u2026\u201d, a afirmat pre\u015fedintele Nicu\u015for Dan.<\/p>\n<div>\n<p>Reprezentan\u0163ii Autorit\u0103\u0163ii Navale Rom\u00e2ne (ANR) au anun\u0163at c\u0103, joi, \u00een jurul orei 17.55, Serviciul MRCC (Maritime Rescue Coordination Centre) din cadrul ANR a primit o alert\u0103 COSPAS-SARSAT privind nava \u201cPROGRESS IV\u201d, pavilion Republica Dominican\u0103, ultima pozi\u0163ie cunoscut\u0103 fiind localizat\u0103 la aproximativ 15 mile marine de Sf\u00e2ntu Gheorghe, \u00een zona economic\u0103 exclusiv\u0103 a Rom\u00e2niei.<\/p>\n<\/div>\n<div>\u201cNava comercial\u0103 MOHAMAD B a fost direc\u0163ionat\u0103 \u00een zon\u0103 imediat \u015fi totodat\u0103 au fost mobilizate de urgen\u0163\u0103 navele de salvare ARSVOM, SAR ARES \u015fi SAR ARTEMIS, al\u0103turi de nava MAI 0201 (Poli\u0163ia de Frontier\u0103), desemnat\u0103 coordonator la fa\u0163a locului\u201d, au precizat reprezentan\u0163ii ANR.<\/div>\n<figure><img decoding=\"async\" src=\"https:\/\/i0.1616.ro\/media\/2\/2701\/33586\/22667363\/3\/nava-lovita-marea-neagra-2.jpg?width=540\" alt><\/figure>\n<div>La bordul navei \u201cPROGRESS IV\u201d se aflau 12 membri ai echipajului. P\u00e2n\u0103 la ora 20:47, to\u0163i au fost recupera\u0163i \u00een via\u0163\u0103 prin efortul comun al echipajelor de salvare.<\/div>\n<div><strong>\u015eTIREA INI\u0162IAL\u0102<\/strong>\u00a0\u2013 Reprezentan\u0163ii G\u0103rzii de Coast\u0103 au anun\u0163at c\u0103 au intervenit, joi seara, \u00een Marea Neagr\u0103, pentru c\u0103utarea \u015fi salvarea unor marinari, dup\u0103 ce la bordul unei nave comerciale care tranzita zona economic\u0103 exclusiv\u0103 a Rom\u00e2niei a avut loc un incendiu.<\/div>\n<div>\u201c\u00cen data de 27.08.2026, \u00een jurul orei 19:00, poli\u0163i\u015ftii de frontier\u0103 din cadrul G\u0103rzii de Coast\u0103 au fost informa\u0163i de c\u0103tre MRCC Constan\u0163a cu privire la faptul c\u0103 la bordul unei nave comerciale, aflat\u0103 \u00een zona economic\u0103 exclusiv\u0103 a Rom\u00e2niei, la aproximativ 20 de mile marine Sud-Est Sf\u00e2ntul Gheorghe, s-a produs un incendiu\u201d, au transmis poli\u0163i\u015ftii de frontier\u0103.<\/div>\n<div>Ei au precizat c\u0103 MRCC Constan\u0163a a declan\u015fat o opera\u0163iune de c\u0103utare \u015fi salvare a persoanelor aflate \u00een pericol pe mare, prima interven\u0163ie fiind asigurat\u0103 de c\u0103tre un mijloc de mobilitate naval\u0103 din cadrul G\u0103rzii de Coast\u0103.<\/div>\n<div>\u00cen urma informa\u0163iilor transmise de o nav\u0103 comercial\u0103 aflat\u0103 \u00een zon\u0103, potrivit c\u0103reia au fost observate persoane \u00een ap\u0103, poli\u0163i\u015ftii de frontier\u0103 au ac\u0163ionat imediat pentru c\u0103utarea \u015fi salvarea acestora.<\/div>\n<div>\u201c\u00cen urma desf\u0103\u015fur\u0103rii opera\u0163iunii de salvare, p\u00e2n\u0103 la ora 21:00, toate cele 12 persoane, care s-au aflat la bordul navei comerciale au fost salvate. Dintre acestea, zece persoane au fost salvate de c\u0103tre poli\u0163i\u015ftii de frontier\u0103, una dintre ele fiind r\u0103nit\u0103, iar alte dou\u0103 persoane au fost salvate de c\u0103tre echipajul navei comerciale\u201d, a precizat sursa citat\u0103.<\/div>\n<div>Garda de Coast\u0103 a men\u0163ionat c\u0103 opera\u0163iunea de c\u0103utare \u015fi salvare s-a desf\u0103\u015furat \u00een condi\u0163ii dificile, valurile av\u00e2nd o \u00een\u0103l\u0163ime de aproximativ 2,5 metri, \u201cdar interven\u0163ia rapid\u0103 a poli\u0163i\u015ftilor de frontier\u0103 care au coordonat cele dou\u0103 nave ARSVOM \u015fi nava comercial\u0103 a asigurat salvarea tuturor persoanelor aflate \u00een pericol\u201d.<\/div>\n<\/div>\n<div class=\"inhype-social-share-fixed sidebar-position-right\">\n<div class=\"post-social-wrapper\">\n<div class=\"post-social-title\"><span class=\"post-social-title-text\">Share<\/span><\/div>\n<\/div>\n<\/div>\n<\/div>\n<p>[analyse_source url=&#8221;https:\/\/ziardesuceava.ro\/o-nava-comerciala-a-luat-foc-in-marea-neagra-in-zona-economica-exclusiva-a-romaniei-echipajul-de-12-marinari-a-salvat\/&#8221;]<\/p>\n","protected":false},"excerpt":{"rendered":"<p>[analyse_image type=&#8221;featured&#8221; src=&#8221;https:\/\/ziardesuceava.ro\/wp-content\/uploads\/2026\/08\/nava-lovita-marea-neagra-576&#215;1024.jpg&#8221;] O nav\u0103 comercial\u0103 a luat foc, joi sear\u0103, \u00een Marea Neagr\u0103, \u00een zona economic\u0103 exclusiv\u0103 a Rom\u00e2niei, echipajul, format din 12 marinari, fiind salvat. Unul dintre marinari a fost r\u0103nit. Zece dintre marinari au fost salva\u0163i de Garda de Coast\u0103, iar ceilal\u0163i doi de o nav\u0103 comercial\u0103 aflat\u0103 \u00een zon\u0103. Opera\u0163iunea de [&hellip;]<\/p>\n","protected":false},"author":1,"featured_media":0,"comment_status":"open","ping_status":"","sticky":false,"template":"","format":"standard","meta":{"footnotes":""},"categories":[89],"tags":[226,171],"class_list":["post-2117665","post","type-post","status-publish","format-standard","hentry","category-romania","tag-crawlmanager","tag-ziardesuceava-ro"],"_links":{"self":[{"href":"https:\/\/analyse.optim.biz\/index.php?rest_route=\/wp\/v2\/posts\/2117665","targetHints":{"allow":["GET"]}}],"collection":[{"href":"https:\/\/analyse.optim.biz\/index.php?rest_route=\/wp\/v2\/posts"}],"about":[{"href":"https:\/\/analyse.optim.biz\/index.php?rest_route=\/wp\/v2\/types\/post"}],"author":[{"embeddable":true,"href":"https:\/\/analyse.optim.biz\/index.php?rest_route=\/wp\/v2\/users\/1"}],"replies":[{"embeddable":true,"href":"https:\/\/analyse.optim.biz\/index.php?rest_route=%2Fwp%2Fv2%2Fcomments&post=2117665"}],"version-history":[{"count":0,"href":"https:\/\/analyse.optim.biz\/index.php?rest_route=\/wp\/v2\/posts\/2117665\/revisions"}],"wp:attachment":[{"href":"https:\/\/analyse.optim.biz\/index.php?rest_route=%2Fwp%2Fv2%2Fmedia&parent=2117665"}],"wp:term":[{"taxonomy":"category","embeddable":true,"href":"https:\/\/analyse.optim.biz\/index.php?rest_route=%2Fwp%2Fv2%2Fcategories&post=2117665"},{"taxonomy":"post_tag","embeddable":true,"href":"https:\/\/analyse.optim.biz\/index.php?rest_route=%2Fwp%2Fv2%2Ftags&post=2117665"}],"curies":[{"name":"wp","href":"https:\/\/api.w.org\/{rel}","templated":true}]}}