{"id":211763,"date":"2014-02-20T16:25:24","date_gmt":"2014-02-20T13:25:24","guid":{"rendered":"https:\/\/analyse.optim.biz\/?p=211763"},"modified":"2014-02-20T16:25:24","modified_gmt":"2014-02-20T13:25:24","slug":"liviu-dragnea-faptul-ca-nu-se-doreste-inca-un-vicepremier-motivand-ca-pc-e-mai-mic-decat-pnl-nu-sta-in-picioare","status":"publish","type":"post","link":"https:\/\/analyse.optim.biz\/?p=211763","title":{"rendered":"Liviu Dragnea: Faptul c\u0103 nu se dore\u015fte \u00eenc\u0103 un vicepremier motiv\u00e2nd c\u0103 PC e mai mic dec\u00e2t PNL nu st\u0103 \u00een picioare"},"content":{"rendered":"<div class=\"entry data-app-meta data-app-meta-article\" data-embed-base-url-canonical=\"https:\/\/www.digi24.ro\/embed\/stiri\/actualitate\/politica\/liviu-dragnea-faptul-ca-nu-se-doreste-inca-un-vicepremier-motivand-ca-pc-e-mai-mic-decat-pnl-nu-sta-in-picioare-203617\">\n<p data-index=\"1\"><img decoding=\"async\" src=\"https:\/\/analyse.optim.biz\/wp-content\/uploads\/2024\/09\/ptziyjc1mwrimdczywy1njvinwuxnmixmjm1ndnjnju3-thumb_.jpg\" data-skip-htmlfix=\"1\" title=\"ptziyjc1mwrimdczywy1njvinwuxnmixmjm1ndnjnju3-thumb_\"><\/p>\n<p data-index=\"2\">\u201eFaptul c\u0103 se uit\u0103 \u015fi la capra vecinului e de ne\u00een\u0163eles. \u00centrebarea corect\u0103 e dac\u0103 PNL e dispus s\u0103 renun\u0163e la aceast\u0103 preten\u0163ie c\u0103 PC nu are voie la o func\u0163ie de vicepremier\u201d, a spus Liviu Dragnea.<\/p>\n<p data-index=\"3\">El a ar\u0103tat c\u0103 PSD accept\u0103 toate propunerile PNL, inclusiv cea privind nominalizarea unui <a href=\"https:\/\/www.digi24.ro\/Stiri\/Digi24\/Actualitate\/Politica\/Scandal+in+USL+Miza+celui+de-al+patrulea+vicepremier\" target=\"_blank\" data-skip-linkfix=\"1\" rel=\"noopener\">vicepremier<\/a> la Interne sau o rocad\u0103 \u00eentre mini\u015ftrii \u015fi ministere.<\/p>\n<p data-index=\"4\">\u201eS-a dorit vicepremier la Interne. Suntem de acord. Rocad\u0103 \u00eentre mini\u015ftri, \u00eentre ministere. Suntem de acord \u015fi cu asta. Faptul c\u0103 nu se dore\u015fte \u00eenc\u0103 un vicepremier motiv\u00e2nd c\u0103 PC e mai mic dec\u00e2t PNL nu st\u0103 \u00een picioare. USL nu s-a constituit pe principii care e mai mare \u015fi nu a contat c\u0103 PSD era de dou\u0103 ori mai mare ca PNL\u201d, a spus Liviu Dragnea.<\/p>\n<p data-index=\"5\">El a ar\u0103tat c\u0103 PSD \u00eei a\u015fteapt\u0103 \u201ecu drag\u201d pe liberali s\u0103 vin\u0103 \u00een Guvern, dar c\u0103 singurul lucru pe care PSD nu \u00eel accept\u0103 este desfiin\u0163area <a href=\"https:\/\/www.digi24.ro\/Stiri\/Digi24\/Actualitate\/Politica\/PSD+Marca+USD+a+fost+cesionata+Partidului+Social+Democrat\" target=\"_blank\" data-skip-linkfix=\"1\" rel=\"noopener\">USD<\/a>.<\/p>\n<p data-index=\"6\">\u201eAm dori s\u0103 mergem to\u0163i \u00een USL, dar PNL a decis s\u0103 nu o fac\u0103. Nu ne poate lua dreptul nou\u0103, celor trei partide, s\u0103 mergem \u00eentr-o alian\u0163\u0103 electoral\u0103, pe liste comune, la europarlamentare\u201d, a mai spus Liviu Dragnea.<\/p>\n<\/div>\n<p> Source URL: https:\/\/www.digi24.ro\/stiri\/actualitate\/politica\/liviu-dragnea-faptul-ca-nu-se-doreste-inca-un-vicepremier-motivand-ca-pc-e-mai-mic-decat-pnl-nu-sta-in-picioare-203617<\/p>\n","protected":false},"excerpt":{"rendered":"<p>\u201eFaptul c\u0103 se uit\u0103 \u015fi la capra vecinului e de ne\u00een\u0163eles. \u00centrebarea corect\u0103 e dac\u0103 PNL e dispus s\u0103 renun\u0163e la aceast\u0103 preten\u0163ie c\u0103 PC nu are voie la o func\u0163ie de vicepremier\u201d, a spus Liviu Dragnea. El a ar\u0103tat c\u0103 PSD accept\u0103 toate propunerile PNL, inclusiv cea privind nominalizarea unui vicepremier la Interne sau [&hellip;]<\/p>\n","protected":false},"author":1,"featured_media":211764,"comment_status":"open","ping_status":"","sticky":false,"template":"","format":"standard","meta":{"footnotes":""},"categories":[2],"tags":[11],"class_list":["post-211763","post","type-post","status-publish","format-standard","has-post-thumbnail","hentry","category-politics","tag-digi24"],"_links":{"self":[{"href":"https:\/\/analyse.optim.biz\/index.php?rest_route=\/wp\/v2\/posts\/211763","targetHints":{"allow":["GET"]}}],"collection":[{"href":"https:\/\/analyse.optim.biz\/index.php?rest_route=\/wp\/v2\/posts"}],"about":[{"href":"https:\/\/analyse.optim.biz\/index.php?rest_route=\/wp\/v2\/types\/post"}],"author":[{"embeddable":true,"href":"https:\/\/analyse.optim.biz\/index.php?rest_route=\/wp\/v2\/users\/1"}],"replies":[{"embeddable":true,"href":"https:\/\/analyse.optim.biz\/index.php?rest_route=%2Fwp%2Fv2%2Fcomments&post=211763"}],"version-history":[{"count":0,"href":"https:\/\/analyse.optim.biz\/index.php?rest_route=\/wp\/v2\/posts\/211763\/revisions"}],"wp:featuredmedia":[{"embeddable":true,"href":"https:\/\/analyse.optim.biz\/index.php?rest_route=\/wp\/v2\/media\/211764"}],"wp:attachment":[{"href":"https:\/\/analyse.optim.biz\/index.php?rest_route=%2Fwp%2Fv2%2Fmedia&parent=211763"}],"wp:term":[{"taxonomy":"category","embeddable":true,"href":"https:\/\/analyse.optim.biz\/index.php?rest_route=%2Fwp%2Fv2%2Fcategories&post=211763"},{"taxonomy":"post_tag","embeddable":true,"href":"https:\/\/analyse.optim.biz\/index.php?rest_route=%2Fwp%2Fv2%2Ftags&post=211763"}],"curies":[{"name":"wp","href":"https:\/\/api.w.org\/{rel}","templated":true}]}}