{"id":2117625,"date":"2026-08-29T00:00:00","date_gmt":"2026-08-28T21:00:00","guid":{"rendered":"https:\/\/analyse.optim.biz\/?p=2117625"},"modified":"2026-08-29T00:00:00","modified_gmt":"2026-08-28T21:00:00","slug":"ecuador-fostul-presedinte-lenin-moreno-condamnat-la-cinci-ani-de-inchisoare-pentru-coruptie","status":"publish","type":"post","link":"https:\/\/analyse.optim.biz\/?p=2117625","title":{"rendered":"Ecuador: Fostul pre\u0219edinte Lenin Moreno, condamnat la cinci ani de \u00eenchisoare pentru corup\u021bie"},"content":{"rendered":"<p>[analyse_image type=&#8221;featured&#8221; src=&#8221;https:\/\/agerpres.ro\/data\/202608\/20260829092111_587961.jpg&#8221;]<\/p>\n<div class=\"mx-auto pt-3\">\n<p><strong>Fostul pre\u0219edinte ecuadorian Lenin Moreno (2017-2021) a fost condamnat vineri la cinci ani de \u00eenchisoare pentru luare de mit\u0103 de la grupul chinez Sinohydro \u00een schimbul unui contract pentru construirea unei hidrocentrale, transmit AFP, Reuters \u0219i EFE.<\/strong><\/p>\n<p>Lenin Moreno era vicepre\u0219edintele lui Rafael Correa la data comiterii faptelor, \u00eentre 2007 \u0219i 2013, pentru care Parchetul ceruse o pedeaps\u0103 de \u0219ase ani \u0219i jum\u0103tate de \u00eenchisoare.<\/p>\n<p>Tribunalul &#8221;\u00eel declar\u0103 vinovat pentru delictul de #corup\u021bie pe fostul vicepre\u0219edinte al Republicii, Lenin M.&#8221;, impun\u00e2ndu-i o pedeaps\u0103 de cinci ani de \u00eenchisoare, a indicat Parchetul ecuadorian pe re\u021beaua X.<\/p>\n<p>Potrivit acuz\u0103rii, Lenin Moreno a participat la o re\u021bea de corup\u021bie ce a activat \u00een perioada 2009-2018 pentru construirea centralei hidroelectrice Coca Codo Sinclair.<\/p>\n<p>Moreno a respins acuza\u021biile \u0219i a denun\u021bat o persecu\u021bie politic\u0103 orchestrat\u0103 de Rafael Correa.<\/p>\n<p>\u00cen acest dosar mai sunt implicate circa 20 de persoane, printre care so\u021bia lui Lenin Moreno \u0219i una dintre fiicele lor, precum \u0219i un fost ambasador chinez la Quito. Dup\u0103 verdict, fostul pre\u0219edinte a afirmat c\u0103 &#8221;nu a primit nici m\u0103car o singur\u0103 centim\u0103 de la Sinohydro&#8221;, compania chinez\u0103 acuzat\u0103 c\u0103 a dat mit\u0103 \u00een valoare de 76 de milioane de dolari.<\/p>\n<p>Rafael Correa a condus Ecuadorul \u00eentre 2007 \u0219i 2017. Ulterior, el a contribuit la alegerea protejatului s\u0103u Lenin Moreno \u00een func\u021bia de pre\u0219edinte, \u00eens\u0103 cei doi au intrat \u00een conflict dup\u0103 ce acesta din urm\u0103 a preferat o orientare politic\u0103 mai spre dreapta \u0219i o apropiere de SUA.<\/p>\n<p>Correa tr\u0103ie\u0219te \u00een Belgia dup\u0103 ce a renun\u021bat la putere \u0219i a fost condamnat \u00een contumacie, \u00een 2020, la opt ani de \u00eenchisoare tot pentru corup\u021bie. AGERPRES\/(AS &#8211; redactor: Tudor Martalogu, editor online: Gabriela Badea)\u00a0<\/p>\n<\/div>\n<div class=\"mx-auto pt-3\">\n                                Afisari: 17\n                            <\/div>\n<p>[analyse_source url=&#8221;https:\/\/agerpres.ro\/politic-extern\/2026\/08\/29\/ecuador-fostul-presedinte-lenin-moreno-condamnat-la-cinci-ani-de-inchisoare-pentru-coruptie&#8211;1588863&#8243;]<\/p>\n","protected":false},"excerpt":{"rendered":"<p>[analyse_image type=&#8221;featured&#8221; src=&#8221;https:\/\/agerpres.ro\/data\/202608\/20260829092111_587961.jpg&#8221;] Fostul pre\u0219edinte ecuadorian Lenin Moreno (2017-2021) a fost condamnat vineri la cinci ani de \u00eenchisoare pentru luare de mit\u0103 de la grupul chinez Sinohydro \u00een schimbul unui contract pentru construirea unei hidrocentrale, transmit AFP, Reuters \u0219i EFE. Lenin Moreno era vicepre\u0219edintele lui Rafael Correa la data comiterii faptelor, \u00eentre 2007 \u0219i 2013, [&hellip;]<\/p>\n","protected":false},"author":1,"featured_media":0,"comment_status":"open","ping_status":"","sticky":false,"template":"","format":"standard","meta":{"footnotes":""},"categories":[2],"tags":[37,226],"class_list":["post-2117625","post","type-post","status-publish","format-standard","hentry","category-politics","tag-agerpres-ro","tag-crawlmanager"],"_links":{"self":[{"href":"https:\/\/analyse.optim.biz\/index.php?rest_route=\/wp\/v2\/posts\/2117625","targetHints":{"allow":["GET"]}}],"collection":[{"href":"https:\/\/analyse.optim.biz\/index.php?rest_route=\/wp\/v2\/posts"}],"about":[{"href":"https:\/\/analyse.optim.biz\/index.php?rest_route=\/wp\/v2\/types\/post"}],"author":[{"embeddable":true,"href":"https:\/\/analyse.optim.biz\/index.php?rest_route=\/wp\/v2\/users\/1"}],"replies":[{"embeddable":true,"href":"https:\/\/analyse.optim.biz\/index.php?rest_route=%2Fwp%2Fv2%2Fcomments&post=2117625"}],"version-history":[{"count":0,"href":"https:\/\/analyse.optim.biz\/index.php?rest_route=\/wp\/v2\/posts\/2117625\/revisions"}],"wp:attachment":[{"href":"https:\/\/analyse.optim.biz\/index.php?rest_route=%2Fwp%2Fv2%2Fmedia&parent=2117625"}],"wp:term":[{"taxonomy":"category","embeddable":true,"href":"https:\/\/analyse.optim.biz\/index.php?rest_route=%2Fwp%2Fv2%2Fcategories&post=2117625"},{"taxonomy":"post_tag","embeddable":true,"href":"https:\/\/analyse.optim.biz\/index.php?rest_route=%2Fwp%2Fv2%2Ftags&post=2117625"}],"curies":[{"name":"wp","href":"https:\/\/api.w.org\/{rel}","templated":true}]}}