{"id":2117559,"date":"2026-08-28T10:39:47","date_gmt":"2026-08-28T07:39:47","guid":{"rendered":"https:\/\/analyse.optim.biz\/?p=2117559"},"modified":"2026-08-28T10:39:47","modified_gmt":"2026-08-28T07:39:47","slug":"continua-reabilitarea-bulevardului-liviu-rebreanu-sunt-anuntate-noi-restrictii-de-circulatie","status":"publish","type":"post","link":"https:\/\/analyse.optim.biz\/?p=2117559","title":{"rendered":"Continu\u0103 reabilitarea bulevardului Liviu Rebreanu! Sunt anun\u021bate noi restric\u021bii de circula\u021bie"},"content":{"rendered":"<p>[analyse_image type=&#8221;featured&#8221; src=&#8221;https:\/\/www.sursadevest.ro\/wp-content\/uploads\/2024\/02\/restrictii-circulatie.jpg&#8221;]<\/p>\n<p><main id=\"tm-main\"><\/p>\n<div class=\"uk-section-default uk-section\">\n<div class=\"uk-grid-margin uk-container uk-container-xsmall\">\n<div class=\"uk-grid tm-grid-expand uk-child-width-1-1\">\n<div class=\"uk-width-1-1\">\n<h1 class=\"uk-h2 uk-margin uk-text-center\">\n<p>                    Continu\u0103 reabilitarea bulevardului Liviu Rebreanu! Sunt anun\u021bate noi restric\u021bii de circula\u021bie        <\/p>\n<\/h1>\n<div class=\"uk-panel uk-margin uk-text-center\"><time datetime=\"2026-08-28T12:39:47+02:00\">28 august, 2026<\/time> | <a href=\"https:\/\/www.sursadevest.ro\/author\/petronela\/\">Sursa de Vest<\/a> | <a href=\"https:\/\/www.sursadevest.ro\/categorie\/stiri\/eveniment\/\" rel=\"tag\">Eveniment<\/a>, <a href=\"https:\/\/www.sursadevest.ro\/categorie\/stiri\/\" rel=\"tag\">\u0218tiri<\/a> | <a href=\"https:\/\/www.sursadevest.ro\/continua-reabilitarea-bulevardului-liviu-rebreanu-sunt-anuntate-noi-restrictii-de-circulatie\/#respond\">Niciun comentariu<span class=\"screen-reader-text\"> la Continu\u0103 reabilitarea bulevardului Liviu Rebreanu! Sunt anun\u021bate noi restric\u021bii de circula\u021bie<\/span><\/a><\/div>\n<\/div>\n<\/div>\n<\/div>\n<div class=\"uk-container uk-margin-large\">\n<div class=\"uk-grid tm-grid-expand uk-grid-column-large\">\n<div class=\"uk-width-2-3@m\">\n<nav aria-label=\"Breadcrumb\" class=\"uk-margin-small\">\n<ul class=\"uk-breadcrumb uk-margin-remove-bottom\">\n<li><\/li>\n<li><a href=\"https:\/\/www.sursadevest.ro\/categorie\/stiri\/\"><span>\u0218tiri<\/span><\/a><\/li>\n<li><a href=\"https:\/\/www.sursadevest.ro\/categorie\/stiri\/eveniment\/\"><span>Eveniment<\/span><\/a><\/li>\n<\/ul>\n<\/nav>\n<div class=\"uk-margin\"><source type=\"image\/webp\" srcset=\"\/wp-content\/uploads\/yootheme\/cache\/3d\/restrictii-circulatie-3d87f9b1.webp 768w, \/wp-content\/uploads\/yootheme\/cache\/8e\/restrictii-circulatie-8e624632.webp 960w\" sizes=\"(min-width: 960px) 960px\" \/><\/div>\n<div class=\"uk-margin-remove-vertical uk-hidden@m\">\n<div class=\"uk-grid uk-child-width-1-1 uk-child-width-1-2@s uk-grid-small uk-grid-match\">\n<div>\n<div class=\"el-item uk-panel\"><a href=\"https:\/\/retim.ro\/eticheta\" target=\"_blank\"><\/p>\n<div class=\"uk-inline-clip uk-transition-toggle\"><img loading=\"lazy\" decoding=\"async\" class=\"el-image uk-transition-scale-down uk-transition-opaque\" src=\"https:\/\/www.sursadevest.ro\/wp-content\/uploads\/2025\/07\/ReTIM-banner-press-300x300px.gif\" alt width=\"300\" height=\"300\"><\/div>\n<p><\/a><\/p>\n<div class=\"uk-padding-small uk-margin-remove-first-child\">\n<div class=\"el-meta uk-text-meta uk-margin-small-top\">Retim Ecologic Service<\/div>\n<div class=\"uk-margin-small-top\"><a href=\"https:\/\/retim.ro\/eticheta\" target=\"_blank\" class=\"el-link uk-button uk-button-text\">Vezi detalii<\/a><\/div>\n<\/div>\n<\/div>\n<\/div>\n<\/div>\n<\/div>\n<div class=\"uk-panel uk-margin-remove-top uk-margin-medium-bottom\">\n<p class=\"wp-block-paragraph\">Continu\u0103 lucr\u0103rile de refacere a carosabilului pe bulevardul Liviu Rebreanu, cu interven\u021bii \u00een intersec\u021bia cu bulevardul Constantin Br\u00e2ncoveanu.<\/p>\n<p class=\"wp-block-paragraph\">Lucr\u0103rile sunt realizate de Societatea Drumuri Municipale (SDM) \u0219i presupun restric\u021bii etapizate de circula\u021bie p\u00e2n\u0103 \u00een 6 septembrie.<\/p>\n<p class=\"wp-block-paragraph\">Astfel, p\u00e2n\u0103 la data de 3 septembrie, circula\u021bia rutier\u0103 va fi \u00eenchis\u0103 pe bulevardul Liviu Rebreanu, pe tronsonul cuprins \u00eentre strada Ulpia Traiana \u0219i strada Hebe, pe sensul de mers c\u0103tre Calea \u0218agului. Traficul va fi dirijat temporar pe contrasens.<\/p>\n<p class=\"wp-block-paragraph\">\u00cen etapa urm\u0103toare, p\u00e2n\u0103 la data de 6 septembrie, restric\u021biile se vor aplica pe tronsonul cuprins \u00eentre strada Hebe \u0219i strada Ulpia Traiana, pe sensul de mers c\u0103tre Spitalul Jude\u021bean, circula\u021bia urm\u00e2nd s\u0103 se desf\u0103\u0219oare pe contrasens.<\/p>\n<p class=\"wp-block-paragraph\">Reamintim c\u0103, p\u00e2n\u0103 \u00een prezent, au fost finalizate lucr\u0103rile pe tronsonul cuprins \u00eentre strada Drubeta \u0219i Calea Martirilor, pe sensul de mers spre Spitalul Jude\u021bean. Totodat\u0103, trotuarele dintre sensul giratoriu AEM \u0219i bulevardul Sudului au fost ref\u0103cute integral, pe o lungime de aproximativ 1,5 kilometri, pe ambele sensuri de circula\u021bie. Lucr\u0103rile continu\u0103 pe tronsonul Rebreanu\u2013Averescu, programat pentru finalizare la \u00eenceputul lunii septembrie.<\/p>\n<\/div>\n<nav class=\"uk-text-center\">\n<ul class=\"uk-pagination uk-margin-remove-bottom uk-flex-center\">\n<li><a href=\"https:\/\/www.sursadevest.ro\/doliu-in-jurnalismul-romanesc-brindusa-armanca-s-a-stins-din-viata\/\"> Anterior<\/a><\/li>\n<li><a href=\"https:\/\/www.sursadevest.ro\/pompierii-romani-continua-lupta-cu-incendiile-din-serbia-modulul-de-interventie-a-fost-relocat-in-rezervatia-deliblata-sands\/\">Urm\u0103tor <\/a><\/li>\n<\/ul>\n<\/nav>\n<h3 class=\"uk-h5\">\n<p>                    Distribuie pe re\u021bele de socializare        <\/p>\n<\/h3>\n<div class=\"uk-margin-top uk-margin-remove-bottom\">\n<ul class=\"uk-child-width-auto uk-grid-small uk-flex-inline uk-flex-middle\">\n<li class=\"el-item\">\n<li class=\"el-item\">\n<li class=\"el-item\">\n<li class=\"el-item\"><\/ul>\n<\/div>\n<div class=\"uk-margin\">\n<div id=\"respond\" class=\"comment-respond\">\n<h2 id=\"reply-title\" class=\"el-title uk-h3 uk-heading-bullet\">Las\u0103 un r\u0103spuns <small><a rel=\"nofollow\" id=\"cancel-comment-reply-link\" class=\"uk-link-muted\" href=\"https:\/\/www.sursadevest.ro\/continua-reabilitarea-bulevardului-liviu-rebreanu-sunt-anuntate-noi-restrictii-de-circulatie\/#respond\">Anuleaz\u0103 r\u0103spunsul<\/a><\/small><\/h2>\n<p class=\"comment-notes\">Adresa ta de email nu va fi publicat\u0103. C\u00e2mpurile obligatorii sunt marcate cu <span class=\"required\">*<\/span><\/p>\n<div class=\"gglcptch gglcptch_v3\"><\/p>\n<div class=\"gglcptch_error_text\">Perioada de verificare reCAPTCHA a expirat. V\u0103 rug\u0103m s\u0103 re\u00eenc\u0103rca\u021bi pagina.<\/div>\n<\/div>\n<\/div>\n<\/div>\n<hr class=\"uk-margin-large\">\n<h2 class=\"uk-h3 uk-text-left@m uk-text-center\">\n<p>                    Alte articole        <\/p>\n<\/h2>\n<div id=\"template-OEvUe7Lh#0\" class=\"uk-margin\">\n<div class=\"uk-grid uk-child-width-1-1 uk-child-width-1-2@s uk-grid-column-medium uk-grid-match\">\n<div>\n<div class=\"el-item uk-panel uk-margin-remove-first-child\"><a href=\"https:\/\/www.sursadevest.ro\/este-oficial-fritz-trebuie-sa-plece-din-functia-de-primar-prima-reactie-pe-care-a-avut-o-dupa-promulgarea-legii-care-ii-intrerupe-mandatul\/\"><img decoding=\"async\" class=\"el-image uk-border-rounded\" src=\"https:\/\/www.sursadevest.ro\/wp-content\/uploads\/2026\/05\/dominic-fritz-1.gif\" alt=\"Man with glasses being filmed indoors, camera operator in foreground and flags visible in the background, giving an interview vibe.\" loading=\"lazy\" width=\"610\" height=\"339\"><\/a><\/p>\n<div class=\"el-meta uk-h6 uk-text-primary uk-margin-top uk-margin-remove-bottom\"><time datetime=\"2026-08-28T21:35:53+02:00\">28 august, 2026<\/time> | <a href=\"https:\/\/www.sursadevest.ro\/author\/petronela\/\">Sursa de Vest<\/a> | <a href=\"https:\/\/www.sursadevest.ro\/categorie\/stiri\/administratie\/\" rel=\"tag\">Administra\u021bie<\/a>, <a href=\"https:\/\/www.sursadevest.ro\/categorie\/stiri\/eveniment\/\" rel=\"tag\">Eveniment<\/a>, <a href=\"https:\/\/www.sursadevest.ro\/categorie\/stiri\/\" rel=\"tag\">\u0218tiri<\/a> | <a href=\"https:\/\/www.sursadevest.ro\/este-oficial-fritz-trebuie-sa-plece-din-functia-de-primar-prima-reactie-pe-care-a-avut-o-dupa-promulgarea-legii-care-ii-intrerupe-mandatul\/#respond\">Niciun comentariu<span class=\"screen-reader-text\"> la Este oficial! Fritz trebuie s\u0103 plece din func\u021bia de primar! Prima reac\u021bie pe care a avut-o dup\u0103 promulgarea legii care \u00eei \u00eentrerupe mandatul<\/span><\/a><\/div>\n<h3 class=\"el-title uk-h4 uk-link-reset uk-margin-small-top uk-margin-remove-bottom\"><a href=\"https:\/\/www.sursadevest.ro\/este-oficial-fritz-trebuie-sa-plece-din-functia-de-primar-prima-reactie-pe-care-a-avut-o-dupa-promulgarea-legii-care-ii-intrerupe-mandatul\/\">Este oficial! Fritz trebuie s\u0103 plece din func\u021bia de primar! Prima reac\u021bie pe care a avut-o dup\u0103 promulgarea legii care \u00eei \u00eentrerupe mandatul<\/a><\/h3>\n<div class=\"el-content uk-panel uk-margin-small-top\">\n<p>Cel mult 30 de zile mai poate r\u0103m\u00e2ne Dominic Fritz la conducerea Prim\u0103riei Timi\u015foara, dup\u0103 ce pre\u015fedintele Rom\u00e2niei, Nicu\u015for Dan, a promulgat, \u00een aceast\u0103 dup\u0103-amiaz\u0103, noua Lege a integrit\u0103\u0163ii.<\/p>\n<\/div>\n<div class=\"uk-margin-top\"><a href=\"https:\/\/www.sursadevest.ro\/este-oficial-fritz-trebuie-sa-plece-din-functia-de-primar-prima-reactie-pe-care-a-avut-o-dupa-promulgarea-legii-care-ii-intrerupe-mandatul\/\" class=\"el-link uk-button uk-button-text\">Vezi detalii<\/a><\/div>\n<\/div>\n<\/div>\n<div>\n<div class=\"el-item uk-panel uk-margin-remove-first-child\"><a href=\"https:\/\/www.sursadevest.ro\/accident-pe-dn-68a-intre-cosava-si-margina-trei-masini-au-fost-implicate\/\"><source type=\"image\/webp\" srcset=\"\/wp-content\/uploads\/yootheme\/cache\/4d\/ambulanta-4dae0d32.webp 604w\" sizes=\"(min-width: 604px) 604px\" \/><\/a><\/p>\n<div class=\"el-meta uk-h6 uk-text-primary uk-margin-top uk-margin-remove-bottom\"><time datetime=\"2026-08-28T15:02:47+02:00\">28 august, 2026<\/time> | <a href=\"https:\/\/www.sursadevest.ro\/author\/petronela\/\">Sursa de Vest<\/a> | <a href=\"https:\/\/www.sursadevest.ro\/categorie\/stiri\/eveniment\/\" rel=\"tag\">Eveniment<\/a>, <a href=\"https:\/\/www.sursadevest.ro\/categorie\/stiri\/\" rel=\"tag\">\u0218tiri<\/a> | <a href=\"https:\/\/www.sursadevest.ro\/accident-pe-dn-68a-intre-cosava-si-margina-trei-masini-au-fost-implicate\/#respond\">Niciun comentariu<span class=\"screen-reader-text\"> la Accident pe DN 68A, \u00eentre Co\u0219ava \u0219i Margina! Trei ma\u0219ini au fost implicate<\/span><\/a><\/div>\n<h3 class=\"el-title uk-h4 uk-link-reset uk-margin-small-top uk-margin-remove-bottom\"><a href=\"https:\/\/www.sursadevest.ro\/accident-pe-dn-68a-intre-cosava-si-margina-trei-masini-au-fost-implicate\/\">Accident pe DN 68A, \u00eentre Co\u0219ava \u0219i Margina! Trei ma\u0219ini au fost implicate<\/a><\/h3>\n<div class=\"el-content uk-panel uk-margin-small-top\">\n<p>Accident \u00een lan\u021b pe DN 68A, \u00eentre localit\u0103\u021bile Co\u0219ava \u0219i Margina! \u00cen urma impactului, un b\u0103rbat de 54 de ani, pasager \u00eentr-unul dintre autoturismele implicate, a fost r\u0103nit.<\/p>\n<\/div>\n<div class=\"uk-margin-top\"><a href=\"https:\/\/www.sursadevest.ro\/accident-pe-dn-68a-intre-cosava-si-margina-trei-masini-au-fost-implicate\/\" class=\"el-link uk-button uk-button-text\">Vezi detalii<\/a><\/div>\n<\/div>\n<\/div>\n<div>\n<div class=\"el-item uk-panel uk-margin-remove-first-child\"><a href=\"https:\/\/www.sursadevest.ro\/zborurile-charter-timisoara-hurghada-mutate-temporar-la-arad-din-cauza-lucrarilor-programate-la-pista-aeroportului-din-timisoara\/\"><source type=\"image\/webp\" srcset=\"\/wp-content\/uploads\/yootheme\/cache\/61\/avion-pista-61ced15b.webp 610w, \/wp-content\/uploads\/yootheme\/cache\/82\/avion-pista-826f2458.webp 768w, \/wp-content\/uploads\/yootheme\/cache\/24\/avion-pista-24dafedb.webp 1080w\" sizes=\"(min-width: 610px) 610px\" \/><\/a><\/p>\n<div class=\"el-meta uk-h6 uk-text-primary uk-margin-top uk-margin-remove-bottom\"><time datetime=\"2026-08-28T14:05:10+02:00\">28 august, 2026<\/time> | <a href=\"https:\/\/www.sursadevest.ro\/author\/petronela\/\">Sursa de Vest<\/a> | <a href=\"https:\/\/www.sursadevest.ro\/categorie\/stiri\/eveniment\/\" rel=\"tag\">Eveniment<\/a>, <a href=\"https:\/\/www.sursadevest.ro\/categorie\/stiri\/\" rel=\"tag\">\u0218tiri<\/a> | <a href=\"https:\/\/www.sursadevest.ro\/zborurile-charter-timisoara-hurghada-mutate-temporar-la-arad-din-cauza-lucrarilor-programate-la-pista-aeroportului-din-timisoara\/#respond\">Niciun comentariu<span class=\"screen-reader-text\"> la Zborurile charter Timi\u0219oara \u2013 Hurghada, mutate temporar la Arad, din cauza lucr\u0103rilor programate la pista aeroportului din Timi\u0219oara!<\/span><\/a><\/div>\n<h3 class=\"el-title uk-h4 uk-link-reset uk-margin-small-top uk-margin-remove-bottom\"><a href=\"https:\/\/www.sursadevest.ro\/zborurile-charter-timisoara-hurghada-mutate-temporar-la-arad-din-cauza-lucrarilor-programate-la-pista-aeroportului-din-timisoara\/\">Zborurile charter Timi\u0219oara \u2013 Hurghada, mutate temporar la Arad, din cauza lucr\u0103rilor programate la pista aeroportului din Timi\u0219oara!<\/a><\/h3>\n<div class=\"el-content uk-panel uk-margin-small-top\">\n<p>Turi\u0219tii care au cump\u0103rat vacan\u021be \u00een Egipt cu plecare din Timi\u0219oara \u00een zilele de 8, 15 \u0219i 22 noiembrie 2026 vor decola \u0219i se vor \u00eentoarce de pe Aeroportul Interna\u021bional Arad.<\/p>\n<\/div>\n<div class=\"uk-margin-top\"><a href=\"https:\/\/www.sursadevest.ro\/zborurile-charter-timisoara-hurghada-mutate-temporar-la-arad-din-cauza-lucrarilor-programate-la-pista-aeroportului-din-timisoara\/\" class=\"el-link uk-button uk-button-text\">Vezi detalii<\/a><\/div>\n<\/div>\n<\/div>\n<div>\n<div class=\"el-item uk-panel uk-margin-remove-first-child\"><a href=\"https:\/\/www.sursadevest.ro\/pompierii-romani-continua-lupta-cu-incendiile-din-serbia-modulul-de-interventie-a-fost-relocat-in-rezervatia-deliblata-sands\/\"><source type=\"image\/webp\" srcset=\"\/wp-content\/uploads\/yootheme\/cache\/d7\/incendiu-serbia-2-d7388122.webp 610w, \/wp-content\/uploads\/yootheme\/cache\/9e\/incendiu-serbia-2-9e1aa772.webp 768w, \/wp-content\/uploads\/yootheme\/cache\/c1\/incendiu-serbia-2-c133727f.webp 1024w, \/wp-content\/uploads\/yootheme\/cache\/f9\/incendiu-serbia-2-f92001eb.webp 1220w\" sizes=\"(min-width: 610px) 610px\" \/><\/a><\/p>\n<div class=\"el-meta uk-h6 uk-text-primary uk-margin-top uk-margin-remove-bottom\"><time datetime=\"2026-08-28T13:31:59+02:00\">28 august, 2026<\/time> | <a href=\"https:\/\/www.sursadevest.ro\/author\/petronela\/\">Sursa de Vest<\/a> | <a href=\"https:\/\/www.sursadevest.ro\/categorie\/stiri\/eveniment\/\" rel=\"tag\">Eveniment<\/a>, <a href=\"https:\/\/www.sursadevest.ro\/categorie\/stiri\/\" rel=\"tag\">\u0218tiri<\/a> | <a href=\"https:\/\/www.sursadevest.ro\/pompierii-romani-continua-lupta-cu-incendiile-din-serbia-modulul-de-interventie-a-fost-relocat-in-rezervatia-deliblata-sands\/#respond\">Niciun comentariu<span class=\"screen-reader-text\"> la Pompierii rom\u00e2ni continu\u0103 lupta cu incendiile din Serbia! Modulul de interven\u021bie a fost relocat \u00een rezerva\u021bia Deliblata Sands<\/span><\/a><\/div>\n<h3 class=\"el-title uk-h4 uk-link-reset uk-margin-small-top uk-margin-remove-bottom\"><a href=\"https:\/\/www.sursadevest.ro\/pompierii-romani-continua-lupta-cu-incendiile-din-serbia-modulul-de-interventie-a-fost-relocat-in-rezervatia-deliblata-sands\/\">Pompierii rom\u00e2ni continu\u0103 lupta cu incendiile din Serbia! Modulul de interven\u021bie a fost relocat \u00een rezerva\u021bia Deliblata Sands<\/a><\/h3>\n<div class=\"el-content uk-panel uk-margin-small-top\">\n<p>Pompierii rom\u00e2ni continu\u0103 misiunile de stingere a incendiilor de vegeta\u021bie din Serbia.<\/p>\n<\/div>\n<div class=\"uk-margin-top\"><a href=\"https:\/\/www.sursadevest.ro\/pompierii-romani-continua-lupta-cu-incendiile-din-serbia-modulul-de-interventie-a-fost-relocat-in-rezervatia-deliblata-sands\/\" class=\"el-link uk-button uk-button-text\">Vezi detalii<\/a><\/div>\n<\/div>\n<\/div>\n<div>\n<div class=\"el-item uk-panel uk-margin-remove-first-child\"><a href=\"https:\/\/www.sursadevest.ro\/continua-reabilitarea-bulevardului-liviu-rebreanu-sunt-anuntate-noi-restrictii-de-circulatie\/\"><source type=\"image\/webp\" srcset=\"\/wp-content\/uploads\/yootheme\/cache\/ff\/restrictii-circulatie-ffae8eb5.webp 610w, \/wp-content\/uploads\/yootheme\/cache\/3d\/restrictii-circulatie-3d87f9b1.webp 768w, \/wp-content\/uploads\/yootheme\/cache\/8e\/restrictii-circulatie-8e624632.webp 960w\" sizes=\"(min-width: 610px) 610px\" \/><\/a><\/p>\n<div class=\"el-meta uk-h6 uk-text-primary uk-margin-top uk-margin-remove-bottom\"><time datetime=\"2026-08-28T12:39:47+02:00\">28 august, 2026<\/time> | <a href=\"https:\/\/www.sursadevest.ro\/author\/petronela\/\">Sursa de Vest<\/a> | <a href=\"https:\/\/www.sursadevest.ro\/categorie\/stiri\/eveniment\/\" rel=\"tag\">Eveniment<\/a>, <a href=\"https:\/\/www.sursadevest.ro\/categorie\/stiri\/\" rel=\"tag\">\u0218tiri<\/a> | <a href=\"https:\/\/www.sursadevest.ro\/continua-reabilitarea-bulevardului-liviu-rebreanu-sunt-anuntate-noi-restrictii-de-circulatie\/#respond\">Niciun comentariu<span class=\"screen-reader-text\"> la Continu\u0103 reabilitarea bulevardului Liviu Rebreanu! Sunt anun\u021bate noi restric\u021bii de circula\u021bie<\/span><\/a><\/div>\n<h3 class=\"el-title uk-h4 uk-link-reset uk-margin-small-top uk-margin-remove-bottom\"><a href=\"https:\/\/www.sursadevest.ro\/continua-reabilitarea-bulevardului-liviu-rebreanu-sunt-anuntate-noi-restrictii-de-circulatie\/\">Continu\u0103 reabilitarea bulevardului Liviu Rebreanu! Sunt anun\u021bate noi restric\u021bii de circula\u021bie<\/a><\/h3>\n<div class=\"el-content uk-panel uk-margin-small-top\">\n<p>Continu\u0103 lucr\u0103rile de refacere a carosabilului pe bulevardul Liviu Rebreanu, cu interven\u021bii \u00een intersec\u021bia cu bulevardul Constantin Br\u00e2ncoveanu. Lucr\u0103rile sunt realizate de Societatea Drumuri Municipale (SDM) \u0219i presupun restric\u021bii etapizate de circula\u021bie p\u00e2n\u0103 \u00een 6 septembrie. Astfel, p\u00e2n\u0103 la data de 3 septembrie, circula\u021bia rutier\u0103 va fi \u00eenchis\u0103 pe bulevardul Liviu Rebreanu, pe tronsonul cuprins [\u2026]<\/p>\n<\/div>\n<div class=\"uk-margin-top\"><a href=\"https:\/\/www.sursadevest.ro\/continua-reabilitarea-bulevardului-liviu-rebreanu-sunt-anuntate-noi-restrictii-de-circulatie\/\" class=\"el-link uk-button uk-button-text\">Vezi detalii<\/a><\/div>\n<\/div>\n<\/div>\n<div>\n<div class=\"el-item uk-panel uk-margin-remove-first-child\"><a href=\"https:\/\/www.sursadevest.ro\/doliu-in-jurnalismul-romanesc-brindusa-armanca-s-a-stins-din-viata\/\"><img decoding=\"async\" class=\"el-image uk-border-rounded\" src=\"https:\/\/www.sursadevest.ro\/wp-content\/uploads\/2026\/08\/brandusa-armanca.gif\" alt=\"Older woman with short light hair and glasses, wearing a pearl necklace, holds a framed diploma outdoors beside a graffiti-covered wall.\" loading=\"lazy\" width=\"610\" height=\"339\"><\/a><\/p>\n<div class=\"el-meta uk-h6 uk-text-primary uk-margin-top uk-margin-remove-bottom\"><time datetime=\"2026-08-28T12:22:21+02:00\">28 august, 2026<\/time> | <a href=\"https:\/\/www.sursadevest.ro\/author\/petronela\/\">Sursa de Vest<\/a> | <a href=\"https:\/\/www.sursadevest.ro\/categorie\/stiri\/eveniment\/\" rel=\"tag\">Eveniment<\/a>, <a href=\"https:\/\/www.sursadevest.ro\/categorie\/stiri\/social\/\" rel=\"tag\">Social<\/a>, <a href=\"https:\/\/www.sursadevest.ro\/categorie\/stiri\/\" rel=\"tag\">\u0218tiri<\/a> | <a href=\"https:\/\/www.sursadevest.ro\/doliu-in-jurnalismul-romanesc-brindusa-armanca-s-a-stins-din-viata\/#respond\">Niciun comentariu<span class=\"screen-reader-text\"> la Doliu \u00een jurnalismul rom\u00e2nesc! Br\u00eendu\u0219a Armanca s-a stins din via\u021b\u0103<\/span><\/a><\/div>\n<h3 class=\"el-title uk-h4 uk-link-reset uk-margin-small-top uk-margin-remove-bottom\"><a href=\"https:\/\/www.sursadevest.ro\/doliu-in-jurnalismul-romanesc-brindusa-armanca-s-a-stins-din-viata\/\">Doliu \u00een jurnalismul rom\u00e2nesc! Br\u00eendu\u0219a Armanca s-a stins din via\u021b\u0103<\/a><\/h3>\n<div class=\"el-content uk-panel uk-margin-small-top\">\n<p>Jurnalista Br\u00eendu\u0219a Armanca a \u00eencetat din via\u021b\u0103. Fost\u0103 directoare a TVR Timi\u0219oara, profesor universitar \u0219i una dintre vocile cunoscute ale presei timi\u0219orene \u0219i rom\u00e2ne\u0219ti, s-a stins la v\u00e2rsta de 72 de ani.<\/p>\n<\/div>\n<div class=\"uk-margin-top\"><a href=\"https:\/\/www.sursadevest.ro\/doliu-in-jurnalismul-romanesc-brindusa-armanca-s-a-stins-din-viata\/\" class=\"el-link uk-button uk-button-text\">Vezi detalii<\/a><\/div>\n<\/div>\n<\/div>\n<div>\n<div class=\"el-item uk-panel uk-margin-remove-first-child\"><a href=\"https:\/\/www.sursadevest.ro\/video-cu-tirul-la-aruncat-de-gunoaie-un-barbat-a-abandonat-pe-camp-piese-din-masini-dezmembrate-si-a-ajuns-pe-mana-politistilor\/\"><img decoding=\"async\" class=\"el-image uk-border-rounded\" src=\"https:\/\/www.sursadevest.ro\/wp-content\/uploads\/2026\/08\/gunoi-abandonat.gif\" alt=\"Aerial view of a long pile of body bags along a dirt path in a forest, with police cars nearby and the Romanian Police emblem visible in the corner.\" loading=\"lazy\" width=\"610\" height=\"339\"><\/a><\/p>\n<div class=\"el-meta uk-h6 uk-text-primary uk-margin-top uk-margin-remove-bottom\"><time datetime=\"2026-08-28T11:29:58+02:00\">28 august, 2026<\/time> | <a href=\"https:\/\/www.sursadevest.ro\/author\/petronela\/\">Sursa de Vest<\/a> | <a href=\"https:\/\/www.sursadevest.ro\/categorie\/stiri\/eveniment\/\" rel=\"tag\">Eveniment<\/a>, <a href=\"https:\/\/www.sursadevest.ro\/categorie\/stiri\/\" rel=\"tag\">\u0218tiri<\/a> | <a href=\"https:\/\/www.sursadevest.ro\/video-cu-tirul-la-aruncat-de-gunoaie-un-barbat-a-abandonat-pe-camp-piese-din-masini-dezmembrate-si-a-ajuns-pe-mana-politistilor\/#respond\">Niciun comentariu<span class=\"screen-reader-text\"> la VIDEO: Cu tirul, la aruncat de gunoaie! Un b\u0103rbat a  abandonat pe c\u00e2mp piese din ma\u0219ini dezmembrate \u0219i a ajuns pe m\u00e2na poli\u021bi\u0219tilor<\/span><\/a><\/div>\n<h3 class=\"el-title uk-h4 uk-link-reset uk-margin-small-top uk-margin-remove-bottom\"><a href=\"https:\/\/www.sursadevest.ro\/video-cu-tirul-la-aruncat-de-gunoaie-un-barbat-a-abandonat-pe-camp-piese-din-masini-dezmembrate-si-a-ajuns-pe-mana-politistilor\/\">VIDEO: Cu tirul, la aruncat de gunoaie! Un b\u0103rbat a  abandonat pe c\u00e2mp piese din ma\u0219ini dezmembrate \u0219i a ajuns pe m\u00e2na poli\u021bi\u0219tilor<\/a><\/h3>\n<div class=\"el-content uk-panel uk-margin-small-top\">\n<p>Un b\u0103rbat a ajuns \u00een vizorul poli\u021bi\u0219tilor, dup\u0103 ce a abandonat mai multe de\u0219euri periculoase pe un teren din apropierea unei foste balastiere.<\/p>\n<\/div>\n<div class=\"uk-margin-top\"><a href=\"https:\/\/www.sursadevest.ro\/video-cu-tirul-la-aruncat-de-gunoaie-un-barbat-a-abandonat-pe-camp-piese-din-masini-dezmembrate-si-a-ajuns-pe-mana-politistilor\/\" class=\"el-link uk-button uk-button-text\">Vezi detalii<\/a><\/div>\n<\/div>\n<\/div>\n<div>\n<div class=\"el-item uk-panel uk-margin-remove-first-child\"><a href=\"https:\/\/www.sursadevest.ro\/restrictii-de-circulatie-in-zona-centrala-a-timisoarei-pentru-desfasurarea-campionatului-national-de-super-rally\/\"><source type=\"image\/webp\" srcset=\"\/wp-content\/uploads\/yootheme\/cache\/d6\/restrictii-d6754793.webp 610w, \/wp-content\/uploads\/yootheme\/cache\/6a\/restrictii-6a7aabd0.webp 800w\" sizes=\"(min-width: 610px) 610px\" \/><\/a><\/p>\n<div class=\"el-meta uk-h6 uk-text-primary uk-margin-top uk-margin-remove-bottom\"><time datetime=\"2026-08-28T09:57:50+02:00\">28 august, 2026<\/time> | <a href=\"https:\/\/www.sursadevest.ro\/author\/petronela\/\">Sursa de Vest<\/a> | <a href=\"https:\/\/www.sursadevest.ro\/categorie\/stiri\/eveniment\/\" rel=\"tag\">Eveniment<\/a>, <a href=\"https:\/\/www.sursadevest.ro\/categorie\/stiri\/\" rel=\"tag\">\u0218tiri<\/a> | <a href=\"https:\/\/www.sursadevest.ro\/restrictii-de-circulatie-in-zona-centrala-a-timisoarei-pentru-desfasurarea-campionatului-national-de-super-rally\/#respond\">Niciun comentariu<span class=\"screen-reader-text\"> la Restric\u021bii de circula\u021bie, \u00een zona central\u0103 a Timi\u0219oarei, pentru desf\u0103\u0219urarea Campionatului Na\u021bional de Super Rally<\/span><\/a><\/div>\n<h3 class=\"el-title uk-h4 uk-link-reset uk-margin-small-top uk-margin-remove-bottom\"><a href=\"https:\/\/www.sursadevest.ro\/restrictii-de-circulatie-in-zona-centrala-a-timisoarei-pentru-desfasurarea-campionatului-national-de-super-rally\/\">Restric\u021bii de circula\u021bie, \u00een zona central\u0103 a Timi\u0219oarei, pentru desf\u0103\u0219urarea Campionatului Na\u021bional de Super Rally<\/a><\/h3>\n<div class=\"el-content uk-panel uk-margin-small-top\">\n<p>\u0218oferii sunt sf\u0103tui\u021bi s\u0103 evite, pe c\u00e2t posibil, zona central\u0103 a Timi\u0219oarei, \u00een acest sf\u00e2r\u0219it de s\u0103pt\u0103m\u00e2n\u0103. \u00cencep\u00e2nd de ast\u0103zi, p\u00e2n\u0103 duminic\u0103 inclusiv, se desf\u0103\u0219oar\u0103 Campionatul Na\u021bional de Super Rally, motiv pentru care sunt instituite restric\u021bii de circula\u021bie.<\/p>\n<\/div>\n<div class=\"uk-margin-top\"><a href=\"https:\/\/www.sursadevest.ro\/restrictii-de-circulatie-in-zona-centrala-a-timisoarei-pentru-desfasurarea-campionatului-national-de-super-rally\/\" class=\"el-link uk-button uk-button-text\">Vezi detalii<\/a><\/div>\n<\/div>\n<\/div>\n<div>\n<div class=\"el-item uk-panel uk-margin-remove-first-child\"><a href=\"https:\/\/www.sursadevest.ro\/foto-se-restaureaza-acoperisurile-mai-multor-constructii-traditionale-de-la-muzeul-satului-banatean-investitia-se-ridica-la-700-de-mii-de-lei\/\"><img decoding=\"async\" class=\"el-image uk-border-rounded\" src=\"https:\/\/www.sursadevest.ro\/wp-content\/uploads\/2026\/08\/muzeul-satului3.gif\" alt=\"Workers repair a thatched roof atop a white cottage, using ladders and scaffolding outdoors.\" loading=\"lazy\" width=\"610\" height=\"339\"><\/a><\/p>\n<div class=\"el-meta uk-h6 uk-text-primary uk-margin-top uk-margin-remove-bottom\"><time datetime=\"2026-08-28T09:49:31+02:00\">28 august, 2026<\/time> | <a href=\"https:\/\/www.sursadevest.ro\/author\/petronela\/\">Sursa de Vest<\/a> | <a href=\"https:\/\/www.sursadevest.ro\/categorie\/stiri\/eveniment\/\" rel=\"tag\">Eveniment<\/a>, <a href=\"https:\/\/www.sursadevest.ro\/categorie\/stiri\/\" rel=\"tag\">\u0218tiri<\/a> | <a href=\"https:\/\/www.sursadevest.ro\/foto-se-restaureaza-acoperisurile-mai-multor-constructii-traditionale-de-la-muzeul-satului-banatean-investitia-se-ridica-la-700-de-mii-de-lei\/#respond\">Niciun comentariu<span class=\"screen-reader-text\"> la FOTO: Se restaureaz\u0103 acoperi\u0219urile mai multor construc\u021bii tradi\u021bionale de la Muzeul Satului B\u0103n\u0103\u021bean! Investi\u021bia se ridic\u0103 la 700 de mii de lei<\/span><\/a><\/div>\n<h3 class=\"el-title uk-h4 uk-link-reset uk-margin-small-top uk-margin-remove-bottom\"><a href=\"https:\/\/www.sursadevest.ro\/foto-se-restaureaza-acoperisurile-mai-multor-constructii-traditionale-de-la-muzeul-satului-banatean-investitia-se-ridica-la-700-de-mii-de-lei\/\">FOTO: Se restaureaz\u0103 acoperi\u0219urile mai multor construc\u021bii tradi\u021bionale de la Muzeul Satului B\u0103n\u0103\u021bean! Investi\u021bia se ridic\u0103 la 700 de mii de lei<\/a><\/h3>\n<div class=\"el-content uk-panel uk-margin-small-top\">\n<p>La Muzeul Satului B\u0103n\u0103\u021bean din Timi\u0219oara sunt \u00een desf\u0103\u0219urare lucr\u0103ri de restaurare a mai multor obiective din circuitul de vizitare.<\/p>\n<\/div>\n<div class=\"uk-margin-top\"><a href=\"https:\/\/www.sursadevest.ro\/foto-se-restaureaza-acoperisurile-mai-multor-constructii-traditionale-de-la-muzeul-satului-banatean-investitia-se-ridica-la-700-de-mii-de-lei\/\" class=\"el-link uk-button uk-button-text\">Vezi detalii<\/a><\/div>\n<\/div>\n<\/div>\n<div>\n<div class=\"el-item uk-panel uk-margin-remove-first-child\"><a href=\"https:\/\/www.sursadevest.ro\/accident-cumplit-in-zorii-zilei-un-tanar-a-murit-si-alti-doi-au-fost-raniti-dupa-ce-masina-in-care-se-aflau-a-intrat-in-plin-intr-un-zid-din-beton\/\"><source type=\"image\/webp\" srcset=\"\/wp-content\/uploads\/yootheme\/cache\/08\/pacient-in-ambulanta-083402a1.webp 610w, \/wp-content\/uploads\/yootheme\/cache\/e3\/pacient-in-ambulanta-e3ced5dd.webp 768w, \/wp-content\/uploads\/yootheme\/cache\/fe\/pacient-in-ambulanta-fe65ae23.webp 900w\" sizes=\"(min-width: 610px) 610px\" \/><\/a><\/p>\n<div class=\"el-meta uk-h6 uk-text-primary uk-margin-top uk-margin-remove-bottom\"><time datetime=\"2026-08-28T09:05:50+02:00\">28 august, 2026<\/time> | <a href=\"https:\/\/www.sursadevest.ro\/author\/petronela\/\">Sursa de Vest<\/a> | <a href=\"https:\/\/www.sursadevest.ro\/categorie\/stiri\/eveniment\/\" rel=\"tag\">Eveniment<\/a>, <a href=\"https:\/\/www.sursadevest.ro\/categorie\/stiri\/\" rel=\"tag\">\u0218tiri<\/a> | <a href=\"https:\/\/www.sursadevest.ro\/accident-cumplit-in-zorii-zilei-un-tanar-a-murit-si-alti-doi-au-fost-raniti-dupa-ce-masina-in-care-se-aflau-a-intrat-in-plin-intr-un-zid-din-beton\/#respond\">Niciun comentariu<span class=\"screen-reader-text\"> la Accident cumplit, \u00een zorii zilei! Un t\u00e2n\u0103r a murit \u0219i al\u021bi doi au fost r\u0103ni\u021bi, dup\u0103 ce ma\u0219ina \u00een care se aflau a intrat \u00een plin \u00eentr-un zid din beton<\/span><\/a><\/div>\n<h3 class=\"el-title uk-h4 uk-link-reset uk-margin-small-top uk-margin-remove-bottom\"><a href=\"https:\/\/www.sursadevest.ro\/accident-cumplit-in-zorii-zilei-un-tanar-a-murit-si-alti-doi-au-fost-raniti-dupa-ce-masina-in-care-se-aflau-a-intrat-in-plin-intr-un-zid-din-beton\/\">Accident cumplit, \u00een zorii zilei! Un t\u00e2n\u0103r a murit \u0219i al\u021bi doi au fost r\u0103ni\u021bi, dup\u0103 ce ma\u0219ina \u00een care se aflau a intrat \u00een plin \u00eentr-un zid din beton<\/a><\/h3>\n<div class=\"el-content uk-panel uk-margin-small-top\">\n<p>O ma\u0219in\u0103 pierdut\u0103 de sub control s-a izbit puternic de un zid din beton.<\/p>\n<\/div>\n<div class=\"uk-margin-top\"><a href=\"https:\/\/www.sursadevest.ro\/accident-cumplit-in-zorii-zilei-un-tanar-a-murit-si-alti-doi-au-fost-raniti-dupa-ce-masina-in-care-se-aflau-a-intrat-in-plin-intr-un-zid-din-beton\/\" class=\"el-link uk-button uk-button-text\">Vezi detalii<\/a><\/div>\n<\/div>\n<\/div>\n<div>\n<div class=\"el-item uk-panel uk-margin-remove-first-child\"><a href=\"https:\/\/www.sursadevest.ro\/amenzi-pe-banda-rulanta-pentru-soferii-care-si-au-parcat-masinile-neregulamentar-care-sunt-zonele-din-oras-unde-au-fost-semnalate-frecvent-nereguli\/\"><img decoding=\"async\" class=\"el-image uk-border-rounded\" src=\"https:\/\/www.sursadevest.ro\/wp-content\/uploads\/2026\/08\/masina-ridicata.gif\" alt=\"Gray VW car being loaded onto a flatbed tow truck on a city street, with a man nearby.\" loading=\"lazy\" width=\"610\" height=\"339\"><\/a><\/p>\n<div class=\"el-meta uk-h6 uk-text-primary uk-margin-top uk-margin-remove-bottom\"><time datetime=\"2026-08-28T08:47:00+02:00\">28 august, 2026<\/time> | <a href=\"https:\/\/www.sursadevest.ro\/author\/petronela\/\">Sursa de Vest<\/a> | <a href=\"https:\/\/www.sursadevest.ro\/categorie\/stiri\/eveniment\/\" rel=\"tag\">Eveniment<\/a>, <a href=\"https:\/\/www.sursadevest.ro\/categorie\/stiri\/\" rel=\"tag\">\u0218tiri<\/a> | <a href=\"https:\/\/www.sursadevest.ro\/amenzi-pe-banda-rulanta-pentru-soferii-care-si-au-parcat-masinile-neregulamentar-care-sunt-zonele-din-oras-unde-au-fost-semnalate-frecvent-nereguli\/#respond\">Niciun comentariu<span class=\"screen-reader-text\"> la Amenzi pe band\u0103 rulant\u0103 pentru \u0219oferii care \u0219i-au parcat  ma\u0219inile neregulamentar! Care sunt zonele din ora\u0219 unde au fost semnalate frecvent nereguli?<\/span><\/a><\/div>\n<h3 class=\"el-title uk-h4 uk-link-reset uk-margin-small-top uk-margin-remove-bottom\"><a href=\"https:\/\/www.sursadevest.ro\/amenzi-pe-banda-rulanta-pentru-soferii-care-si-au-parcat-masinile-neregulamentar-care-sunt-zonele-din-oras-unde-au-fost-semnalate-frecvent-nereguli\/\">Amenzi pe band\u0103 rulant\u0103 pentru \u0219oferii care \u0219i-au parcat  ma\u0219inile neregulamentar! Care sunt zonele din ora\u0219 unde au fost semnalate frecvent nereguli?<\/a><\/h3>\n<div class=\"el-content uk-panel uk-margin-small-top\">\n<p>\u0218oferii care ignor\u0103 regulile \u0219i \u00ee\u0219i parcheaz\u0103 ma\u0219inile neregulamentar nu scap\u0103 nesanc\u021biona\u021bi.<\/p>\n<\/div>\n<div class=\"uk-margin-top\"><a href=\"https:\/\/www.sursadevest.ro\/amenzi-pe-banda-rulanta-pentru-soferii-care-si-au-parcat-masinile-neregulamentar-care-sunt-zonele-din-oras-unde-au-fost-semnalate-frecvent-nereguli\/\" class=\"el-link uk-button uk-button-text\">Vezi detalii<\/a><\/div>\n<\/div>\n<\/div>\n<div>\n<div class=\"el-item uk-panel uk-margin-remove-first-child\"><a href=\"https:\/\/www.sursadevest.ro\/pnrr-fonduri-pentru-romania-moderna-si-reformata-3\/\"><img decoding=\"async\" class=\"el-image uk-border-rounded\" src=\"https:\/\/www.sursadevest.ro\/wp-content\/uploads\/2026\/08\/pnrr-checea.gif\" alt=\"Formal press release header with EU and national logos, titled &apos;COMUNICAT DE PRES\u0102 FINALIZARE PROIECT&apos; about PNRR funds for modern Romania, reformat\u0103.\" loading=\"lazy\" width=\"610\" height=\"339\"><\/a><\/p>\n<div class=\"el-meta uk-h6 uk-text-primary uk-margin-top uk-margin-remove-bottom\"><time datetime=\"2026-08-27T13:16:15+02:00\">27 august, 2026<\/time> | <a href=\"https:\/\/www.sursadevest.ro\/author\/petronela\/\">Sursa de Vest<\/a> | <a href=\"https:\/\/www.sursadevest.ro\/categorie\/stiri\/administratie\/\" rel=\"tag\">Administra\u021bie<\/a>, <a href=\"https:\/\/www.sursadevest.ro\/categorie\/stiri\/\" rel=\"tag\">\u0218tiri<\/a> | <a href=\"https:\/\/www.sursadevest.ro\/pnrr-fonduri-pentru-romania-moderna-si-reformata-3\/#respond\">Niciun comentariu<span class=\"screen-reader-text\"> la \u201ePNRR: Fonduri pentru Rom\u00e2nia modern\u0103 \u0219i reformat\u0103!\u201d<\/span><\/a><\/div>\n<h3 class=\"el-title uk-h4 uk-link-reset uk-margin-small-top uk-margin-remove-bottom\"><a href=\"https:\/\/www.sursadevest.ro\/pnrr-fonduri-pentru-romania-moderna-si-reformata-3\/\">\u201ePNRR: Fonduri pentru Rom\u00e2nia modern\u0103 \u0219i reformat\u0103!\u201d<\/a><\/h3>\n<div class=\"el-content uk-panel uk-margin-small-top\">\n<p>Proiectul \u201eDezvoltarea infrastructurii de transport verde \u2013 Piste pentru biciclete \u00een Comuna Checea, jude\u021bul Timi\u0219\u201d, av\u00e2nd nr. C10-I1.4-428, finan\u021bat prin Planul Na\u021bional de Redresare \u0219i Rezilien\u021b\u0103, Componenta 10 Fondul Local, Investi\u021bia I.1.4 \u2013 Asigurarea infrastructurii pentru transportul verde \u2013 piste pentru biciclete (\u0219i alte vehicule electrice u\u0219oare) la nivel local\/metropolitan, av\u00e2nd contract de finan\u021bare nr. [\u2026]<\/p>\n<\/div>\n<div class=\"uk-margin-top\"><a href=\"https:\/\/www.sursadevest.ro\/pnrr-fonduri-pentru-romania-moderna-si-reformata-3\/\" class=\"el-link uk-button uk-button-text\">Vezi detalii<\/a><\/div>\n<\/div>\n<\/div>\n<div>\n<div class=\"el-item uk-panel uk-margin-remove-first-child\"><a href=\"https:\/\/www.sursadevest.ro\/video-rampa-clandestina-de-gunoi-la-vedere-in-timisoara-garda-de-mediu-n-a-vazut-o-jurnalistii-au-gasit-in-deseuri-documente-ale-itm-timis\/\"><img decoding=\"async\" class=\"el-image uk-border-rounded\" src=\"https:\/\/www.sursadevest.ro\/wp-content\/uploads\/2026\/08\/rampa-ilegala-de-gunoi-la-colterm.gif\" alt=\"Two adults in business attire foreground\u2014a man on the left and a woman in the center\u2014overlaid on an industrial landscape with cooling towers, smokestacks, and storage facilities in the distance.\" loading=\"lazy\" width=\"610\" height=\"339\"><\/a><\/p>\n<div class=\"el-meta uk-h6 uk-text-primary uk-margin-top uk-margin-remove-bottom\"><time datetime=\"2026-08-27T12:31:13+02:00\">27 august, 2026<\/time> | <a href=\"https:\/\/www.sursadevest.ro\/author\/petronela\/\">Sursa de Vest<\/a> | <a href=\"https:\/\/www.sursadevest.ro\/categorie\/stiri\/administratie\/\" rel=\"tag\">Administra\u021bie<\/a>, <a href=\"https:\/\/www.sursadevest.ro\/categorie\/stiri\/eveniment\/\" rel=\"tag\">Eveniment<\/a>, <a href=\"https:\/\/www.sursadevest.ro\/categorie\/stiri\/\" rel=\"tag\">\u0218tiri<\/a>, <a href=\"https:\/\/www.sursadevest.ro\/categorie\/uncategorized\/\" rel=\"tag\">Uncategorized<\/a> | <a href=\"https:\/\/www.sursadevest.ro\/video-rampa-clandestina-de-gunoi-la-vedere-in-timisoara-garda-de-mediu-n-a-vazut-o-jurnalistii-au-gasit-in-deseuri-documente-ale-itm-timis\/#respond\">Niciun comentariu<span class=\"screen-reader-text\"> la Video: Ramp\u0103 clandestin\u0103 de gunoi, la vedere, \u00een Timi\u0219oara. Garda de Mediu n-a v\u0103zut-o, jurnali\u0219tii au g\u0103sit \u00een de\u0219euri documente ale ITM Timi\u0219<\/span><\/a><\/div>\n<h3 class=\"el-title uk-h4 uk-link-reset uk-margin-small-top uk-margin-remove-bottom\"><a href=\"https:\/\/www.sursadevest.ro\/video-rampa-clandestina-de-gunoi-la-vedere-in-timisoara-garda-de-mediu-n-a-vazut-o-jurnalistii-au-gasit-in-deseuri-documente-ale-itm-timis\/\">Video: Ramp\u0103 clandestin\u0103 de gunoi, la vedere, \u00een Timi\u0219oara. Garda de Mediu n-a v\u0103zut-o, jurnali\u0219tii au g\u0103sit \u00een de\u0219euri documente ale ITM Timi\u0219<\/a><\/h3>\n<div class=\"el-content uk-panel uk-margin-small-top\">\n<p>De c\u00e2teva luni, la doi pa\u0219i de terenul de fotbal Colterm din Calea \u0218agului, cre\u0219te \u00een voie \u00a0o ramp\u0103 clandestin\u0103 de de\u0219euri. \u0218i nu vorbim despre c\u00e2\u021biva saci arunca\u021bi la marginea drumului.<\/p>\n<\/div>\n<div class=\"uk-margin-top\"><a href=\"https:\/\/www.sursadevest.ro\/video-rampa-clandestina-de-gunoi-la-vedere-in-timisoara-garda-de-mediu-n-a-vazut-o-jurnalistii-au-gasit-in-deseuri-documente-ale-itm-timis\/\" class=\"el-link uk-button uk-button-text\">Vezi detalii<\/a><\/div>\n<\/div>\n<\/div>\n<div>\n<div class=\"el-item uk-panel uk-margin-remove-first-child\"><a href=\"https:\/\/www.sursadevest.ro\/timisoara-football-film-festival-revine-in-noiembrie-cu-o-noua-editie-cel-putin-15-filme-proiectii-si-invitati-din-tara-si-strainatate\/\"><source type=\"image\/webp\" srcset=\"\/wp-content\/uploads\/yootheme\/cache\/74\/fotbal-festival-tmff-749d6278.webp 610w, \/wp-content\/uploads\/yootheme\/cache\/3c\/fotbal-festival-tmff-3c0bfbb0.webp 768w, \/wp-content\/uploads\/yootheme\/cache\/01\/fotbal-festival-tmff-01b7a1c9.webp 972w\" sizes=\"(min-width: 610px) 610px\" \/><\/a><\/p>\n<div class=\"el-meta uk-h6 uk-text-primary uk-margin-top uk-margin-remove-bottom\"><time datetime=\"2026-08-27T12:24:15+02:00\">27 august, 2026<\/time> | <a href=\"https:\/\/www.sursadevest.ro\/author\/petronela\/\">Sursa de Vest<\/a> | <a href=\"https:\/\/www.sursadevest.ro\/categorie\/stiri\/eveniment\/\" rel=\"tag\">Eveniment<\/a>, <a href=\"https:\/\/www.sursadevest.ro\/categorie\/stiri\/sport\/\" rel=\"tag\">Sport<\/a>, <a href=\"https:\/\/www.sursadevest.ro\/categorie\/stiri\/\" rel=\"tag\">\u0218tiri<\/a> | <a href=\"https:\/\/www.sursadevest.ro\/timisoara-football-film-festival-revine-in-noiembrie-cu-o-noua-editie-cel-putin-15-filme-proiectii-si-invitati-din-tara-si-strainatate\/#respond\">Niciun comentariu<span class=\"screen-reader-text\"> la Timi\u0219oara Football Film Festival revine \u00een noiembrie cu o nou\u0103 edi\u021bie! Cel pu\u021bin 15 filme, proiec\u021bii \u0219i invita\u021bi din \u021bar\u0103 \u0219i str\u0103in\u0103tate<\/span><\/a><\/div>\n<h3 class=\"el-title uk-h4 uk-link-reset uk-margin-small-top uk-margin-remove-bottom\"><a href=\"https:\/\/www.sursadevest.ro\/timisoara-football-film-festival-revine-in-noiembrie-cu-o-noua-editie-cel-putin-15-filme-proiectii-si-invitati-din-tara-si-strainatate\/\">Timi\u0219oara Football Film Festival revine \u00een noiembrie cu o nou\u0103 edi\u021bie! Cel pu\u021bin 15 filme, proiec\u021bii \u0219i invita\u021bi din \u021bar\u0103 \u0219i str\u0103in\u0103tate<\/a><\/h3>\n<div class=\"el-content uk-panel uk-margin-small-top\">\n<p>Timi\u0219oara se preg\u0103te\u0219te pentru cea de-a doua edi\u021bie a Timi\u0219oara Football Film Festival (TMFF), eveniment dedicat \u00eent\u00e2lnirii dintre cinematografie \u0219i fotbal.<\/p>\n<\/div>\n<div class=\"uk-margin-top\"><a href=\"https:\/\/www.sursadevest.ro\/timisoara-football-film-festival-revine-in-noiembrie-cu-o-noua-editie-cel-putin-15-filme-proiectii-si-invitati-din-tara-si-strainatate\/\" class=\"el-link uk-button uk-button-text\">Vezi detalii<\/a><\/div>\n<\/div>\n<\/div>\n<div>\n<div class=\"el-item uk-panel uk-margin-remove-first-child\"><a href=\"https:\/\/www.sursadevest.ro\/tanara-atacata-pe-strada-de-un-individ-barbatul-a-incercat-sa-o-violeze\/\"><source type=\"image\/webp\" srcset=\"\/wp-content\/uploads\/yootheme\/cache\/e9\/arestat-e91e362d.webp 610w, \/wp-content\/uploads\/yootheme\/cache\/1a\/arestat-1a1a4fea.webp 768w, \/wp-content\/uploads\/yootheme\/cache\/96\/arestat-9669ee39.webp 900w\" sizes=\"(min-width: 610px) 610px\" \/><\/a><\/p>\n<div class=\"el-meta uk-h6 uk-text-primary uk-margin-top uk-margin-remove-bottom\"><time datetime=\"2026-08-27T12:22:41+02:00\">27 august, 2026<\/time> | <a href=\"https:\/\/www.sursadevest.ro\/author\/petronela\/\">Sursa de Vest<\/a> | <a href=\"https:\/\/www.sursadevest.ro\/categorie\/stiri\/eveniment\/\" rel=\"tag\">Eveniment<\/a>, <a href=\"https:\/\/www.sursadevest.ro\/categorie\/stiri\/\" rel=\"tag\">\u0218tiri<\/a> | <a href=\"https:\/\/www.sursadevest.ro\/tanara-atacata-pe-strada-de-un-individ-barbatul-a-incercat-sa-o-violeze\/#respond\">Niciun comentariu<span class=\"screen-reader-text\"> la T\u00e2n\u0103r\u0103 atacat\u0103 pe strad\u0103 de un individ! B\u0103rbatul a \u00eencercat s\u0103 o violeze<\/span><\/a><\/div>\n<h3 class=\"el-title uk-h4 uk-link-reset uk-margin-small-top uk-margin-remove-bottom\"><a href=\"https:\/\/www.sursadevest.ro\/tanara-atacata-pe-strada-de-un-individ-barbatul-a-incercat-sa-o-violeze\/\">T\u00e2n\u0103r\u0103 atacat\u0103 pe strad\u0103 de un individ! B\u0103rbatul a \u00eencercat s\u0103 o violeze<\/a><\/h3>\n<div class=\"el-content uk-panel uk-margin-small-top\">\n<p>O t\u00e2n\u0103r\u0103 de 18 ani a tr\u0103it clipe de co\u0219mar, c\u00e2nd a fost atacat\u0103 din senin de un individ.<\/p>\n<\/div>\n<div class=\"uk-margin-top\"><a href=\"https:\/\/www.sursadevest.ro\/tanara-atacata-pe-strada-de-un-individ-barbatul-a-incercat-sa-o-violeze\/\" class=\"el-link uk-button uk-button-text\">Vezi detalii<\/a><\/div>\n<\/div>\n<\/div>\n<div>\n<div class=\"el-item uk-panel uk-margin-remove-first-child\"><a href=\"https:\/\/www.sursadevest.ro\/video-furau-cabluri-cfr-le-ardeau-iar-reziduurile-le-ingropau-sau-le-aruncau-in-rau-grup-infractional-destructurat-de-politistii-de-la-transporturi-opt-persoane-audiate\/\"><img decoding=\"async\" class=\"el-image uk-border-rounded\" src=\"https:\/\/www.sursadevest.ro\/wp-content\/uploads\/2026\/08\/furt-cfr.gif\" alt=\"Person bending over and digging a hole in a gravel area with scattered debris and blue crates nearby.\" loading=\"lazy\" width=\"610\" height=\"339\"><\/a><\/p>\n<div class=\"el-meta uk-h6 uk-text-primary uk-margin-top uk-margin-remove-bottom\"><time datetime=\"2026-08-27T11:19:17+02:00\">27 august, 2026<\/time> | <a href=\"https:\/\/www.sursadevest.ro\/author\/petronela\/\">Sursa de Vest<\/a> | <a href=\"https:\/\/www.sursadevest.ro\/categorie\/stiri\/eveniment\/\" rel=\"tag\">Eveniment<\/a>, <a href=\"https:\/\/www.sursadevest.ro\/categorie\/stiri\/\" rel=\"tag\">\u0218tiri<\/a> | <a href=\"https:\/\/www.sursadevest.ro\/video-furau-cabluri-cfr-le-ardeau-iar-reziduurile-le-ingropau-sau-le-aruncau-in-rau-grup-infractional-destructurat-de-politistii-de-la-transporturi-opt-persoane-audiate\/#respond\">Niciun comentariu<span class=\"screen-reader-text\"> la VIDEO: Furau cabluri CFR, le ardeau, iar reziduurile le \u00eengropau sau le aruncau \u00een r\u00e2u! Grup infrac\u021bional, destructurat de poli\u021bi\u0219tii de la Transporturi! Opt persoane, audiate<\/span><\/a><\/div>\n<h3 class=\"el-title uk-h4 uk-link-reset uk-margin-small-top uk-margin-remove-bottom\"><a href=\"https:\/\/www.sursadevest.ro\/video-furau-cabluri-cfr-le-ardeau-iar-reziduurile-le-ingropau-sau-le-aruncau-in-rau-grup-infractional-destructurat-de-politistii-de-la-transporturi-opt-persoane-audiate\/\">VIDEO: Furau cabluri CFR, le ardeau, iar reziduurile le \u00eengropau sau le aruncau \u00een r\u00e2u! Grup infrac\u021bional, destructurat de poli\u021bi\u0219tii de la Transporturi! Opt persoane, audiate<\/a><\/h3>\n<div class=\"el-content uk-panel uk-margin-small-top\">\n<p>Peste 20 de perchezi\u021bii au avut loc \u00een aceast\u0103 diminea\u021b\u0103, \u00een mai multe jude\u021be din \u021bar\u0103, pentru destructurarea unei re\u021bele infrac\u021bionale acuzate de infrac\u021biuni de furt, \u00een form\u0103 continuat\u0103, infrac\u021biuni privind regimul de\u0219eurilor, t\u0103inuire \u0219i fals \u00een \u00eenscrisuri sub semn\u0103tur\u0103 privat\u0103.<\/p>\n<\/div>\n<div class=\"uk-margin-top\"><a href=\"https:\/\/www.sursadevest.ro\/video-furau-cabluri-cfr-le-ardeau-iar-reziduurile-le-ingropau-sau-le-aruncau-in-rau-grup-infractional-destructurat-de-politistii-de-la-transporturi-opt-persoane-audiate\/\" class=\"el-link uk-button uk-button-text\">Vezi detalii<\/a><\/div>\n<\/div>\n<\/div>\n<div>\n<div class=\"el-item uk-panel uk-margin-remove-first-child\"><a href=\"https:\/\/www.sursadevest.ro\/interventii-ale-echipelor-horticultura-in-parcurile-din-timisoara\/\"><img decoding=\"async\" class=\"el-image uk-border-rounded\" src=\"https:\/\/www.sursadevest.ro\/wp-content\/uploads\/2026\/08\/parcul-regina-maria3.gif\" alt=\"White wooden archway walkway in a park with lattice structures along a paved path.\" loading=\"lazy\" width=\"610\" height=\"339\"><\/a><\/p>\n<div class=\"el-meta uk-h6 uk-text-primary uk-margin-top uk-margin-remove-bottom\"><time datetime=\"2026-08-27T10:31:15+02:00\">27 august, 2026<\/time> | <a href=\"https:\/\/www.sursadevest.ro\/author\/petronela\/\">Sursa de Vest<\/a> | <a href=\"https:\/\/www.sursadevest.ro\/categorie\/stiri\/eveniment\/\" rel=\"tag\">Eveniment<\/a>, <a href=\"https:\/\/www.sursadevest.ro\/categorie\/stiri\/\" rel=\"tag\">\u0218tiri<\/a> | <a href=\"https:\/\/www.sursadevest.ro\/interventii-ale-echipelor-horticultura-in-parcurile-din-timisoara\/#respond\">Niciun comentariu<span class=\"screen-reader-text\"> la Interven\u021bii ale echipelor Horticultura \u00een parcurile din Timi\u0219oara<\/span><\/a><\/div>\n<h3 class=\"el-title uk-h4 uk-link-reset uk-margin-small-top uk-margin-remove-bottom\"><a href=\"https:\/\/www.sursadevest.ro\/interventii-ale-echipelor-horticultura-in-parcurile-din-timisoara\/\">Interven\u021bii ale echipelor Horticultura \u00een parcurile din Timi\u0219oara<\/a><\/h3>\n<div class=\"el-content uk-panel uk-margin-small-top\">\n<p>Societatea Horticultura a desf\u0103\u0219urat lucr\u0103ri de reabilitare \u0219i \u00eentre\u021binere \u00een mai multe parcuri din Timi\u0219oara.<\/p>\n<\/div>\n<div class=\"uk-margin-top\"><a href=\"https:\/\/www.sursadevest.ro\/interventii-ale-echipelor-horticultura-in-parcurile-din-timisoara\/\" class=\"el-link uk-button uk-button-text\">Vezi detalii<\/a><\/div>\n<\/div>\n<\/div>\n<div>\n<div class=\"el-item uk-panel uk-margin-remove-first-child\"><a href=\"https:\/\/www.sursadevest.ro\/spitalul-municipal-timisoara-reactioneaza-dupa-descinderile-dna\/\"><source type=\"image\/webp\" srcset=\"\/wp-content\/uploads\/yootheme\/cache\/84\/spitalul-municipal-84349ecc.webp 658w\" sizes=\"(min-width: 610px) 610px\" \/><\/a><\/p>\n<div class=\"el-meta uk-h6 uk-text-primary uk-margin-top uk-margin-remove-bottom\"><time datetime=\"2026-08-27T09:29:53+02:00\">27 august, 2026<\/time> | <a href=\"https:\/\/www.sursadevest.ro\/author\/petronela\/\">Sursa de Vest<\/a> | <a href=\"https:\/\/www.sursadevest.ro\/categorie\/stiri\/eveniment\/\" rel=\"tag\">Eveniment<\/a>, <a href=\"https:\/\/www.sursadevest.ro\/categorie\/stiri\/sanatate\/\" rel=\"tag\">S\u0103n\u0103tate<\/a>, <a href=\"https:\/\/www.sursadevest.ro\/categorie\/stiri\/\" rel=\"tag\">\u0218tiri<\/a> | <a href=\"https:\/\/www.sursadevest.ro\/spitalul-municipal-timisoara-reactioneaza-dupa-descinderile-dna\/#respond\">Niciun comentariu<span class=\"screen-reader-text\"> la Spitalul Municipal Timi\u0219oara reac\u021bioneaz\u0103 dup\u0103 descinderile DNA!<\/span><\/a><\/div>\n<h3 class=\"el-title uk-h4 uk-link-reset uk-margin-small-top uk-margin-remove-bottom\"><a href=\"https:\/\/www.sursadevest.ro\/spitalul-municipal-timisoara-reactioneaza-dupa-descinderile-dna\/\">Spitalul Municipal Timi\u0219oara reac\u021bioneaz\u0103 dup\u0103 descinderile DNA!<\/a><\/h3>\n<div class=\"el-content uk-panel uk-margin-small-top\">\n<p>\u00cen urma perchezi\u021biilor efectuate de DNA la sediul Spitalului Municipal Timi\u0219oara, reprezentan\u021bii unit\u0103\u021bii medicale fac o serie de preciz\u0103ri.<\/p>\n<\/div>\n<div class=\"uk-margin-top\"><a href=\"https:\/\/www.sursadevest.ro\/spitalul-municipal-timisoara-reactioneaza-dupa-descinderile-dna\/\" class=\"el-link uk-button uk-button-text\">Vezi detalii<\/a><\/div>\n<\/div>\n<\/div>\n<\/div>\n<\/div>\n<\/div>\n<div class=\"uk-width-1-3@m\">\n<h2 class=\"uk-h4\">\n<p>                    Alte articole        <\/p>\n<\/h2>\n<div class=\"uk-margin\">\n<div class=\"uk-grid uk-child-width-1-1 uk-child-width-1-2@s uk-child-width-1-1@m uk-grid-small uk-grid-divider uk-grid-match\">\n<div>\n<div class=\"el-item uk-panel\">\n<div class=\"uk-grid-column-small\">\n<div class=\"uk-width-auto\"><a href=\"https:\/\/www.sursadevest.ro\/este-oficial-fritz-trebuie-sa-plece-din-functia-de-primar-prima-reactie-pe-care-a-avut-o-dupa-promulgarea-legii-care-ii-intrerupe-mandatul\/\"><img decoding=\"async\" class=\"el-image\" src=\"https:\/\/www.sursadevest.ro\/wp-content\/uploads\/2026\/05\/dominic-fritz-1.gif\" alt=\"Man with glasses being filmed indoors, camera operator in foreground and flags visible in the background, giving an interview vibe.\" loading=\"lazy\" width=\"75\" height=\"75\"><\/a><\/div>\n<div class=\"uk-width-expand uk-margin-remove-first-child\">\n<div class=\"el-meta uk-h6 uk-text-primary uk-margin-top uk-margin-remove-bottom\">28 august, 2026<\/div>\n<h3 class=\"el-title uk-h5 uk-link-reset uk-margin-remove-top uk-margin-remove-bottom\"><a href=\"https:\/\/www.sursadevest.ro\/este-oficial-fritz-trebuie-sa-plece-din-functia-de-primar-prima-reactie-pe-care-a-avut-o-dupa-promulgarea-legii-care-ii-intrerupe-mandatul\/\">Este oficial! Fritz trebuie s\u0103 plece din func\u021bia de primar! Prima reac\u021bie pe care a avut-o dup\u0103 promulgarea legii care \u00eei \u00eentrerupe mandatul<\/a><\/h3>\n<div class=\"uk-margin-small-top\"><a href=\"https:\/\/www.sursadevest.ro\/este-oficial-fritz-trebuie-sa-plece-din-functia-de-primar-prima-reactie-pe-care-a-avut-o-dupa-promulgarea-legii-care-ii-intrerupe-mandatul\/\" class=\"el-link uk-button uk-button-text\">Vezi detalii<\/a><\/div>\n<\/div>\n<\/div>\n<\/div>\n<\/div>\n<div>\n<div class=\"el-item uk-panel\">\n<div class=\"uk-grid-column-small\">\n<div class=\"uk-width-auto\"><a href=\"https:\/\/www.sursadevest.ro\/accident-pe-dn-68a-intre-cosava-si-margina-trei-masini-au-fost-implicate\/\"><source type=\"image\/webp\" srcset=\"\/wp-content\/uploads\/yootheme\/cache\/df\/ambulanta-dfbda3bd.webp 150w\" sizes=\"(min-width: 75px) 75px\" \/><\/a><\/div>\n<div class=\"uk-width-expand uk-margin-remove-first-child\">\n<div class=\"el-meta uk-h6 uk-text-primary uk-margin-top uk-margin-remove-bottom\">28 august, 2026<\/div>\n<h3 class=\"el-title uk-h5 uk-link-reset uk-margin-remove-top uk-margin-remove-bottom\"><a href=\"https:\/\/www.sursadevest.ro\/accident-pe-dn-68a-intre-cosava-si-margina-trei-masini-au-fost-implicate\/\">Accident pe DN 68A, \u00eentre Co\u0219ava \u0219i Margina! Trei ma\u0219ini au fost implicate<\/a><\/h3>\n<div class=\"uk-margin-small-top\"><a href=\"https:\/\/www.sursadevest.ro\/accident-pe-dn-68a-intre-cosava-si-margina-trei-masini-au-fost-implicate\/\" class=\"el-link uk-button uk-button-text\">Vezi detalii<\/a><\/div>\n<\/div>\n<\/div>\n<\/div>\n<\/div>\n<div>\n<div class=\"el-item uk-panel\">\n<div class=\"uk-grid-column-small\">\n<div class=\"uk-width-auto\"><a href=\"https:\/\/www.sursadevest.ro\/zborurile-charter-timisoara-hurghada-mutate-temporar-la-arad-din-cauza-lucrarilor-programate-la-pista-aeroportului-din-timisoara\/\"><source type=\"image\/webp\" srcset=\"\/wp-content\/uploads\/yootheme\/cache\/a3\/avion-pista-a3935938.webp 150w\" sizes=\"(min-width: 75px) 75px\" \/><\/a><\/div>\n<div class=\"uk-width-expand uk-margin-remove-first-child\">\n<div class=\"el-meta uk-h6 uk-text-primary uk-margin-top uk-margin-remove-bottom\">28 august, 2026<\/div>\n<h3 class=\"el-title uk-h5 uk-link-reset uk-margin-remove-top uk-margin-remove-bottom\"><a href=\"https:\/\/www.sursadevest.ro\/zborurile-charter-timisoara-hurghada-mutate-temporar-la-arad-din-cauza-lucrarilor-programate-la-pista-aeroportului-din-timisoara\/\">Zborurile charter Timi\u0219oara \u2013 Hurghada, mutate temporar la Arad, din cauza lucr\u0103rilor programate la pista aeroportului din Timi\u0219oara!<\/a><\/h3>\n<div class=\"uk-margin-small-top\"><a href=\"https:\/\/www.sursadevest.ro\/zborurile-charter-timisoara-hurghada-mutate-temporar-la-arad-din-cauza-lucrarilor-programate-la-pista-aeroportului-din-timisoara\/\" class=\"el-link uk-button uk-button-text\">Vezi detalii<\/a><\/div>\n<\/div>\n<\/div>\n<\/div>\n<\/div>\n<div>\n<div class=\"el-item uk-panel\">\n<div class=\"uk-grid-column-small\">\n<div class=\"uk-width-auto\"><a href=\"https:\/\/www.sursadevest.ro\/pompierii-romani-continua-lupta-cu-incendiile-din-serbia-modulul-de-interventie-a-fost-relocat-in-rezervatia-deliblata-sands\/\"><source type=\"image\/webp\" srcset=\"\/wp-content\/uploads\/yootheme\/cache\/8d\/incendiu-serbia-2-8ddc0e52.webp 150w\" sizes=\"(min-width: 75px) 75px\" \/><\/a><\/div>\n<div class=\"uk-width-expand uk-margin-remove-first-child\">\n<div class=\"el-meta uk-h6 uk-text-primary uk-margin-top uk-margin-remove-bottom\">28 august, 2026<\/div>\n<h3 class=\"el-title uk-h5 uk-link-reset uk-margin-remove-top uk-margin-remove-bottom\"><a href=\"https:\/\/www.sursadevest.ro\/pompierii-romani-continua-lupta-cu-incendiile-din-serbia-modulul-de-interventie-a-fost-relocat-in-rezervatia-deliblata-sands\/\">Pompierii rom\u00e2ni continu\u0103 lupta cu incendiile din Serbia! Modulul de interven\u021bie a fost relocat \u00een rezerva\u021bia Deliblata Sands<\/a><\/h3>\n<div class=\"uk-margin-small-top\"><a href=\"https:\/\/www.sursadevest.ro\/pompierii-romani-continua-lupta-cu-incendiile-din-serbia-modulul-de-interventie-a-fost-relocat-in-rezervatia-deliblata-sands\/\" class=\"el-link uk-button uk-button-text\">Vezi detalii<\/a><\/div>\n<\/div>\n<\/div>\n<\/div>\n<\/div>\n<\/div>\n<\/div>\n<div class=\"uk-margin-remove-vertical\">\n<div class=\"uk-grid uk-child-width-1-1 uk-grid-small uk-grid-divider uk-grid-match\">\n<div>\n<div class=\"el-item uk-panel\"><a href=\"https:\/\/retim.ro\/eticheta\" target=\"_blank\"><\/p>\n<div class=\"uk-inline-clip uk-transition-toggle\"><img loading=\"lazy\" decoding=\"async\" class=\"el-image uk-transition-scale-down uk-transition-opaque\" src=\"https:\/\/www.sursadevest.ro\/wp-content\/uploads\/2025\/07\/ReTIM-banner-press-300x300px.gif\" alt width=\"300\" height=\"300\"><\/div>\n<p><\/a><\/p>\n<div class=\"uk-padding-small uk-margin-remove-first-child\">\n<div class=\"el-meta uk-text-meta uk-margin-small-top\">Retim Ecologic Service<\/div>\n<div class=\"uk-margin-small-top\"><a href=\"https:\/\/retim.ro\/eticheta\" target=\"_blank\" class=\"el-link uk-button uk-button-text\">Vezi detalii<\/a><\/div>\n<\/div>\n<\/div>\n<\/div>\n<div>\n<div class=\"el-item uk-panel\"><a href=\"https:\/\/rmnimagisticas.ro\/\" target=\"_blank\"><\/p>\n<div class=\"uk-inline-clip uk-transition-toggle\"><source type=\"image\/webp\" srcset=\"\/wp-content\/uploads\/yootheme\/cache\/86\/RMN-Imagistica-86a88a5a.webp 450w\" sizes=\"(min-width: 450px) 450px\" \/><\/div>\n<p><\/a><\/p>\n<div class=\"uk-padding-small uk-margin-remove-first-child\">\n<div class=\"el-meta uk-text-meta uk-margin-small-top\">RMN ImagisticAS<\/div>\n<div class=\"uk-margin-small-top\"><a href=\"https:\/\/rmnimagisticas.ro\/\" target=\"_blank\" class=\"el-link uk-button uk-button-text\">Vezi detalii<\/a><\/div>\n<\/div>\n<\/div>\n<\/div>\n<div>\n<div class=\"el-item uk-panel\"><a href=\"https:\/\/ro.san-marco.com\/\" target=\"_blank\"><\/p>\n<div class=\"uk-inline-clip uk-transition-toggle\"><source type=\"image\/webp\" srcset=\"\/wp-content\/uploads\/yootheme\/cache\/df\/sanmarco-df655601.webp 450w\" sizes=\"(min-width: 450px) 450px\" \/><\/div>\n<p><\/a><\/p>\n<div class=\"uk-padding-small uk-margin-remove-first-child\">\n<div class=\"el-meta uk-text-meta uk-margin-small-top\">San Marco<\/div>\n<div class=\"uk-margin-small-top\"><a href=\"https:\/\/ro.san-marco.com\/\" target=\"_blank\" class=\"el-link uk-button uk-button-text\">Vezi detalii<\/a><\/div>\n<\/div>\n<\/div>\n<\/div>\n<div>\n<div class=\"el-item uk-panel\"><a href=\"https:\/\/afiom.ro\/doneaza\" target=\"_blank\"><\/p>\n<div class=\"uk-inline-clip uk-transition-toggle\"><img loading=\"lazy\" decoding=\"async\" class=\"el-image uk-transition-scale-down uk-transition-opaque\" src=\"https:\/\/www.sursadevest.ro\/wp-content\/uploads\/2024\/12\/AfiOM_Sites_350x350_Mamici.gif\" alt width=\"350\" height=\"350\"><\/div>\n<p><\/a><\/p>\n<div class=\"uk-padding-small uk-margin-remove-first-child\">\n<div class=\"el-meta uk-text-meta uk-margin-small-top\">A fi om!<\/div>\n<div class=\"uk-margin-small-top\"><a href=\"https:\/\/afiom.ro\/doneaza\" target=\"_blank\" class=\"el-link uk-button uk-button-text\">Vezi detalii<\/a><\/div>\n<\/div>\n<\/div>\n<\/div>\n<div>\n<div class=\"el-item uk-panel\"><a href=\"https:\/\/afiom.ro\/doneaza\" target=\"_blank\"><\/p>\n<div class=\"uk-inline-clip uk-transition-toggle\"><img loading=\"lazy\" decoding=\"async\" class=\"el-image uk-transition-scale-down uk-transition-opaque\" src=\"https:\/\/www.sursadevest.ro\/wp-content\/uploads\/2024\/12\/AfiOM_Sites_350x350_Sport.gif\" alt width=\"350\" height=\"350\"><\/div>\n<p><\/a><\/p>\n<div class=\"uk-padding-small uk-margin-remove-first-child\">\n<div class=\"el-meta uk-text-meta uk-margin-small-top\">A fi om!<\/div>\n<div class=\"uk-margin-small-top\"><a href=\"https:\/\/afiom.ro\/doneaza\" target=\"_blank\" class=\"el-link uk-button uk-button-text\">Vezi detalii<\/a><\/div>\n<\/div>\n<\/div>\n<\/div>\n<div>\n<div class=\"el-item uk-panel uk-margin-remove-first-child\">\n<div class=\"el-meta uk-text-meta uk-margin-small-top\">For\u021ba Dreptei<\/div>\n<\/div>\n<\/div>\n<div>\n<div class=\"el-item uk-panel\"><a href=\"https:\/\/www.igard.ro\" target=\"_blank\"><\/p>\n<div class=\"uk-inline-clip uk-transition-toggle\"><source type=\"image\/webp\" srcset=\"\/wp-content\/uploads\/yootheme\/cache\/8c\/iGard-0124-02-8cb83681.webp 768w, \/wp-content\/uploads\/yootheme\/cache\/89\/iGard-0124-02-894b8f7b.webp 1080w\" sizes=\"(min-width: 1080px) 1080px\" \/><\/div>\n<p><\/a><\/p>\n<div class=\"uk-padding-small uk-margin-remove-first-child\">\n<div class=\"el-meta uk-text-meta uk-margin-small-top\">iGard panouri de gard \u2013 www.igard.ro<\/div>\n<div class=\"uk-margin-small-top\"><a href=\"https:\/\/www.igard.ro\" target=\"_blank\" class=\"el-link uk-button uk-button-text\">Vezi detalii<\/a><\/div>\n<\/div>\n<\/div>\n<\/div>\n<div>\n<div class=\"el-item uk-panel\">\n<div class=\"uk-inline-clip uk-transition-toggle\"><source type=\"image\/webp\" srcset=\"\/wp-content\/uploads\/yootheme\/cache\/f2\/atc-small-f2c6a401.webp 600w\" sizes=\"(min-width: 600px) 600px\" \/><\/div>\n<div class=\"uk-padding-small uk-margin-remove-first-child\">\n<div class=\"el-meta uk-text-meta uk-margin-small-top\">ATC BAUDESIGN<\/div>\n<\/div>\n<\/div>\n<\/div>\n<\/div>\n<\/div>\n<\/div>\n<\/div>\n<\/div>\n<\/div>\n<p><\/main><\/p>\n<p>[analyse_source url=&#8221;https:\/\/www.sursadevest.ro\/continua-reabilitarea-bulevardului-liviu-rebreanu-sunt-anuntate-noi-restrictii-de-circulatie\/&#8221;]<\/p>\n","protected":false},"excerpt":{"rendered":"<p>[analyse_image type=&#8221;featured&#8221; src=&#8221;https:\/\/www.sursadevest.ro\/wp-content\/uploads\/2024\/02\/restrictii-circulatie.jpg&#8221;] Continu\u0103 reabilitarea bulevardului Liviu Rebreanu! Sunt anun\u021bate noi restric\u021bii de circula\u021bie 28 august, 2026 | Sursa de Vest | Eveniment, \u0218tiri | Niciun comentariu la Continu\u0103 reabilitarea bulevardului Liviu Rebreanu! Sunt anun\u021bate noi restric\u021bii de circula\u021bie \u0218tiri Eveniment Retim Ecologic Service Vezi detalii Continu\u0103 lucr\u0103rile de refacere a carosabilului pe bulevardul Liviu [&hellip;]<\/p>\n","protected":false},"author":1,"featured_media":0,"comment_status":"open","ping_status":"","sticky":false,"template":"","format":"standard","meta":{"footnotes":""},"categories":[89],"tags":[226,200],"class_list":["post-2117559","post","type-post","status-publish","format-standard","hentry","category-romania","tag-crawlmanager","tag-sursadevest-ro"],"_links":{"self":[{"href":"https:\/\/analyse.optim.biz\/index.php?rest_route=\/wp\/v2\/posts\/2117559","targetHints":{"allow":["GET"]}}],"collection":[{"href":"https:\/\/analyse.optim.biz\/index.php?rest_route=\/wp\/v2\/posts"}],"about":[{"href":"https:\/\/analyse.optim.biz\/index.php?rest_route=\/wp\/v2\/types\/post"}],"author":[{"embeddable":true,"href":"https:\/\/analyse.optim.biz\/index.php?rest_route=\/wp\/v2\/users\/1"}],"replies":[{"embeddable":true,"href":"https:\/\/analyse.optim.biz\/index.php?rest_route=%2Fwp%2Fv2%2Fcomments&post=2117559"}],"version-history":[{"count":0,"href":"https:\/\/analyse.optim.biz\/index.php?rest_route=\/wp\/v2\/posts\/2117559\/revisions"}],"wp:attachment":[{"href":"https:\/\/analyse.optim.biz\/index.php?rest_route=%2Fwp%2Fv2%2Fmedia&parent=2117559"}],"wp:term":[{"taxonomy":"category","embeddable":true,"href":"https:\/\/analyse.optim.biz\/index.php?rest_route=%2Fwp%2Fv2%2Fcategories&post=2117559"},{"taxonomy":"post_tag","embeddable":true,"href":"https:\/\/analyse.optim.biz\/index.php?rest_route=%2Fwp%2Fv2%2Ftags&post=2117559"}],"curies":[{"name":"wp","href":"https:\/\/api.w.org\/{rel}","templated":true}]}}