{"id":2117553,"date":"2026-08-28T09:28:05","date_gmt":"2026-08-28T06:28:05","guid":{"rendered":"https:\/\/analyse.optim.biz\/?p=2117553"},"modified":"2026-08-28T09:28:05","modified_gmt":"2026-08-28T06:28:05","slug":"se-inchide-circulatia-pe-bulevardul-liviu-rebreanu-din-timisoara","status":"publish","type":"post","link":"https:\/\/analyse.optim.biz\/?p=2117553","title":{"rendered":"Se \u00eenchide circula\u0163ia pe Bulevardul Liviu Rebreanu din Timi\u015foara"},"content":{"rendered":"<p>[analyse_image type=&#8221;featured&#8221; src=&#8221;https:\/\/renasterea.ro\/ro\/wp-content\/uploads\/2026\/08\/bulevardul-liviu-rebreanu.jpghttps:\/\/renasterea.ro\/ro\/wp-content\/uploads\/2026\/08\/bulevardul-liviu-rebreanu.jpg&#8221;]<\/p>\n<div class=\"entry-content\"><img loading=\"lazy\" decoding=\"async\" width=\"700\" height=\"393\" src=\"https:\/\/renasterea.ro\/ro\/wp-content\/uploads\/2026\/08\/bulevardul-liviu-rebreanu.jpg\" class=\"attachment-medium size-medium wp-post-image\" alt=\"Se \u00eenchide circula\u0163ia pe Bulevardul Liviu Rebreanu din Timi\u015foara\" title=\"Se \u00eenchide circula\u0163ia pe Bulevardul Liviu Rebreanu din Timi\u015foara 1\"><\/p>\n<h4>Se \u00eenchide circula\u0163ia pe Bulevardul Liviu Rebreanu din Timi\u015foara, \u00een dou\u0103 etape.<\/h4>\n<p>Prim\u0103ria Municipiului Timi\u0219oara (PMT) continu\u0103 lucr\u0103rile de refacere a carosabilului pe bulevardul Liviu Rebreanu, cu interven\u021bii \u00een intersec\u021bia cu bulevardul Constantin Br\u00e2ncoveanu. Lucr\u0103rile sunt realizate de Societatea Drumuri Municipale (SDM) \u0219i presupun restric\u021bii etapizate de circula\u021bie p\u00e2n\u0103 \u00een 6 septembrie 2026.<\/p>\n<p>Astfel, p\u00e2n\u0103 la data de 3 septembrie 2026, circula\u021bia rutier\u0103 va fi \u00eenchis\u0103 pe bulevardul Liviu Rebreanu, pe tronsonul cuprins \u00eentre strada Ulpia Traiana \u0219i strada Hebe, pe sensul de mers c\u0103tre Calea \u0218agului. Traficul va fi dirijat temporar pe contrasens.<\/p>\n<p>\u00cen etapa urm\u0103toare, p\u00e2n\u0103 la data de 6 septembrie 2026, restric\u021biile se vor aplica pe tronsonul cuprins \u00eentre strada Hebe \u0219i strada Ulpia Traiana, pe sensul de mers c\u0103tre Spitalul Jude\u021bean, circula\u021bia urm\u00e2nd s\u0103 se desf\u0103\u0219oare pe contrasens.<\/p>\n<h2>CITE\u015eTE \u015eI: <span><a href=\"https:\/\/renasterea.ro\/centrul-timisoarei-blocat-de-super-rally\/\">Centrul Timi\u015foarei, blocat de Super Rally<\/a><\/span><\/h2>\n<p>\u201eReamintim c\u0103, p\u00e2n\u0103 \u00een prezent, au fost finalizate lucr\u0103rile pe tronsonul cuprins \u00eentre strada Drubeta \u0219i Calea Martirilor, pe sensul de mers spre Spitalul Jude\u021bean. Totodat\u0103, trotuarele dintre sensul giratoriu AEM \u0219i bulevardul Sudului au fost ref\u0103cute integral, pe o lungime de aproximativ 1,5 kilometri, pe ambele sensuri de circula\u021bie. Lucr\u0103rile continu\u0103 pe tronsonul Rebreanu\u2013Averescu, programat pentru finalizare la \u00eenceputul lunii septembrie\u201d \u2013 PMT.<\/p>\n<p><em>Sursa foto: Ora\u015ful Timi\u015foara<\/em><\/p>\n<\/div>\n<p>[analyse_source url=&#8221;https:\/\/renasterea.ro\/se-inchide-circulatia-pe-bulevardul-liviu-rebreanu-din-timisoara\/&#8221;]<\/p>\n","protected":false},"excerpt":{"rendered":"<p>[analyse_image type=&#8221;featured&#8221; src=&#8221;https:\/\/renasterea.ro\/ro\/wp-content\/uploads\/2026\/08\/bulevardul-liviu-rebreanu.jpghttps:\/\/renasterea.ro\/ro\/wp-content\/uploads\/2026\/08\/bulevardul-liviu-rebreanu.jpg&#8221;] Se \u00eenchide circula\u0163ia pe Bulevardul Liviu Rebreanu din Timi\u015foara, \u00een dou\u0103 etape. Prim\u0103ria Municipiului Timi\u0219oara (PMT) continu\u0103 lucr\u0103rile de refacere a carosabilului pe bulevardul Liviu Rebreanu, cu interven\u021bii \u00een intersec\u021bia cu bulevardul Constantin Br\u00e2ncoveanu. Lucr\u0103rile sunt realizate de Societatea Drumuri Municipale (SDM) \u0219i presupun restric\u021bii etapizate de circula\u021bie p\u00e2n\u0103 \u00een 6 septembrie [&hellip;]<\/p>\n","protected":false},"author":1,"featured_media":0,"comment_status":"open","ping_status":"","sticky":false,"template":"","format":"standard","meta":{"footnotes":""},"categories":[89],"tags":[226,188],"class_list":["post-2117553","post","type-post","status-publish","format-standard","hentry","category-romania","tag-crawlmanager","tag-renasterea-ro"],"_links":{"self":[{"href":"https:\/\/analyse.optim.biz\/index.php?rest_route=\/wp\/v2\/posts\/2117553","targetHints":{"allow":["GET"]}}],"collection":[{"href":"https:\/\/analyse.optim.biz\/index.php?rest_route=\/wp\/v2\/posts"}],"about":[{"href":"https:\/\/analyse.optim.biz\/index.php?rest_route=\/wp\/v2\/types\/post"}],"author":[{"embeddable":true,"href":"https:\/\/analyse.optim.biz\/index.php?rest_route=\/wp\/v2\/users\/1"}],"replies":[{"embeddable":true,"href":"https:\/\/analyse.optim.biz\/index.php?rest_route=%2Fwp%2Fv2%2Fcomments&post=2117553"}],"version-history":[{"count":0,"href":"https:\/\/analyse.optim.biz\/index.php?rest_route=\/wp\/v2\/posts\/2117553\/revisions"}],"wp:attachment":[{"href":"https:\/\/analyse.optim.biz\/index.php?rest_route=%2Fwp%2Fv2%2Fmedia&parent=2117553"}],"wp:term":[{"taxonomy":"category","embeddable":true,"href":"https:\/\/analyse.optim.biz\/index.php?rest_route=%2Fwp%2Fv2%2Fcategories&post=2117553"},{"taxonomy":"post_tag","embeddable":true,"href":"https:\/\/analyse.optim.biz\/index.php?rest_route=%2Fwp%2Fv2%2Ftags&post=2117553"}],"curies":[{"name":"wp","href":"https:\/\/api.w.org\/{rel}","templated":true}]}}