{"id":2117551,"date":"2026-08-28T18:59:02","date_gmt":"2026-08-28T15:59:02","guid":{"rendered":"https:\/\/analyse.optim.biz\/?p=2117551"},"modified":"2026-08-28T18:59:02","modified_gmt":"2026-08-28T15:59:02","slug":"simona-radis-si-adriana-adam-campioane-mondiale-aur-pentru-romania-la-amsterdam","status":"publish","type":"post","link":"https:\/\/analyse.optim.biz\/?p=2117551","title":{"rendered":"Simona Radi\u0219 \u0219i Adriana Adam, campioane mondiale. Aur pentru Rom\u00e2nia la Amsterdam"},"content":{"rendered":"<p>[analyse_image type=&#8221;featured&#8221; src=&#8221;https:\/\/renasterea.ro\/ro\/wp-content\/uploads\/2026\/08\/adriana-dam-si-simona-radis.jpghttps:\/\/renasterea.ro\/ro\/wp-content\/uploads\/2026\/08\/adriana-dam-si-simona-radis.jpg&#8221;]<\/p>\n<div class=\"entry-content\"><img loading=\"lazy\" decoding=\"async\" width=\"600\" height=\"399\" src=\"https:\/\/renasterea.ro\/ro\/wp-content\/uploads\/2026\/08\/adriana-dam-si-simona-radis.jpg\" class=\"attachment-medium size-medium wp-post-image\" alt=\"Simona Radi\u0219 \u0219i Adriana Adam, campioane mondiale. Aur pentru Rom\u00e2nia la Amsterdam\" title=\"Simona Radi\u0219 \u0219i Adriana Adam, campioane mondiale. Aur pentru Rom\u00e2nia la Amsterdam 1\"><\/p>\n<h4><strong>Simona Radi\u0219 \u0219i Adriana Adam, campioane mondiale. Aur pentru Rom\u00e2nia la Amsterdam.<\/strong><\/h4>\n<p>Rom\u00e2nia a cucerit vineri medalia de aur la Campionatele Mondiale de Canotaj de la Amsterdam, prin Simona Radi\u0219 \u0219i Adriana Adam, care au devenit campioane mondiale \u00een proba de dublu rame.<\/p>\n<p>Potrivit Comitetului Olimpic \u0219i Sportiv Rom\u00e2n, cele dou\u0103 sportive au c\u00e2\u0219tigat finala cu timpul de 6:49.86, dup\u0103 o curs\u0103 \u00een care adversarele au reu\u0219it s\u0103 men\u021bin\u0103 ritmul \u00een prima jum\u0103tate a probei.<\/p>\n<p>Rom\u00e2ncele au accelerat \u00eens\u0103 pe final \u0219i au trecut primele linia de sosire.<\/p>\n<p>Pentru Rom\u00e2nia, este al 20-lea titlu mondial \u00een aceast\u0103 prob\u0103.<\/p>\n<p>Simona Radi\u0219 a cucerit astfel al \u0219aselea titlu mondial din carier\u0103. Pentru Adriana Adam este al treilea titlu mondial, dup\u0103 cele dou\u0103 medalii de aur ob\u021binute al\u0103turi de echipajul de 8+1.<\/p>\n<p>\u201eMarii campioni se definesc \u00een ultima mie, sau, mai cu seam\u0103, pe fini\u0219ul de 500 m. Simona \u0219i Adriana au v\u00e2slit \u00een ritmul lor, viteza a fost men\u021binut\u0103, iar la final clasa celor dou\u0103 a \u00eenchis clasamentul\u201d, a transmis Comitetul Olimpic \u0219i Sportiv Rom\u00e2n.<\/p>\n<p>\u00cen finala probei de dublu rame masculin, Florin Lehaci \u0219i \u0218tefan Berariu au \u00eencheiat cursa pe locul al patrulea, rat\u00e2nd podiumul \u00een ultima parte a cursei.<\/p>\n<p>(sursa: <a href=\"https:\/\/mediafax.ro\/\" target=\"_blank\" rel=\"noopener\">Mediafax<\/a>)<\/p>\n<p><em>Foto: gsp.ro<\/em><\/p>\n<h2><strong>CITE\u0218TE \u0218I: <a href=\"https:\/\/renasterea.ro\/incendiu-in-timisoara-la-un-garaj-masina-distrusa-de-flacari-o-femeie-a-fost-dusa-la-spital\/\">Incendiu \u00een Timi\u0219oara, la un garaj. Ma\u0219in\u0103 distrus\u0103 de fl\u0103c\u0103ri, o femeie a fost dus\u0103 la spital<\/a><\/strong><\/h2>\n<\/div>\n<p>[analyse_source url=&#8221;https:\/\/renasterea.ro\/simona-radis-si-adriana-adam-campioane-mondiale-aur-pentru-romania-la-amsterdam\/&#8221;]<\/p>\n","protected":false},"excerpt":{"rendered":"<p>[analyse_image type=&#8221;featured&#8221; src=&#8221;https:\/\/renasterea.ro\/ro\/wp-content\/uploads\/2026\/08\/adriana-dam-si-simona-radis.jpghttps:\/\/renasterea.ro\/ro\/wp-content\/uploads\/2026\/08\/adriana-dam-si-simona-radis.jpg&#8221;] Simona Radi\u0219 \u0219i Adriana Adam, campioane mondiale. Aur pentru Rom\u00e2nia la Amsterdam. Rom\u00e2nia a cucerit vineri medalia de aur la Campionatele Mondiale de Canotaj de la Amsterdam, prin Simona Radi\u0219 \u0219i Adriana Adam, care au devenit campioane mondiale \u00een proba de dublu rame. Potrivit Comitetului Olimpic \u0219i Sportiv Rom\u00e2n, cele dou\u0103 sportive [&hellip;]<\/p>\n","protected":false},"author":1,"featured_media":0,"comment_status":"open","ping_status":"","sticky":false,"template":"","format":"standard","meta":{"footnotes":""},"categories":[89],"tags":[226,188],"class_list":["post-2117551","post","type-post","status-publish","format-standard","hentry","category-romania","tag-crawlmanager","tag-renasterea-ro"],"_links":{"self":[{"href":"https:\/\/analyse.optim.biz\/index.php?rest_route=\/wp\/v2\/posts\/2117551","targetHints":{"allow":["GET"]}}],"collection":[{"href":"https:\/\/analyse.optim.biz\/index.php?rest_route=\/wp\/v2\/posts"}],"about":[{"href":"https:\/\/analyse.optim.biz\/index.php?rest_route=\/wp\/v2\/types\/post"}],"author":[{"embeddable":true,"href":"https:\/\/analyse.optim.biz\/index.php?rest_route=\/wp\/v2\/users\/1"}],"replies":[{"embeddable":true,"href":"https:\/\/analyse.optim.biz\/index.php?rest_route=%2Fwp%2Fv2%2Fcomments&post=2117551"}],"version-history":[{"count":0,"href":"https:\/\/analyse.optim.biz\/index.php?rest_route=\/wp\/v2\/posts\/2117551\/revisions"}],"wp:attachment":[{"href":"https:\/\/analyse.optim.biz\/index.php?rest_route=%2Fwp%2Fv2%2Fmedia&parent=2117551"}],"wp:term":[{"taxonomy":"category","embeddable":true,"href":"https:\/\/analyse.optim.biz\/index.php?rest_route=%2Fwp%2Fv2%2Fcategories&post=2117551"},{"taxonomy":"post_tag","embeddable":true,"href":"https:\/\/analyse.optim.biz\/index.php?rest_route=%2Fwp%2Fv2%2Ftags&post=2117551"}],"curies":[{"name":"wp","href":"https:\/\/api.w.org\/{rel}","templated":true}]}}