{"id":2117543,"date":"2026-08-28T09:13:48","date_gmt":"2026-08-28T06:13:48","guid":{"rendered":"https:\/\/analyse.optim.biz\/?p=2117543"},"modified":"2026-08-28T09:13:48","modified_gmt":"2026-08-28T06:13:48","slug":"transport-de-300-kg-de-peste-fara-documente-de-provenienta-politistii-au-intrat-pe-fir-foto","status":"publish","type":"post","link":"https:\/\/analyse.optim.biz\/?p=2117543","title":{"rendered":"Transport de 300 kg de pe\u015fte, f\u0103r\u0103 documente de provenien\u0163\u0103. Poli\u0163i\u015ftii au intrat pe fir (foto)"},"content":{"rendered":"<p>[analyse_image type=&#8221;featured&#8221; src=&#8221;https:\/\/renasterea.ro\/ro\/wp-content\/uploads\/2026\/08\/peste.jpghttps:\/\/renasterea.ro\/ro\/wp-content\/uploads\/2026\/08\/peste.jpg&#8221;]<\/p>\n<div class=\"entry-content\"><img loading=\"lazy\" decoding=\"async\" width=\"650\" height=\"396\" src=\"https:\/\/renasterea.ro\/ro\/wp-content\/uploads\/2026\/08\/peste.jpg\" class=\"attachment-medium size-medium wp-post-image\" alt=\"Transport de 300 kg de pe\u015fte, f\u0103r\u0103 documente de provenien\u0163\u0103. Poli\u0163i\u015ftii au intrat pe fir (foto)\" title=\"Transport de 300 kg de pe\u015fte, f\u0103r\u0103 documente de provenien\u0163\u0103. Poli\u0163i\u015ftii au intrat pe fir (foto) 1\"><\/p>\n<h4>Transport de 300 kg de pe\u015fte, f\u0103r\u0103 documente de provenien\u0163\u0103. Poli\u0163i\u015ftii au intrat pe fir<\/h4>\n<p>Joi \u2013 27 august, \u00een jurul orei 17.20, poli\u021bi\u0219tii Sec\u021biei 7 Poli\u021bie Rural\u0103 Moldova Nou\u0103, \u00een timp ce desf\u0103\u0219urau activit\u0103\u021bi de serviciu la intersec\u021bia DN57 cu DC47, au oprit pentru control o autoutilitar\u0103 care se deplasa pe DN57, din direc\u021bia Berzasca c\u0103tre Or\u0219ova, despre care aveau suspiciuni c\u0103 ar transporta pe\u0219te f\u0103r\u0103 documentele legale.<\/p>\n<p>Cu ocazia verific\u0103rilor efectuate, poli\u021bi\u0219tii au constatat c\u0103 \u00een autoutilitar\u0103, condus\u0103 de un b\u0103rbat \u00een v\u00e2rst\u0103 de 42 de ani, era transportat\u0103 o cantitate de aproximativ 300 de kilograme de pe\u0219te din specia somn, care ar fi urmat s\u0103 fie comercializat, pentru care nu au fost prezentate documente legale de provenien\u021b\u0103.<\/p>\n<p><img loading=\"lazy\" decoding=\"async\" class=\"alignnone size-medium wp-image-304760\" src=\"https:\/\/renasterea.ro\/ro\/wp-content\/uploads\/2026\/08\/transport-peste-471x460.jpg\" alt=\"Transport de 300 kg de pe\u015fte, f\u0103r\u0103 documente de provenien\u0163\u0103. Poli\u0163i\u015ftii au intrat pe fir (foto)\" width=\"471\" height=\"460\" title=\"Transport de 300 kg de pe\u015fte, f\u0103r\u0103 documente de provenien\u0163\u0103. Poli\u0163i\u015ftii au intrat pe fir (foto) 2\"><\/p>\n<p>Prejudiciul cauzat, estimat p\u00e2n\u0103 \u00een acest moment, este de aproximativ 8.000 de lei, recuperat \u00een totalitate, a anun\u0163at IPJ Cara\u015f-Severin.<\/p>\n<h2>CITE\u015eTE \u015eI: <span><a href=\"https:\/\/renasterea.ro\/drama-eliminarii-universitatii-craiova-a-fost-prea-mult-pentru-nae-ungureanu-camataru-a-murit-de-oftica-de-suparare-dupa-meci\/\">Drama elimin\u0103rii Universit\u0103\u021bii Craiova a fost prea mult pentru Nae Ungureanu! C\u0103m\u0103taru: A murit de oftic\u0103, de sup\u0103rare dup\u0103 meci!<\/a><\/span><\/h2>\n<p>Poli\u021bi\u0219tii efectueaz\u0103 cercet\u0103ri sub aspectul s\u0103v\u00e2r\u0219irii infrac\u021biunii de comercializarea f\u0103r\u0103 documente de provenien\u021b\u0103 a pe\u0219telui \u0219i a altor vie\u021buitoare acvatice ob\u021binute din pescuit ori a produselor din pe\u0219te, sub coordonarea procurorului din cadrul Parchetului de pe l\u00e2ng\u0103 Judec\u0103toria Moldova Nou\u0103.<\/p>\n<\/div>\n<p>[analyse_source url=&#8221;https:\/\/renasterea.ro\/300-kg-de-peste-fara-documente-de-provenienta-politistii-au-intrat-pe-fir-foto\/&#8221;]<\/p>\n","protected":false},"excerpt":{"rendered":"<p>[analyse_image type=&#8221;featured&#8221; src=&#8221;https:\/\/renasterea.ro\/ro\/wp-content\/uploads\/2026\/08\/peste.jpghttps:\/\/renasterea.ro\/ro\/wp-content\/uploads\/2026\/08\/peste.jpg&#8221;] Transport de 300 kg de pe\u015fte, f\u0103r\u0103 documente de provenien\u0163\u0103. Poli\u0163i\u015ftii au intrat pe fir Joi \u2013 27 august, \u00een jurul orei 17.20, poli\u021bi\u0219tii Sec\u021biei 7 Poli\u021bie Rural\u0103 Moldova Nou\u0103, \u00een timp ce desf\u0103\u0219urau activit\u0103\u021bi de serviciu la intersec\u021bia DN57 cu DC47, au oprit pentru control o autoutilitar\u0103 care se deplasa pe [&hellip;]<\/p>\n","protected":false},"author":1,"featured_media":0,"comment_status":"open","ping_status":"","sticky":false,"template":"","format":"standard","meta":{"footnotes":""},"categories":[89],"tags":[226,188],"class_list":["post-2117543","post","type-post","status-publish","format-standard","hentry","category-romania","tag-crawlmanager","tag-renasterea-ro"],"_links":{"self":[{"href":"https:\/\/analyse.optim.biz\/index.php?rest_route=\/wp\/v2\/posts\/2117543","targetHints":{"allow":["GET"]}}],"collection":[{"href":"https:\/\/analyse.optim.biz\/index.php?rest_route=\/wp\/v2\/posts"}],"about":[{"href":"https:\/\/analyse.optim.biz\/index.php?rest_route=\/wp\/v2\/types\/post"}],"author":[{"embeddable":true,"href":"https:\/\/analyse.optim.biz\/index.php?rest_route=\/wp\/v2\/users\/1"}],"replies":[{"embeddable":true,"href":"https:\/\/analyse.optim.biz\/index.php?rest_route=%2Fwp%2Fv2%2Fcomments&post=2117543"}],"version-history":[{"count":0,"href":"https:\/\/analyse.optim.biz\/index.php?rest_route=\/wp\/v2\/posts\/2117543\/revisions"}],"wp:attachment":[{"href":"https:\/\/analyse.optim.biz\/index.php?rest_route=%2Fwp%2Fv2%2Fmedia&parent=2117543"}],"wp:term":[{"taxonomy":"category","embeddable":true,"href":"https:\/\/analyse.optim.biz\/index.php?rest_route=%2Fwp%2Fv2%2Fcategories&post=2117543"},{"taxonomy":"post_tag","embeddable":true,"href":"https:\/\/analyse.optim.biz\/index.php?rest_route=%2Fwp%2Fv2%2Ftags&post=2117543"}],"curies":[{"name":"wp","href":"https:\/\/api.w.org\/{rel}","templated":true}]}}