{"id":2117540,"date":"2026-08-28T07:07:02","date_gmt":"2026-08-28T04:07:02","guid":{"rendered":"https:\/\/analyse.optim.biz\/?p=2117540"},"modified":"2026-08-28T07:07:02","modified_gmt":"2026-08-28T04:07:02","slug":"accident-rutier-tragic-un-tanar-a-murit-alte-doua-persoane-au-fost-ranite-grav","status":"publish","type":"post","link":"https:\/\/analyse.optim.biz\/?p=2117540","title":{"rendered":"Accident rutier tragic: un t\u00e2n\u0103r a murit, alte dou\u0103 persoane au fost r\u0103nite grav"},"content":{"rendered":"<p>[analyse_image type=&#8221;featured&#8221; src=&#8221;https:\/\/renasterea.ro\/ro\/wp-content\/uploads\/smurd-27.jpghttps:\/\/renasterea.ro\/ro\/wp-content\/uploads\/smurd-27.jpg&#8221;]<\/p>\n<div class=\"entry-content\"><img loading=\"lazy\" decoding=\"async\" width=\"600\" height=\"387\" src=\"https:\/\/renasterea.ro\/ro\/wp-content\/uploads\/smurd-27.jpg\" class=\"attachment-medium size-medium wp-post-image\" alt=\"Accident rutier tragic: un t\u00e2n\u0103r a murit, alte dou\u0103 persoane au fost r\u0103nite grav\" title=\"Accident rutier tragic: un t\u00e2n\u0103r a murit, alte dou\u0103 persoane au fost r\u0103nite grav 1\"><\/p>\n<h4>Accident rutier tragic: un t\u00e2n\u0103r a murit, alte dou\u0103 persoane au fost r\u0103nite grav<\/h4>\n<p>Vineri, 28 august, \u00een jurul orei 5:00, poli\u021bi\u0219tii din cadrul Poli\u021biei Sta\u021biunii B\u0103ile Herculane au fost sesiza\u021bi, prin apel 112, cu privire la producerea unui accident rutier pe DJ 608, pe raza localit\u0103\u021bii Cornereva, \u00een care a fost implicat un singur autoturism.<\/p>\n<p>Din primele verific\u0103ri efectuate, poli\u021bi\u0219tii au stabilit c\u0103, \u00een timp ce un b\u0103rbat \u00een v\u00e2rst\u0103 de 29 de ani conducea un autoturism pe DJ 608, la kilometrul 19, din direc\u021bia Cornereva c\u0103tre Rusca, ar fi p\u0103r\u0103sit partea carosabil\u0103, intr\u00e2nd \u00een coliziune frontal\u0103 cu un zid din beton.<\/p>\n<p>\u00cen urma accidentului, pasagerul aflat pe locul din dreapta-fa\u021b\u0103, un b\u0103iat \u00een v\u00e2rst\u0103 de 18 ani, a decedat, a transmis IPJ Cara\u015f-Severin.<\/p>\n<p>De asemenea, un alt pasager, aflat pe bancheta din spate, un b\u0103iat \u00een v\u00e2rst\u0103 de 17 ani, precum \u0219i conduc\u0103torul auto au suferit v\u0103t\u0103m\u0103ri corporale, fiind transporta\u021bi de echipaje ale Serviciului de Ambulan\u021b\u0103 Jude\u021bean la o unitate medical\u0103, \u00een vederea acord\u0103rii de \u00eengrijiri medicale de specialitate.<\/p>\n<p>Poli\u021bi\u0219tii efectueaz\u0103 cercet\u0103ri pentru stabilirea cu exactitate a cauzelor \u0219i \u00eemprejur\u0103rilor \u00een care s-a produs accidentul rutier.<\/p>\n<\/div>\n<p>[analyse_source url=&#8221;https:\/\/renasterea.ro\/accident-rutier-tragic-un-tanar-a-murit-alte-doua-persoane-au-fost-ranite-grav\/&#8221;]<\/p>\n","protected":false},"excerpt":{"rendered":"<p>[analyse_image type=&#8221;featured&#8221; src=&#8221;https:\/\/renasterea.ro\/ro\/wp-content\/uploads\/smurd-27.jpghttps:\/\/renasterea.ro\/ro\/wp-content\/uploads\/smurd-27.jpg&#8221;] Accident rutier tragic: un t\u00e2n\u0103r a murit, alte dou\u0103 persoane au fost r\u0103nite grav Vineri, 28 august, \u00een jurul orei 5:00, poli\u021bi\u0219tii din cadrul Poli\u021biei Sta\u021biunii B\u0103ile Herculane au fost sesiza\u021bi, prin apel 112, cu privire la producerea unui accident rutier pe DJ 608, pe raza localit\u0103\u021bii Cornereva, \u00een care a fost [&hellip;]<\/p>\n","protected":false},"author":1,"featured_media":0,"comment_status":"open","ping_status":"","sticky":false,"template":"","format":"standard","meta":{"footnotes":""},"categories":[89],"tags":[226,188],"class_list":["post-2117540","post","type-post","status-publish","format-standard","hentry","category-romania","tag-crawlmanager","tag-renasterea-ro"],"_links":{"self":[{"href":"https:\/\/analyse.optim.biz\/index.php?rest_route=\/wp\/v2\/posts\/2117540","targetHints":{"allow":["GET"]}}],"collection":[{"href":"https:\/\/analyse.optim.biz\/index.php?rest_route=\/wp\/v2\/posts"}],"about":[{"href":"https:\/\/analyse.optim.biz\/index.php?rest_route=\/wp\/v2\/types\/post"}],"author":[{"embeddable":true,"href":"https:\/\/analyse.optim.biz\/index.php?rest_route=\/wp\/v2\/users\/1"}],"replies":[{"embeddable":true,"href":"https:\/\/analyse.optim.biz\/index.php?rest_route=%2Fwp%2Fv2%2Fcomments&post=2117540"}],"version-history":[{"count":0,"href":"https:\/\/analyse.optim.biz\/index.php?rest_route=\/wp\/v2\/posts\/2117540\/revisions"}],"wp:attachment":[{"href":"https:\/\/analyse.optim.biz\/index.php?rest_route=%2Fwp%2Fv2%2Fmedia&parent=2117540"}],"wp:term":[{"taxonomy":"category","embeddable":true,"href":"https:\/\/analyse.optim.biz\/index.php?rest_route=%2Fwp%2Fv2%2Fcategories&post=2117540"},{"taxonomy":"post_tag","embeddable":true,"href":"https:\/\/analyse.optim.biz\/index.php?rest_route=%2Fwp%2Fv2%2Ftags&post=2117540"}],"curies":[{"name":"wp","href":"https:\/\/api.w.org\/{rel}","templated":true}]}}