{"id":2117539,"date":"2026-08-27T15:40:11","date_gmt":"2026-08-27T12:40:11","guid":{"rendered":"https:\/\/analyse.optim.biz\/?p=2117539"},"modified":"2026-08-27T15:40:11","modified_gmt":"2026-08-27T12:40:11","slug":"dominic-fritz-intrebat-daca-s-a-gandit-la-demisie-nu-voi-abandona-timisoara","status":"publish","type":"post","link":"https:\/\/analyse.optim.biz\/?p=2117539","title":{"rendered":"Dominic Fritz, \u00eentrebat dac\u0103 s-a g\u00e2ndit la demisie: Nu voi abandona Timi\u0219oara"},"content":{"rendered":"<p>[analyse_image type=&#8221;featured&#8221; src=&#8221;https:\/\/renasterea.ro\/ro\/wp-content\/uploads\/2026\/08\/dominic-fritz.jpghttps:\/\/renasterea.ro\/ro\/wp-content\/uploads\/2026\/08\/dominic-fritz.jpg&#8221;]<\/p>\n<div class=\"entry-content\"><img loading=\"lazy\" decoding=\"async\" width=\"648\" height=\"454\" src=\"https:\/\/renasterea.ro\/ro\/wp-content\/uploads\/2026\/08\/dominic-fritz.jpg\" class=\"attachment-medium size-medium wp-post-image\" alt=\"Dominic Fritz, \u00eentrebat dac\u0103 s-a g\u00e2ndit la demisie: Nu voi abandona Timi\u0219oara\" title=\"Dominic Fritz, \u00eentrebat dac\u0103 s-a g\u00e2ndit la demisie: Nu voi abandona Timi\u0219oara 1\"><\/p>\n<h4><strong>Dominic Fritz, \u00eentrebat dac\u0103 s-a g\u00e2ndit la demisie: Nu voi abandona Timi\u0219oara.<\/strong><\/h4>\n<p>Dominic Fritz spune c\u0103 nu \u00ee\u0219i va da demisia din func\u021bia de primar al Timi\u0219oarei, dup\u0103 adoptarea noii Legi a Integrit\u0103\u021bii, care con\u021bine prevederea supranumit\u0103 \u201eamendamentul Fritz\u201d.<\/p>\n<p>\u201eP\u00e2n\u0103 \u00een ultima zi, nu m\u0103 voi ascunde de acest mandat \u0219i nu voi abandona Timi\u0219oara \u00een niciun caz\u201d, a declarat el.<\/p>\n<p>\u00centrebat dac\u0103 s-a g\u00e2ndit s\u0103 demisioneze, Fritz a sus\u021binut c\u0103 o eventual\u0103 plecare a sa nu ar rezolva problema pe care o ridic\u0103 \u00een cazul legii, despre care spune c\u0103 este contrar\u0103 dreptului european.<\/p>\n<p>\u201eS\u0103 zicem c\u0103 mi-a\u0219 da demisia. Legea tot e \u00een vigoare \u0219i tot contravine dreptului european. De aia zic, nu e despre mine. Este despre Constitu\u021bie \u0219i despre dreptul european\u201d, a declarat Fritz, la Digi24.<\/p>\n<p>El a spus c\u0103 aceast\u0103 lege nu are leg\u0103tur\u0103 cu el, ci cu faptul c\u0103 \u201enu po\u021bi inventa o sanc\u021biune retroactiv\u0103\u201d.<\/p>\n<p>\u201eDe ce s\u0103-mi dau demisia dac\u0103 eu m-am dus \u00een fa\u021ba timi\u0219orenilor \u0219i mi-au dat un mandat de patru ani. Mi-au dat un mandat de patru ani. P\u00e2n\u0103 \u00een ultima zi, nu m\u0103 voi ascunde de acest mandat \u0219i nu voi abandona Timi\u0219oara \u00een niciun caz\u201d, a mai spus Fritz.<\/p>\n<p>Senatul a votat miercuri noua Lege a Integrit\u0103\u021bii cu 106 voturi \u201epentru\u201d, 19 voturi \u201e\u00eempotriv\u0103\u201d \u0219i nicio ab\u021binere.<\/p>\n<p>Actul normativ schimb\u0103 cadrul legislativ privind func\u021bionarea Agen\u021biei Na\u021bionale de Integritate \u0219i include \u201eamendamentul Fritz\u201d care stabile\u0219te pierderea mandatului de c\u0103tre ale\u0219ii g\u0103si\u021bi \u00een conflict de interese.<\/p>\n<p>Dominic Fritz, pre\u0219edintele USR \u0219i primarul Timi\u0219oarei, a fost condamnat definitiv de \u00ceCCJ pentru conflict de interese \u0219i, \u00een eventualitatea promulg\u0103rii legii, acesta \u0219i-ar pierde mandatul, conform <a href=\"https:\/\/mediafax.ro\/\" target=\"_blank\" rel=\"noopener\">Mediafax<\/a><\/p>\n<h2><strong>CITE\u0218TE \u0218I: <a href=\"https:\/\/renasterea.ro\/investitie-de-185-de-milioane-de-euro-in-centrele-de-mari-arsi-din-timisoara-si-targu-mures\/\">Investi\u021bie de 185 de milioane de euro \u00een centrele de mari ar\u0219i din Timi\u0219oara \u0219i T\u00e2rgu Mure\u0219<\/a><\/strong><\/h2>\n<\/div>\n<p>[analyse_source url=&#8221;https:\/\/renasterea.ro\/dominic-fritz-intrebat-daca-s-a-gandit-la-demisie-nu-voi-abandona-timisoara\/&#8221;]<\/p>\n","protected":false},"excerpt":{"rendered":"<p>[analyse_image type=&#8221;featured&#8221; src=&#8221;https:\/\/renasterea.ro\/ro\/wp-content\/uploads\/2026\/08\/dominic-fritz.jpghttps:\/\/renasterea.ro\/ro\/wp-content\/uploads\/2026\/08\/dominic-fritz.jpg&#8221;] Dominic Fritz, \u00eentrebat dac\u0103 s-a g\u00e2ndit la demisie: Nu voi abandona Timi\u0219oara. Dominic Fritz spune c\u0103 nu \u00ee\u0219i va da demisia din func\u021bia de primar al Timi\u0219oarei, dup\u0103 adoptarea noii Legi a Integrit\u0103\u021bii, care con\u021bine prevederea supranumit\u0103 \u201eamendamentul Fritz\u201d. \u201eP\u00e2n\u0103 \u00een ultima zi, nu m\u0103 voi ascunde de acest mandat \u0219i nu [&hellip;]<\/p>\n","protected":false},"author":1,"featured_media":0,"comment_status":"open","ping_status":"","sticky":false,"template":"","format":"standard","meta":{"footnotes":""},"categories":[89],"tags":[226,188],"class_list":["post-2117539","post","type-post","status-publish","format-standard","hentry","category-romania","tag-crawlmanager","tag-renasterea-ro"],"_links":{"self":[{"href":"https:\/\/analyse.optim.biz\/index.php?rest_route=\/wp\/v2\/posts\/2117539","targetHints":{"allow":["GET"]}}],"collection":[{"href":"https:\/\/analyse.optim.biz\/index.php?rest_route=\/wp\/v2\/posts"}],"about":[{"href":"https:\/\/analyse.optim.biz\/index.php?rest_route=\/wp\/v2\/types\/post"}],"author":[{"embeddable":true,"href":"https:\/\/analyse.optim.biz\/index.php?rest_route=\/wp\/v2\/users\/1"}],"replies":[{"embeddable":true,"href":"https:\/\/analyse.optim.biz\/index.php?rest_route=%2Fwp%2Fv2%2Fcomments&post=2117539"}],"version-history":[{"count":0,"href":"https:\/\/analyse.optim.biz\/index.php?rest_route=\/wp\/v2\/posts\/2117539\/revisions"}],"wp:attachment":[{"href":"https:\/\/analyse.optim.biz\/index.php?rest_route=%2Fwp%2Fv2%2Fmedia&parent=2117539"}],"wp:term":[{"taxonomy":"category","embeddable":true,"href":"https:\/\/analyse.optim.biz\/index.php?rest_route=%2Fwp%2Fv2%2Fcategories&post=2117539"},{"taxonomy":"post_tag","embeddable":true,"href":"https:\/\/analyse.optim.biz\/index.php?rest_route=%2Fwp%2Fv2%2Ftags&post=2117539"}],"curies":[{"name":"wp","href":"https:\/\/api.w.org\/{rel}","templated":true}]}}