{"id":2117534,"date":"2026-08-28T07:59:32","date_gmt":"2026-08-28T04:59:32","guid":{"rendered":"https:\/\/analyse.optim.biz\/?p=2117534"},"modified":"2026-08-28T07:59:32","modified_gmt":"2026-08-28T04:59:32","slug":"centrul-timisoarei-blocat-de-super-rally","status":"publish","type":"post","link":"https:\/\/analyse.optim.biz\/?p=2117534","title":{"rendered":"Centrul Timi\u015foarei, blocat de Super Rally"},"content":{"rendered":"<p>[analyse_image type=&#8221;featured&#8221; src=&#8221;https:\/\/renasterea.ro\/ro\/wp-content\/uploads\/2026\/08\/super-rally-1.jpghttps:\/\/renasterea.ro\/ro\/wp-content\/uploads\/2026\/08\/super-rally-1.jpg&#8221;]<\/p>\n<div class=\"entry-content\"><img loading=\"lazy\" decoding=\"async\" width=\"650\" height=\"432\" src=\"https:\/\/renasterea.ro\/ro\/wp-content\/uploads\/2026\/08\/super-rally-1.jpg\" class=\"attachment-medium size-medium wp-post-image\" alt=\"Centrul Timi\u015foarei, blocat de Super Rally\" title=\"Centrul Timi\u015foarei, blocat de Super Rally 1\"><\/p>\n<h4>\u00cen perioada 28-30 august 2026, \u00een municipiul Timi\u0219oara se va desf\u0103\u0219ura <span><a href=\"https:\/\/renasterea.ro\/surprize-de-proportii-ne-asteapta-la-super-rally-timisoara-pilotii-simone-tempestini-lucio-peruggini-si-costel-casuneanu-alaturi-timisorenii-radu-benea-nicolas-benea-leo-borlovan-alexandru-krepe\/\">Campionatul Na\u021bional de Super Rally<\/a><\/span>. Astfel, \u00een perioada 28 august 2026, ora 12:00 \u2013 30 august 2026, ora 08:00, circula\u021bia rutier\u0103 va fi \u00eenchis\u0103 pe:<\/h4>\n<p>\u2013 bulevardul I.C. Br\u0103tianu, tronsonul cuprins \u00eentre Pia\u021ba Iancu Huniade \u0219i strada Michelangelo;<br \/>\n* strada 20 Decembrie 1989, de la Pia\u021ba Iancu Huniade p\u00e2n\u0103 la intersec\u021bia cu bulevardul C.D. Loga;<br \/>\n* strada Patriarh Miron Cristea, tronsonul cuprins \u00eentre bulevardul Mihai Eminescu \u0219i bulevardul I.C. Br\u0103tianu.<\/p>\n<p>Intersec\u021bia str\u0103zii 20 Decembrie 1989 cu bulevardul C.D. Loga va r\u0103m\u00e2ne deschis\u0103 circula\u021biei.<\/p>\n<p>\u00cen perioada 28 august 2026, ora 22:00 \u2013 29 august 2026, ora 20:00, traficul rutier va fi \u00eenchis pe:<\/p>\n<p>* bulevardul C.D. Loga, \u00eentre strada George Enescu \u0219i bulevardul Regele Ferdinand I;<br \/>\n* strada 20 Decembrie 1989, \u00eentre bulevardul C.D. Loga \u0219i Podul Mihai Viteazu;<br \/>\n* bulevardul Regele Ferdinand I, \u00eentre bulevardul C.D. Loga \u0219i Podul Mihai Viteazu.<\/p>\n<p>De asemenea, p\u00e2n\u0103 \u00een data de 30 august 2026, ora 8:00, vor fi rezervate locurile de parcare din parcarea Modex, locurile destinate autocarelor \u0219i spa\u021biile de tip \u201eDrop-off\u201d din Pia\u021ba Iancu Huniade, precum \u0219i locurile de parcare adiacente bulevardului I.C. Br\u0103tianu, pe ambele sensuri de circula\u021bie, a transmis IPJ Timi\u015f.<\/p>\n<p>Poli\u021bi\u0219tii recomand\u0103 \u0219oferilor s\u0103 evite, pe c\u00e2t posibil, zona central\u0103 a municipiului Timi\u0219oara \u00een intervalele men\u021bionate \u0219i s\u0103 utilizeze rute alternative, respect\u00e2nd semnalizarea rutier\u0103 temporar\u0103 \u0219i indica\u021biile poli\u021bi\u0219tilor afla\u021bi \u00een teren.<\/p>\n<\/div>\n<p>[analyse_source url=&#8221;https:\/\/renasterea.ro\/centrul-timisoarei-blocat-de-super-rally\/&#8221;]<\/p>\n","protected":false},"excerpt":{"rendered":"<p>[analyse_image type=&#8221;featured&#8221; src=&#8221;https:\/\/renasterea.ro\/ro\/wp-content\/uploads\/2026\/08\/super-rally-1.jpghttps:\/\/renasterea.ro\/ro\/wp-content\/uploads\/2026\/08\/super-rally-1.jpg&#8221;] \u00cen perioada 28-30 august 2026, \u00een municipiul Timi\u0219oara se va desf\u0103\u0219ura Campionatul Na\u021bional de Super Rally. Astfel, \u00een perioada 28 august 2026, ora 12:00 \u2013 30 august 2026, ora 08:00, circula\u021bia rutier\u0103 va fi \u00eenchis\u0103 pe: \u2013 bulevardul I.C. Br\u0103tianu, tronsonul cuprins \u00eentre Pia\u021ba Iancu Huniade \u0219i strada Michelangelo; * strada 20 [&hellip;]<\/p>\n","protected":false},"author":1,"featured_media":0,"comment_status":"open","ping_status":"","sticky":false,"template":"","format":"standard","meta":{"footnotes":""},"categories":[89],"tags":[226,188],"class_list":["post-2117534","post","type-post","status-publish","format-standard","hentry","category-romania","tag-crawlmanager","tag-renasterea-ro"],"_links":{"self":[{"href":"https:\/\/analyse.optim.biz\/index.php?rest_route=\/wp\/v2\/posts\/2117534","targetHints":{"allow":["GET"]}}],"collection":[{"href":"https:\/\/analyse.optim.biz\/index.php?rest_route=\/wp\/v2\/posts"}],"about":[{"href":"https:\/\/analyse.optim.biz\/index.php?rest_route=\/wp\/v2\/types\/post"}],"author":[{"embeddable":true,"href":"https:\/\/analyse.optim.biz\/index.php?rest_route=\/wp\/v2\/users\/1"}],"replies":[{"embeddable":true,"href":"https:\/\/analyse.optim.biz\/index.php?rest_route=%2Fwp%2Fv2%2Fcomments&post=2117534"}],"version-history":[{"count":0,"href":"https:\/\/analyse.optim.biz\/index.php?rest_route=\/wp\/v2\/posts\/2117534\/revisions"}],"wp:attachment":[{"href":"https:\/\/analyse.optim.biz\/index.php?rest_route=%2Fwp%2Fv2%2Fmedia&parent=2117534"}],"wp:term":[{"taxonomy":"category","embeddable":true,"href":"https:\/\/analyse.optim.biz\/index.php?rest_route=%2Fwp%2Fv2%2Fcategories&post=2117534"},{"taxonomy":"post_tag","embeddable":true,"href":"https:\/\/analyse.optim.biz\/index.php?rest_route=%2Fwp%2Fv2%2Ftags&post=2117534"}],"curies":[{"name":"wp","href":"https:\/\/api.w.org\/{rel}","templated":true}]}}