{"id":2117532,"date":"2026-08-28T11:59:50","date_gmt":"2026-08-28T08:59:50","guid":{"rendered":"https:\/\/analyse.optim.biz\/?p=2117532"},"modified":"2026-08-28T11:59:50","modified_gmt":"2026-08-28T08:59:50","slug":"timisul-aduce-gusturile-banatului-la-bias-2026","status":"publish","type":"post","link":"https:\/\/analyse.optim.biz\/?p=2117532","title":{"rendered":"Timi\u0219ul aduce gusturile Banatului la BIAS 2026"},"content":{"rendered":"<p>[analyse_image type=&#8221;featured&#8221; src=&#8221;https:\/\/renasterea.ro\/ro\/wp-content\/uploads\/2026\/08\/BIAS-2026-1.jpeghttps:\/\/renasterea.ro\/ro\/wp-content\/uploads\/2026\/08\/BIAS-2026-1.jpeg&#8221;]<\/p>\n<div class=\"entry-content\"><img loading=\"lazy\" decoding=\"async\" width=\"600\" height=\"450\" src=\"https:\/\/renasterea.ro\/ro\/wp-content\/uploads\/2026\/08\/BIAS-2026-1.jpeg\" class=\"attachment-medium size-medium wp-post-image\" alt=\"Timi\u0219ul aduce gusturile Banatului la BIAS 2026\" title=\"Timi\u0219ul aduce gusturile Banatului la BIAS 2026 1\"><\/p>\n<h4><strong>Timi\u0219ul aduce gusturile Banatului la BIAS 2026.<\/strong><\/h4>\n<p>Consiliul Jude\u021bean Timi\u0219 \u0219i Visit Timi\u0219 particip\u0103 la BIAS 2026, unul dintre cele mai importante evenimente de avia\u021bie din Rom\u00e2nia, care are loc \u00een 28 \u0219i 29 august, la Aeroportul Interna\u021bional Bucure\u0219ti B\u0103neasa \u201eAurel Vlaicu\u201d.<\/p>\n<p>Prezen\u021ba Timi\u0219ului la BIAS pune \u00een prim-plan gastronomia Banatului \u0219i caracterul multicultural al regiunii. Sub conceptul \u201eOne shared table\u201d, publicul este invitat s\u0103 descopere o parte din identitatea Banatului prin gusturi, ingrediente \u0219i preparate inspirate din tradi\u021bia gastronomic\u0103 local\u0103.<\/p>\n<p>Banatul are o identitate construit\u0103 prin \u00eent\u00e2lnirea mai multor comunit\u0103\u021bi \u0219i tradi\u021bii. Aceast\u0103 diversitate se reg\u0103se\u0219te \u00een gastronomia regiunii, unde influen\u021bele Europei Centrale \u0219i ale Balcanilor s-au \u00eent\u00e2lnit \u0219i au evoluat \u00eempreun\u0103.<\/p>\n<p>La BIAS, conceptul \u201eOne shared table\u201d este transpus \u00eentr-o selec\u021bie gastronomic\u0103 inspirat\u0103 de bel\u0219ugul verii \u00een buc\u0103t\u0103ria b\u0103n\u0103\u021bean\u0103. Cl\u0103tita b\u0103n\u0103\u021bean\u0103 cu bezea, Banat Spritz \u0219i Rachiu &amp; Tonic aduc \u00een fa\u021ba publicului ingrediente \u0219i gusturi locale, reinterpretate \u00eentr-o form\u0103 potrivit\u0103 unui eveniment de amploare.<\/p>\n<p>Cl\u0103tita b\u0103n\u0103\u021bean\u0103 cu bezea este prezentat\u0103 dup\u0103 re\u021beta Laurei Lauren\u021biu, Ambasador Banat 2028, Regiune Gastronomic\u0103 European\u0103. Cele dou\u0103 b\u0103uturi pornesc de la ingrediente locale \u0219i propun reinterpret\u0103ri ale unor b\u0103uturi cunoscute: Banat Spritz combin\u0103 fructe de sezon cu spumant local, iar Rachiu &amp; Tonic valorific\u0103 rachiul dublu distilat de gutui.<\/p>\n<p>Participarea la BIAS face parte din demersul de promovare a jude\u021bului Timi\u0219 ca destina\u021bie turistic\u0103 \u0219i gastronomic\u0103. Evenimentul ofer\u0103 acces la un public numeros din Bucure\u0219ti \u0219i din \u021bar\u0103 \u0219i creeaz\u0103 un context pentru prezentarea Banatului din perspectiva gastronomiei, a patrimoniului \u0219i a diversit\u0103\u021bii sale culturale.<\/p>\n<p>La standul Timi\u0219ului, vizitatorii pot afla mai multe despre preparatele prezentate \u0219i pot descoperi re\u021bete \u0219i informa\u021bii despre gastronomia Banatului prin intermediul codului QR c\u0103tre aplica\u021bia Visit Timi\u0219.<\/p>\n<p>Participarea la BIAS are \u0219i o leg\u0103tur\u0103 simbolic\u0103 pentru Timi\u0219 \u0219i pentru istoria avia\u021biei rom\u00e2ne\u0219ti. Edi\u021bia din 2026 este dedicat\u0103 lui Traian Vuia, la 120 de ani de la primul s\u0103u zbor realizat cu un aparat de zbor autopropulsat. Evenimentul reune\u0219te echipe \u0219i aeronave din Rom\u00e2nia \u0219i din str\u0103in\u0103tate \u0219i include demonstra\u021bii aeriene, expozi\u021bii \u0219i activit\u0103\u021bi pentru public.<\/p>\n<p>Prin prezen\u021ba la BIAS, Timi\u0219ul aduce \u00een fa\u021ba publicului o parte din identitatea Banatului \u0219i continu\u0103 promovarea regiunii ca destina\u021bie turistic\u0103 \u0219i gastronomic\u0103.<\/p>\n<p>\u201eOne shared table\u201d este invita\u021bia de a descoperi Banatul la aceea\u0219i mas\u0103, prin gusturi care reflect\u0103 diversitatea unei regiuni construite la \u00eent\u00e2lnirea mai multor culturi.<\/p>\n<\/div>\n<p>[analyse_source url=&#8221;https:\/\/renasterea.ro\/timisul-aduce-gusturile-banatului-la-bias-2026\/&#8221;]<\/p>\n","protected":false},"excerpt":{"rendered":"<p>[analyse_image type=&#8221;featured&#8221; src=&#8221;https:\/\/renasterea.ro\/ro\/wp-content\/uploads\/2026\/08\/BIAS-2026-1.jpeghttps:\/\/renasterea.ro\/ro\/wp-content\/uploads\/2026\/08\/BIAS-2026-1.jpeg&#8221;] Timi\u0219ul aduce gusturile Banatului la BIAS 2026. Consiliul Jude\u021bean Timi\u0219 \u0219i Visit Timi\u0219 particip\u0103 la BIAS 2026, unul dintre cele mai importante evenimente de avia\u021bie din Rom\u00e2nia, care are loc \u00een 28 \u0219i 29 august, la Aeroportul Interna\u021bional Bucure\u0219ti B\u0103neasa \u201eAurel Vlaicu\u201d. Prezen\u021ba Timi\u0219ului la BIAS pune \u00een prim-plan gastronomia Banatului \u0219i [&hellip;]<\/p>\n","protected":false},"author":1,"featured_media":0,"comment_status":"open","ping_status":"","sticky":false,"template":"","format":"standard","meta":{"footnotes":""},"categories":[89],"tags":[226,188],"class_list":["post-2117532","post","type-post","status-publish","format-standard","hentry","category-romania","tag-crawlmanager","tag-renasterea-ro"],"_links":{"self":[{"href":"https:\/\/analyse.optim.biz\/index.php?rest_route=\/wp\/v2\/posts\/2117532","targetHints":{"allow":["GET"]}}],"collection":[{"href":"https:\/\/analyse.optim.biz\/index.php?rest_route=\/wp\/v2\/posts"}],"about":[{"href":"https:\/\/analyse.optim.biz\/index.php?rest_route=\/wp\/v2\/types\/post"}],"author":[{"embeddable":true,"href":"https:\/\/analyse.optim.biz\/index.php?rest_route=\/wp\/v2\/users\/1"}],"replies":[{"embeddable":true,"href":"https:\/\/analyse.optim.biz\/index.php?rest_route=%2Fwp%2Fv2%2Fcomments&post=2117532"}],"version-history":[{"count":0,"href":"https:\/\/analyse.optim.biz\/index.php?rest_route=\/wp\/v2\/posts\/2117532\/revisions"}],"wp:attachment":[{"href":"https:\/\/analyse.optim.biz\/index.php?rest_route=%2Fwp%2Fv2%2Fmedia&parent=2117532"}],"wp:term":[{"taxonomy":"category","embeddable":true,"href":"https:\/\/analyse.optim.biz\/index.php?rest_route=%2Fwp%2Fv2%2Fcategories&post=2117532"},{"taxonomy":"post_tag","embeddable":true,"href":"https:\/\/analyse.optim.biz\/index.php?rest_route=%2Fwp%2Fv2%2Ftags&post=2117532"}],"curies":[{"name":"wp","href":"https:\/\/api.w.org\/{rel}","templated":true}]}}