{"id":2117491,"date":"2026-08-28T03:17:26","date_gmt":"2026-08-28T00:17:26","guid":{"rendered":"https:\/\/analyse.optim.biz\/?p=2117491"},"modified":"2026-08-28T03:17:26","modified_gmt":"2026-08-28T00:17:26","slug":"noaptea-muzeelor-la-sate-la-tisau-29-08-2026","status":"publish","type":"post","link":"https:\/\/analyse.optim.biz\/?p=2117491","title":{"rendered":"Noaptea Muzeelor la Sate, la Tis\u0103u, 29.08.2026!"},"content":{"rendered":"<p>[analyse_image type=&#8221;featured&#8221; src=&#8221;https:\/\/buzaumedia.ro\/wp-content\/uploads\/2026\/08\/788952202_122294186612019358_4588039085583926218_n.jpghttps:\/\/buzaumedia.ro\/wp-content\/uploads\/2026\/08\/788952202_122294186612019358_4588039085583926218_n.jpg&#8221;]<\/p>\n<div class=\"entry-content rbct clearfix is-highlight-shares\">\n<p>Centrul Cultural Tis\u0103u: Se apropie o noapte aparte la Tis\u0103u\u2026<br \/>\nCu emo\u021bie \u0219i mult drag, punem la punct ultimele detalii pentru Noaptea<br \/>\nMuzeelor la Sate, care va avea loc pe 29 august la Centrul Cultural Valea<br \/>\nS\u0103lciilor.<br \/>\n\u00cen aceste zile, voluntarii no\u0219tri preg\u0103tesc fiecare col\u021bi\u0219or, fiecare<br \/>\nobiect \u0219i fiecare surpriz\u0103, pentru ca atunci c\u00e2nd se vor deschide por\u021bile,<br \/>\ns\u0103 v\u0103 putem primi a\u0219a cum se cuvine: cu bucurie, cu pove\u0219ti \u0219i cu dorin\u021ba<br \/>\nde a v\u0103 face s\u0103 sim\u021bi\u021bi ceva din sufletul acestui loc. [image: \ud83e\udd0d]<br \/>\nPentru o noapte, casa veche, obiectele de odinioar\u0103, me\u0219te\u0219ugurile \u0219i<br \/>\npove\u0219tile satului se vor \u00eent\u00e2lni cu oamenii de ast\u0103zi. Iar printre ele vor<br \/>\nfi \u0219i copii, \u0219i tineri, \u0219i oameni care poate \u00ee\u0219i vor aminti de bunici, de<br \/>\ncasele de alt\u0103dat\u0103 \u0219i de lucrurile simple care au dat c\u00e2ndva ritm vie\u021bii de<br \/>\nla sat.<br \/>\nPentru c\u0103 la Tis\u0103u nu vrem ca tradi\u021bia s\u0103 fie doar privit\u0103. Vrem s\u0103 fie<br \/>\nsim\u021bit\u0103, povestit\u0103 \u0219i dus\u0103 mai departe.<br \/>\n\u0218i poate c\u0103 tocmai aici este farmecul acestei nop\u021bi: s\u0103 venim \u00eempreun\u0103 s\u0103<br \/>\ndescoperim c\u0103 ceea ce apar\u021bine trecutului poate deveni o parte frumoas\u0103 din<br \/>\nviitor.<br \/>\nPe 29 august, v\u0103 a\u0219tept\u0103m s\u0103 l\u0103sa\u021bi pentru c\u00e2teva ore agita\u021bia deoparte \u0219i<br \/>\ns\u0103 veni\u021bi s\u0103 tr\u0103i\u021bi Noaptea Muzeelor la Sate, la Tis\u0103u.<br \/>\nNoi preg\u0103tim totul.<br \/>\nVoi trebuie doar s\u0103 veni\u021bi.<br \/>\nPentru c\u0103 la Tis\u0103u nu vrem ca tradi\u021bia s\u0103 fie doar privit\u0103. Vrem s\u0103 fie<br \/>\nsim\u021bit\u0103, povestit\u0103 \u0219i dus\u0103 mai departe.<br \/>\n\u0218i poate c\u0103 tocmai aici este farmecul acestei nop\u021bi: s\u0103 venim \u00eempreun\u0103 s\u0103<br \/>\ndescoperim c\u0103 ceea ce apar\u021bine trecutului poate deveni o parte frumoas\u0103 din<br \/>\nviitor.<\/p>\n<div id=\"gallery-1\" class=\"gallery galleryid-189458 gallery-columns-3 gallery-size-thumbnail\">\n<figure class=\"gallery-item\">\n<div class=\"gallery-icon portrait\"><a href=\"https:\/\/buzaumedia.ro\/stiri-buzau\/noaptea-muzeelor-la-sate-la-tisau-29-08-2026\/attachment\/788952202_122294186612019358_4588039085583926218_n\/\"><img loading=\"lazy\" decoding=\"async\" width=\"72\" height=\"96\" src=\"https:\/\/buzaumedia.ro\/wp-content\/uploads\/2026\/08\/788952202_122294186612019358_4588039085583926218_n.jpg\" class=\"attachment-thumbnail size-thumbnail\" alt><img decoding=\"async\" loading=\"lazy\" width=\"72\" height=\"96\" src=\"https:\/\/buzaumedia.ro\/wp-content\/uploads\/2026\/08\/788952202_122294186612019358_4588039085583926218_n.jpg\" class=\"attachment-thumbnail size-thumbnail\" alt><\/a><\/div>\n<\/figure>\n<figure class=\"gallery-item\">\n<div class=\"gallery-icon portrait\"><a href=\"https:\/\/buzaumedia.ro\/stiri-buzau\/noaptea-muzeelor-la-sate-la-tisau-29-08-2026\/attachment\/785215799_122294186594019358_4213009462218208437_n\/\"><img loading=\"lazy\" decoding=\"async\" width=\"72\" height=\"96\" src=\"https:\/\/buzaumedia.ro\/wp-content\/uploads\/2026\/08\/785215799_122294186594019358_4213009462218208437_n.jpg\" class=\"attachment-thumbnail size-thumbnail\" alt><img decoding=\"async\" loading=\"lazy\" width=\"72\" height=\"96\" src=\"https:\/\/buzaumedia.ro\/wp-content\/uploads\/2026\/08\/785215799_122294186594019358_4213009462218208437_n.jpg\" class=\"attachment-thumbnail size-thumbnail\" alt><\/a><\/div>\n<\/figure>\n<figure class=\"gallery-item\">\n<div class=\"gallery-icon portrait\"><a href=\"https:\/\/buzaumedia.ro\/stiri-buzau\/noaptea-muzeelor-la-sate-la-tisau-29-08-2026\/attachment\/785287999_122294186636019358_1252587224822580838_n\/\"><img loading=\"lazy\" decoding=\"async\" width=\"72\" height=\"96\" src=\"https:\/\/buzaumedia.ro\/wp-content\/uploads\/2026\/08\/785287999_122294186636019358_1252587224822580838_n.jpg\" class=\"attachment-thumbnail size-thumbnail\" alt><img decoding=\"async\" loading=\"lazy\" width=\"72\" height=\"96\" src=\"https:\/\/buzaumedia.ro\/wp-content\/uploads\/2026\/08\/785287999_122294186636019358_1252587224822580838_n.jpg\" class=\"attachment-thumbnail size-thumbnail\" alt><\/a><\/div>\n<\/figure>\n<figure class=\"gallery-item\">\n<div class=\"gallery-icon portrait\"><a href=\"https:\/\/buzaumedia.ro\/stiri-buzau\/noaptea-muzeelor-la-sate-la-tisau-29-08-2026\/attachment\/787924697_122294186624019358_1029145527759935058_n\/\"><img loading=\"lazy\" decoding=\"async\" width=\"72\" height=\"96\" src=\"https:\/\/buzaumedia.ro\/wp-content\/uploads\/2026\/08\/787924697_122294186624019358_1029145527759935058_n.jpg\" class=\"attachment-thumbnail size-thumbnail\" alt><img decoding=\"async\" loading=\"lazy\" width=\"72\" height=\"96\" src=\"https:\/\/buzaumedia.ro\/wp-content\/uploads\/2026\/08\/787924697_122294186624019358_1029145527759935058_n.jpg\" class=\"attachment-thumbnail size-thumbnail\" alt><\/a><\/div>\n<\/figure>\n<\/div>\n<\/div>\n<p>[analyse_source url=&#8221;https:\/\/buzaumedia.ro\/stiri-buzau\/noaptea-muzeelor-la-sate-la-tisau-29-08-2026\/&#8221;]<\/p>\n","protected":false},"excerpt":{"rendered":"<p>[analyse_image type=&#8221;featured&#8221; src=&#8221;https:\/\/buzaumedia.ro\/wp-content\/uploads\/2026\/08\/788952202_122294186612019358_4588039085583926218_n.jpghttps:\/\/buzaumedia.ro\/wp-content\/uploads\/2026\/08\/788952202_122294186612019358_4588039085583926218_n.jpg&#8221;] Centrul Cultural Tis\u0103u: Se apropie o noapte aparte la Tis\u0103u\u2026 Cu emo\u021bie \u0219i mult drag, punem la punct ultimele detalii pentru Noaptea Muzeelor la Sate, care va avea loc pe 29 august la Centrul Cultural Valea S\u0103lciilor. \u00cen aceste zile, voluntarii no\u0219tri preg\u0103tesc fiecare col\u021bi\u0219or, fiecare obiect \u0219i fiecare surpriz\u0103, pentru ca [&hellip;]<\/p>\n","protected":false},"author":1,"featured_media":0,"comment_status":"open","ping_status":"","sticky":false,"template":"","format":"standard","meta":{"footnotes":""},"categories":[2],"tags":[66,226],"class_list":["post-2117491","post","type-post","status-publish","format-standard","hentry","category-politics","tag-buzaumedia-ro","tag-crawlmanager"],"_links":{"self":[{"href":"https:\/\/analyse.optim.biz\/index.php?rest_route=\/wp\/v2\/posts\/2117491","targetHints":{"allow":["GET"]}}],"collection":[{"href":"https:\/\/analyse.optim.biz\/index.php?rest_route=\/wp\/v2\/posts"}],"about":[{"href":"https:\/\/analyse.optim.biz\/index.php?rest_route=\/wp\/v2\/types\/post"}],"author":[{"embeddable":true,"href":"https:\/\/analyse.optim.biz\/index.php?rest_route=\/wp\/v2\/users\/1"}],"replies":[{"embeddable":true,"href":"https:\/\/analyse.optim.biz\/index.php?rest_route=%2Fwp%2Fv2%2Fcomments&post=2117491"}],"version-history":[{"count":0,"href":"https:\/\/analyse.optim.biz\/index.php?rest_route=\/wp\/v2\/posts\/2117491\/revisions"}],"wp:attachment":[{"href":"https:\/\/analyse.optim.biz\/index.php?rest_route=%2Fwp%2Fv2%2Fmedia&parent=2117491"}],"wp:term":[{"taxonomy":"category","embeddable":true,"href":"https:\/\/analyse.optim.biz\/index.php?rest_route=%2Fwp%2Fv2%2Fcategories&post=2117491"},{"taxonomy":"post_tag","embeddable":true,"href":"https:\/\/analyse.optim.biz\/index.php?rest_route=%2Fwp%2Fv2%2Ftags&post=2117491"}],"curies":[{"name":"wp","href":"https:\/\/api.w.org\/{rel}","templated":true}]}}