{"id":211749,"date":"2014-02-20T17:30:01","date_gmt":"2014-02-20T14:30:01","guid":{"rendered":"https:\/\/analyse.optim.biz\/?p=211749"},"modified":"2014-02-20T17:30:01","modified_gmt":"2014-02-20T14:30:01","slug":"contre-pe-salariile-uriase-de-la-asf-intre-traian-basescu-si-victor-ponta","status":"publish","type":"post","link":"https:\/\/analyse.optim.biz\/?p=211749","title":{"rendered":"Contre pe salariile uria\u0219e de la ASF \u00eentre Traian B\u0103sescu \u0219i Victor Ponta"},"content":{"rendered":"<div class=\"entry data-app-meta data-app-meta-article\" data-embed-base-url-canonical=\"https:\/\/www.digi24.ro\/embed\/stiri\/actualitate\/politica\/contre-pe-salariile-uriase-de-la-asf-intre-traian-basescu-si-victor-ponta-203661\">\n<p data-index=\"1\">Premierul <strong>Victor Ponta<\/strong> \u00eel acuz\u0103 pe pre\u015fedinte c\u0103 \u015ftia de ani buni de salariile din fostele comisii ale ASF \u015fi nu a f\u0103cut nimic.<\/p>\n<p data-index=\"2\">\u201e<span>A\u0219 fi fost fericit ca B\u0103sescu s\u0103 fac\u0103 aceste solicit\u0103ri c\u00e2nd \u0219efi la CNVM, asigur\u0103ri, pensii erau pu\u0219i de PDL \u0219i aveau salariile mai mari ca acum. \u0218i astea de acum sunt inacceptabil de mari, dar c\u00e2nd erau duble, dar erau oamenii lui era foarte fericit\u201d, a spus Victor Ponta.<\/span><\/p>\n<p data-index=\"3\">Pre\u015fedintele <strong>Traian B\u0103sescu<\/strong> a cerut Parlamentului revocarea \u00eentregii conduceri a Autorit\u0103\u0163ii de Supraveghere Financiar\u0103.<\/p>\n<p data-index=\"4\">\u201e<span>ASF e o cloac\u0103 unde \u0219i-au g\u0103sit loc de parcare to\u021bi clien\u021bii politici, parc\u0103 ar fi arborele genealogic al USL\u201d, a declarat Traian B\u0103sescu. <\/span><\/p>\n<p data-index=\"5\">\u201eSo\u021bia mea lucreaz\u0103 la ASF din 2006, de nou\u0103 ani. A lucrat numai \u00een mediul bancar \u0219i de asigur\u0103ri, nu e o profitoare a regimului USL, lucreaz\u0103 de peste 20 de ani \u00een sistemul bancar\u201d, a spus<strong> Daniel Chi\u0163oiu<\/strong>, fost ministru al Finan\u0163elor.<\/p>\n<p data-index=\"6\">So\u0163ia fostului ministru al Finan\u0163elor Daniel Chi\u0163oiu este director \u00een cadrul ASF. Acum s-a autosuspendat din func\u0163ie pentru c\u0103 este urm\u0103rit\u0103 penal \u00een dosarul Carpatica Asig. Nu este singura so\u0163ie de politician angajat\u0103 la <strong>ASF<\/strong>. Acolo mai lucreaz\u0103 so\u0163ia lui <strong>George Scutaru<\/strong>, liderul grupului parlamentar al PNL de la Camera Deputa\u0163ilor, fiul ministerului Muncii, <strong>Mariana C\u00e2mpeanu<\/strong> \u015fi so\u0163ul primarului Craiovei, <strong>Lia Olgu\u0163a Vasilescu<\/strong>.<\/p>\n<p data-index=\"7\">Ei primesc salarii de mii \u015fi zeci de mii de euro. De exemplu, \u00een numai dou\u0103 luni, pre\u015fedintele ASF a \u00eencasat 72.000 de euro, iar prim-vicepre\u015fedintele 68.000 de euro. <\/p>\n<p data-index=\"8\">\u201e<span><strong>Ru\u0219anu, D\u0103ianu \u0219i Ursache<\/strong> sunt cel mai bine pl\u0103ti\u021bi din lume pentru incompeten\u021ba lor\u201d, a ad\u0103ugat pre\u0219edintele.<\/span><\/p>\n<p data-index=\"9\">Conducerea ASF spune c\u0103 salariile au fost t\u0103iate la jum\u0103tate fa\u0163\u0103 de vechile lefurile pe care le-au \u00eencasat fostele conduceri CSA \u015fi CNVM. Spre exemplu, fostul \u015fef al Comisiei de Supraveghere a Asigur\u0103rilor, <strong>Daniel Tudor<\/strong>, a \u00eencasat \u00een martie \u015fi aprilie 2013 peste 93.000 de euro.<\/p>\n<p data-index=\"10\"><strong>Venituri la ASF \u00een noiembrie-decembrie<\/strong><\/p>\n<p data-index=\"11\">Dan Radu Ru\u015fanu, pre\u015fedinte ASF: 72.000 euro<\/p>\n<p data-index=\"12\">Daniel D\u0103ianu, prim-vicepre\u015fedinte ASF: 68.000 euro<\/p>\n<p data-index=\"13\">Laura Chi\u0163oiu, director \u00een cadrul ASF: 19.000 euro<\/p>\n<\/div>\n<p> Source URL: https:\/\/www.digi24.ro\/stiri\/actualitate\/politica\/contre-pe-salariile-uriase-de-la-asf-intre-traian-basescu-si-victor-ponta-203661<\/p>\n","protected":false},"excerpt":{"rendered":"<p>Premierul Victor Ponta \u00eel acuz\u0103 pe pre\u015fedinte c\u0103 \u015ftia de ani buni de salariile din fostele comisii ale ASF \u015fi nu a f\u0103cut nimic. \u201eA\u0219 fi fost fericit ca B\u0103sescu s\u0103 fac\u0103 aceste solicit\u0103ri c\u00e2nd \u0219efi la CNVM, asigur\u0103ri, pensii erau pu\u0219i de PDL \u0219i aveau salariile mai mari ca acum. \u0218i astea de acum [&hellip;]<\/p>\n","protected":false},"author":1,"featured_media":211750,"comment_status":"open","ping_status":"","sticky":false,"template":"","format":"standard","meta":{"footnotes":""},"categories":[2],"tags":[11],"class_list":["post-211749","post","type-post","status-publish","format-standard","has-post-thumbnail","hentry","category-politics","tag-digi24"],"_links":{"self":[{"href":"https:\/\/analyse.optim.biz\/index.php?rest_route=\/wp\/v2\/posts\/211749","targetHints":{"allow":["GET"]}}],"collection":[{"href":"https:\/\/analyse.optim.biz\/index.php?rest_route=\/wp\/v2\/posts"}],"about":[{"href":"https:\/\/analyse.optim.biz\/index.php?rest_route=\/wp\/v2\/types\/post"}],"author":[{"embeddable":true,"href":"https:\/\/analyse.optim.biz\/index.php?rest_route=\/wp\/v2\/users\/1"}],"replies":[{"embeddable":true,"href":"https:\/\/analyse.optim.biz\/index.php?rest_route=%2Fwp%2Fv2%2Fcomments&post=211749"}],"version-history":[{"count":0,"href":"https:\/\/analyse.optim.biz\/index.php?rest_route=\/wp\/v2\/posts\/211749\/revisions"}],"wp:featuredmedia":[{"embeddable":true,"href":"https:\/\/analyse.optim.biz\/index.php?rest_route=\/wp\/v2\/media\/211750"}],"wp:attachment":[{"href":"https:\/\/analyse.optim.biz\/index.php?rest_route=%2Fwp%2Fv2%2Fmedia&parent=211749"}],"wp:term":[{"taxonomy":"category","embeddable":true,"href":"https:\/\/analyse.optim.biz\/index.php?rest_route=%2Fwp%2Fv2%2Fcategories&post=211749"},{"taxonomy":"post_tag","embeddable":true,"href":"https:\/\/analyse.optim.biz\/index.php?rest_route=%2Fwp%2Fv2%2Ftags&post=211749"}],"curies":[{"name":"wp","href":"https:\/\/api.w.org\/{rel}","templated":true}]}}