{"id":2117438,"date":"2026-08-28T11:07:38","date_gmt":"2026-08-28T08:07:38","guid":{"rendered":"https:\/\/analyse.optim.biz\/?p=2117438"},"modified":"2026-08-28T11:07:38","modified_gmt":"2026-08-28T08:07:38","slug":"explicatia-isteriei-ca-rusia-va-ataca-nato-ucraina-vrea-nato-in-razboi-rusia-dimpotriva-are-tot-interesul-sa-nu-o-faca","status":"publish","type":"post","link":"https:\/\/analyse.optim.biz\/?p=2117438","title":{"rendered":"Explica\u021bia isteriei c\u0103 Rusia va ataca NATO: Ucraina vrea NATO \u00een r\u0103zboi. Rusia, dimpotriv\u0103, are tot interesul s\u0103 nu o fac\u0103"},"content":{"rendered":"<p>[analyse_image type=&#8221;featured&#8221; src=&#8221;https:\/\/ortodoxinfo.ro\/wp-content\/uploads\/2026\/08\/nato-fum-1024&#215;683.pnghttps:\/\/ortodoxinfo.ro\/wp-content\/uploads\/2026\/08\/nato-fum.png&#8221;]<\/p>\n<article id=\"post-262422\" class=\"post-262422 post type-post status-publish format-standard has-post-thumbnail category-ucraina\">\n<header class=\"single-header\">\n<aside class=\"breadcrumb-wrap breadcrumb-yoast s-breadcrumb\">\n<div class=\"breadcrumb-inner\"><span><span><a href=\"https:\/\/ortodoxinfo.ro\/\">Prima pagin\u0103<\/a><\/span> \u00bb <span><a href=\"https:\/\/ortodoxinfo.ro\/blog\/\">Blog<\/a><\/span> \u00bb <span class=\"breadcrumb_last\" aria-current=\"page\">Explica\u021bia isteriei c\u0103 Rusia va ataca NATO: Ucraina vrea NATO \u00een r\u0103zboi. Rusia, dimpotriv\u0103, are tot interesul s\u0103 nu o fac\u0103<\/span><\/span><\/div>\n<\/aside>\n<h1 class=\"s-title fw-headline\">Explica\u021bia isteriei c\u0103 Rusia va ataca NATO: Ucraina vrea NATO \u00een r\u0103zboi. Rusia, dimpotriv\u0103, are tot interesul s\u0103 nu o fac\u0103<\/h1>\n<div class=\"single-meta meta-s-default yes-0\">\n<div class=\"smeta-in\"><a class=\"meta-el meta-avatar\" href=\"https:\/\/ortodoxinfo.ro\/author\/redactor\/\"><img loading=\"lazy\" decoding=\"async\" alt=\"OrtodoxINFO\" src=\"https:\/\/secure.gravatar.com\/avatar\/21010332354a182ce4de6016685c5586f21c51866d0ec5bc8ef383240b3c3e02?s=120&amp;r=g\" class=\"avatar avatar-120 photo\" height=\"120\" width=\"120\"><\/a><\/p>\n<div class=\"smeta-sec\">\n<div class=\"p-meta\">\n<div class=\"meta-inner is-meta\"><span class=\"meta-el meta-date\"><time datetime=\"2026-08-28T14:07:38+03:00\">28 august 2026<\/time><\/span><span class=\"meta-el meta-category meta-bold\"><a class=\"meta-separate category-15871\" href=\"https:\/\/ortodoxinfo.ro\/category\/anti-sistem\/al-iii-lea-razboi-mondial\/ucraina\/\">Ucraina<\/a><\/span><span class=\"meta-el meta-view\">6.1k vizualiz\u0103ri\t\t<\/span><span class=\"meta-el meta-comment mobile-last-meta tablet-last-meta\"><a href=\"https:\/\/ortodoxinfo.ro\/2026\/08\/28\/explicatia-isteriei-ca-rusia-va-ataca-nato-ucraina-vrea-nato-in-razboi-rusia-dimpotriva-are-tot-interesul-sa-nu-o-faca\/#respond\">Comentarii<\/a><\/span><\/div>\n<\/div>\n<\/div>\n<\/div>\n<div class=\"smeta-extra\">\n<div class=\"t-shared-sec tooltips-n has-read-meta is-color\">\n<div class=\"t-shared-header is-meta\"><span class=\"share-label\">Share<\/span><\/div>\n<\/div>\n<div class=\"single-right-meta single-time-read is-meta\"><span class=\"meta-el meta-read\">3 Min Read<\/span><\/div>\n<\/div>\n<\/div>\n<\/header>\n<div class=\"grid-container\">\n<div class=\"s-ct\">\n<div class=\"s-feat-outer\">\n<div class=\"s-feat\">\n<div class=\"featured-lightbox-trigger\" data-source=\"https:\/\/ortodoxinfo.ro\/wp-content\/uploads\/2026\/08\/nato-fum.png\" data-caption data-attribution><img fetchpriority=\"high\" decoding=\"async\" width=\"860\" height=\"573\" src=\"https:\/\/ortodoxinfo.ro\/wp-content\/uploads\/2026\/08\/nato-fum-860x573.png\" class=\"attachment-foxiz_crop_o1 size-foxiz_crop_o1 wp-post-image\" alt loading=\"eager\"><\/div>\n<\/div>\n<\/div>\n<div class=\"s-ct-wrap has-lsl\">\n<div class=\"s-ct-inner\">\n<div class=\"l-shared-sec-outer show-mobile\">\n<div class=\"l-shared-sec\">\n<div class=\"l-shared-header meta-text\"><span class=\"share-label\">SHARE<\/span><\/div>\n<\/div>\n<\/div>\n<div class=\"e-ct-outer\">\n<div class=\"entry-top\">\n<div id=\"custom_html-3\" class=\"widget_text widget entry-widget clearfix widget_custom_html\">\n<div class=\"textwidget custom-html-widget\">\n<div><small><br \/>\n    OrtodoxINFO este supus unui sabotaj sistematic din partea reprezentan\u021bilor Google Rom\u00e2nia, at\u00e2t la afi\u0219\u0103ri c\u00e2t \u0219i \u00een rezultatele de c\u0103utare.<br \/>\n        Astfel c\u0103 veniturile din publicitate au sc\u0103zut de p\u00e2n\u0103 la <strong>10 ori<\/strong>. Situa\u021bia este similar\u0103 \u0219i pe Facebook.<\/p>\n<p>        V\u0103 invit\u0103m s\u0103 accesa\u021bi direct site-ul \u0219i s\u0103 v\u0103 abona\u021bi la notific\u0103ri.<\/p>\n<p>    Dac\u0103 dori\u021bi s\u0103 ne sus\u021bine\u021bi \u00een aceast\u0103 perioad\u0103 dificil\u0103, orice <a href=\"https:\/\/ortodoxinfo.ro\/donatii\/\">dona\u021bie<\/a> este binevenit\u0103.<br \/>\n    Dumnezeu s\u0103 v\u0103 r\u0103spl\u0103teasc\u0103!<br \/>\n<\/small><\/div>\n<\/div>\n<\/div>\n<\/div>\n<div class=\"entry-content rbct clearfix is-highlight-shares\">\n<p>Exist\u0103 o \u00eentrebare pe care pu\u021bini anali\u0219ti occidentali au curajul s-o pun\u0103 r\u0103spicat: cine anume vrea, de fapt, ca r\u0103zboiul din Ucraina s\u0103 se extind\u0103 dincolo de grani\u021bele ei? R\u0103spunsul reputatului politolog american John Mearsheimer, dat recent la <a href=\"https:\/\/www.youtube.com\/watch?v=Q3Te5PIPh3g\" target=\"_blank\" rel=\"noopener\">podcastul Judging Freedom<\/a>, e limpede ca lacrima \u0219i incomod pentru mul\u021bi: Kievul, care se \u00eendreapt\u0103 spre \u00eenfr\u00eengere, spune analistul, are toate motivele s\u0103 trag\u0103 NATO \u00een conflict, \u00een timp ce Moscova nu are c\u00eetu\u0219i de pu\u021bin un asemenea interes.<\/p>\n<p>\u00centrebat despre posibilitatea unui atac al Rusiei la un stat NATO, cum se tot vorbe\u0219te, Mearsheimer r\u0103spunde:<\/p>\n<p><strong>\u201dCred c\u0103, \u00een acest moment, este foarte pu\u021bin probabil. Ar alege o lupt\u0103 cu NATO, iar ultimul lucru de care au nevoie ru\u0219ii este o lupt\u0103 real\u0103 \u00eempotriva Ucrainei, plus NATO. Deci nu cred c\u0103 o vor face.<\/strong><\/p>\n<p><strong>Cealalt\u0103 dimensiune a acestei probleme este c\u0103 ru\u0219ii se descurc\u0103 foarte bine \u00een r\u0103zboi. Cred c\u0103 odat\u0103 ce au decis s\u0103-\u0219i scoat\u0103 m\u0103nu\u0219ile \u00een campania de bombardare \u0219i s\u0103 atace siturile de la Marea Neagr\u0103, ora\u0219e precum Odessa \u0219i, practic, s\u0103 \u00eenchid\u0103 toate porturile ucrainene de la Marea Neagr\u0103, cred c\u0103 au \u00een\u021beles c\u0103 ajung la un punct \u00een care pot strangula economia ucrainean\u0103 \u00een moduri care ar avea un efect profund asupra c\u00e2mpului de lupt\u0103 \u00een sine.<\/strong><\/p>\n<p><strong>\u0218i, bine\u00een\u021beles, dac\u0103 ne uit\u0103m la ce se \u00eent\u00eempl\u0103 pe c\u00eempul de lupt\u0103, ru\u0219ii fac progrese constante \u2013 progrese lente, cu siguran\u021b\u0103, dar progrese constante. \u0218i ucrainenii nu pot face prea multe pentru a remedia situa\u021bia. De fapt, acum recruteaz\u0103 femei pentru c\u0103 sunt dispera\u021bi s\u0103 completeze r\u00eendurile de pe linia \u00eent\u00eei, dar asta nu va rezolva problema. Sunt sortite pieirii pe c\u00eempul de lupt\u0103.<\/strong><\/p>\n<p><img loading=\"lazy\" decoding=\"async\" class=\"alignnone size-full wp-image-60091456\" src=\"https:\/\/inpolitics.ro\/wp-content\/uploads\/2026\/08\/tttt.png\" alt width=\"2253\" height=\"1403\"><\/p>\n<p><strong>\u0218i, a\u0219a cum spuneam, c\u00eend te ui\u021bi la ce se \u00eent\u00eempl\u0103 cu r\u0103zboiul aerian, situa\u021bia se deterioreaz\u0103 cu o vitez\u0103 vertiginoas\u0103 pentru ucraineni. A\u0219adar, a \u00eencepe un r\u0103zboi cu NATO \u00een acest moment \u0219i a atrage NATO \u00een lupt\u0103 ar func\u021biona doar \u00een avantajul Ucrainei. Nu cred c\u0103 ru\u0219ii vor face asta\u201d<\/strong>. (Traducere \u0219i adaptare B.T.I.)<\/p>\n<\/div>\n<div class=\"entry-bottom\">\n<div id=\"block-9\" class=\"widget entry-widget clearfix widget_block\">\n<div><a href=\"https:\/\/suspend.ro\" target=\"_blank\" rel=\"noopener noreferrer\"><img decoding=\"async\" src=\"https:\/\/ortodoxinfo.ro\/wp-content\/uploads\/2026\/08\/FB_IMG_1786185261439.jpg\" alt=\"Verific\u0103 pe suspend.ro \u2013 Parlamentarii din jude\u021bul t\u0103u sus\u021bin suspendarea lui Nicu\u0219or Dan?\"><\/a><\/div>\n<\/div>\n<\/div>\n<\/div>\n<\/div>\n<div class=\"e-shared-sec entry-sec\">\n<div class=\"e-shared-header h4\"><span>Distribuie<\/span><\/div>\n<div class=\"rbbsl tooltips-n effect-fadeout is-bg\"><a class=\"share-action share-trigger icon-facebook\" aria-label=\"Share on Facebook\" href=\"https:\/\/www.facebook.com\/sharer.php?u=https%3A%2F%2Fortodoxinfo.ro%2F2026%2F08%2F28%2Fexplicatia-isteriei-ca-rusia-va-ataca-nato-ucraina-vrea-nato-in-razboi-rusia-dimpotriva-are-tot-interesul-sa-nu-o-faca%2F\" data-title=\"Facebook\" rel=\"nofollow\"><span>Facebook<\/span><\/a><a class=\"share-action share-trigger icon-twitter\" aria-label=\"Share on X\" href=\"https:\/\/twitter.com\/intent\/tweet?text=Explica%C8%9Bia+isteriei+c%C4%83+Rusia+va+ataca+NATO%3A+Ucraina+vrea+NATO+%C3%AEn+r%C4%83zboi.+Rusia%2C+dimpotriv%C4%83%2C+are+tot+interesul+s%C4%83+nu+o+fac%C4%83&amp;url=https%3A%2F%2Fortodoxinfo.ro%2F2026%2F08%2F28%2Fexplicatia-isteriei-ca-rusia-va-ataca-nato-ucraina-vrea-nato-in-razboi-rusia-dimpotriva-are-tot-interesul-sa-nu-o-faca%2F&amp;via=ortodoxinforo\" data-title=\"X\" rel=\"nofollow\"><span>X<\/span><\/a><a class=\"share-action icon-whatsapp is-web\" aria-label=\"Share on Whatsapp\" href=\"https:\/\/web.whatsapp.com\/send?text=Explica%C8%9Bia+isteriei+c%C4%83+Rusia+va+ataca+NATO%3A+Ucraina+vrea+NATO+%C3%AEn+r%C4%83zboi.+Rusia%2C+dimpotriv%C4%83%2C+are+tot+interesul+s%C4%83+nu+o+fac%C4%83%20%E2%98%9E%20https%3A%2F%2Fortodoxinfo.ro%2F2026%2F08%2F28%2Fexplicatia-isteriei-ca-rusia-va-ataca-nato-ucraina-vrea-nato-in-razboi-rusia-dimpotriva-are-tot-interesul-sa-nu-o-faca%2F\" target=\"_blank\" data-title=\"WhatsApp\" rel=\"nofollow\"><span>Whatsapp<\/span><\/a><a class=\"share-action icon-whatsapp is-mobile\" aria-label=\"Share on Whatsapp\" href=\"\/\/send?text=Explica%C8%9Bia+isteriei+c%C4%83+Rusia+va+ataca+NATO%3A+Ucraina+vrea+NATO+%C3%AEn+r%C4%83zboi.+Rusia%2C+dimpotriv%C4%83%2C+are+tot+interesul+s%C4%83+nu+o+fac%C4%83%20%E2%98%9E%20https%3A%2F%2Fortodoxinfo.ro%2F2026%2F08%2F28%2Fexplicatia-isteriei-ca-rusia-va-ataca-nato-ucraina-vrea-nato-in-razboi-rusia-dimpotriva-are-tot-interesul-sa-nu-o-faca%2F\" target=\"_blank\" data-title=\"WhatsApp\" rel=\"nofollow\"><span>Whatsapp<\/span><\/a><a class=\"share-action share-trigger icon-telegram\" aria-label=\"Share on Telegram\" href=\"https:\/\/t.me\/share\/?url=https%3A%2F%2Fortodoxinfo.ro%2F2026%2F08%2F28%2Fexplicatia-isteriei-ca-rusia-va-ataca-nato-ucraina-vrea-nato-in-razboi-rusia-dimpotriva-are-tot-interesul-sa-nu-o-faca%2F&amp;text=Explica%C8%9Bia+isteriei+c%C4%83+Rusia+va+ataca+NATO%3A+Ucraina+vrea+NATO+%C3%AEn+r%C4%83zboi.+Rusia%2C+dimpotriv%C4%83%2C+are+tot+interesul+s%C4%83+nu+o+fac%C4%83\" data-title=\"Telegram\" rel=\"nofollow\"><span>Telegram<\/span><\/a><a class=\"share-action icon-copy copy-trigger\" aria-label=\"Copy Link\" href=\"https:\/\/ortodoxinfo.ro\/2026\/08\/28\/explicatia-isteriei-ca-rusia-va-ataca-nato-ucraina-vrea-nato-in-razboi-rusia-dimpotriva-are-tot-interesul-sa-nu-o-faca\/\" data-copied=\"Copied!\" data-link=\"https:\/\/ortodoxinfo.ro\/2026\/08\/28\/explicatia-isteriei-ca-rusia-va-ataca-nato-ucraina-vrea-nato-in-razboi-rusia-dimpotriva-are-tot-interesul-sa-nu-o-faca\/\" rel=\"nofollow\" data-copy=\"Copy Link\"><span>Copy Link<\/span><\/a><a class=\"share-action icon-print\" aria-label=\"Print\" rel=\"nofollow\" data-title=\"Print\"><span>Print<\/span><\/a><\/div>\n<\/div>\n<\/div>\n<div id=\"tabs\" class=\"dntplgn_form_wrapper\"><span><\/p>\n<h2>\u0218tirile sunt sub cenzur\u0103! Sprijini\u021bi OrtodoxINFO!<\/h2>\n<p>Guvernul nu dore\u0219te aflarea adev\u0103rului despre lovitura de stat \u0219i \u00eengenuncherea Rom\u00e2niei. \u00cencerc\u0103m s\u0103 men\u021binem viu acest site \u0219i s\u0103 v\u0103 punem la dispozi\u021bie informa\u021bii care s\u0103 fac\u0103 lumin\u0103 \u00een cea mai mare provocare pe care o tr\u0103im. Jurnalismul independent al portalului OrtodoxINFO func\u021bioneaz\u0103 strict cu ajutorul cititorilor.<br \/>\nNe pute\u021bi sprijini printr-o <b><a href=\"https:\/\/ortodoxinfo.ro\/donatii\/\">dona\u021bie bancar\u0103<\/a> sau prin PayPal, complet\u00e2nd formularul de mai jos.<\/b><\/span><\/p>\n<ul>\n<li><a href=\"https:\/\/ortodoxinfo.ro\/2026\/08\/28\/explicatia-isteriei-ca-rusia-va-ataca-nato-ucraina-vrea-nato-in-razboi-rusia-dimpotriva-are-tot-interesul-sa-nu-o-faca\/#tabs-1\">Dona\u021bie lunar\u0103<\/a><\/li>\n<li><a href=\"https:\/\/ortodoxinfo.ro\/2026\/08\/28\/explicatia-isteriei-ca-rusia-va-ataca-nato-ucraina-vrea-nato-in-razboi-rusia-dimpotriva-are-tot-interesul-sa-nu-o-faca\/#tabs-2\">Doar acum<\/a><\/li>\n<\/ul>\n<div id=\"tabs-1\"><img loading=\"lazy\" decoding=\"async\" alt border=\"0\" src=\"https:\/\/www.paypalobjects.com\/en_US\/i\/scr\/pixel.gif\" width=\"1\" height=\"1\"><\/div>\n<div id=\"tabs-2\">\n<p>\t\t     \u20ac<\/p>\n<p>\t\t    <img loading=\"lazy\" decoding=\"async\" alt border=\"0\" src=\"https:\/\/www.paypalobjects.com\/en_US\/i\/scr\/pixel.gif\" width=\"1\" height=\"1\"><\/div>\n<p>Mul\u021bumim celor care ne-au ajutat p\u00e2n\u0103 acum!\n\t<\/p><\/div>\n<div class=\"comment-box-wrap entry-sec\">\n<div class=\"comment-box-header\"><span class=\"h3\">Las\u0103 un comentariu<\/span><\/div>\n<div class=\"comment-holder no-comment\">\n<div id=\"comments\" class=\"comments-area\">\n<div id=\"respond\" class=\"comment-respond\">\n<h3 id=\"reply-title\" class=\"comment-reply-title\">Las\u0103 un r\u0103spuns <small><a rel=\"nofollow\" id=\"cancel-comment-reply-link\" href=\"https:\/\/ortodoxinfo.ro\/2026\/08\/28\/explicatia-isteriei-ca-rusia-va-ataca-nato-ucraina-vrea-nato-in-razboi-rusia-dimpotriva-are-tot-interesul-sa-nu-o-faca\/#respond\">Anuleaz\u0103 r\u0103spunsul<\/a><\/small><\/h3>\n<p class=\"comment-notes\"><span id=\"email-notes\">Adresa ta de email nu va fi publicat\u0103.<\/span><span class=\"required-field-message\">C\u00e2mpurile obligatorii sunt marcate cu <span class=\"required\">*<\/span><\/span><\/p>\n<\/div>\n<\/div>\n<\/div>\n<\/div>\n<\/div>\n<div class=\"sidebar-wrap single-sidebar\">\n<div class=\"sidebar-inner clearfix\">\n<div id=\"widget-post-2\" class=\"widget rb-section w-sidebar clearfix widget-post\">\n<div class=\"block-h widget-heading heading-layout-1\">\n<div class=\"heading-inner\">\n<h4 class=\"heading-title\"><span>Articole recente<\/span><\/h4>\n<\/div>\n<\/div>\n<div class=\"widget-p-listing\">\n<div class=\"p-wrap p-small p-list-small-2\" data-pid=\"262475\">\n<div class=\"feat-holder\">\n<div class=\"p-featured ratio-v1\"><a class=\"p-flink\" href=\"https:\/\/ortodoxinfo.ro\/2026\/08\/28\/o-afacere-din-ce-in-ce-mai-greu-de-vandut-de-ce-parada-pride-se-confrunta-cu-reactii-adverse-chiar-si-din-interiorul-comunitatii-lgbt\/\" title=\"O afacere din ce \u00een ce mai greu de v\u00e2ndut: De ce parada Pride se confrunt\u0103 cu reac\u021bii adverse chiar si din interiorul comunit\u0103\u021bii LGBT\"><img decoding=\"async\" width=\"150\" height=\"150\" src=\"https:\/\/ortodoxinfo.ro\/wp-content\/uploads\/2026\/08\/o-afacere-din-ce-in-ce-mai-greu-de-vandut-de-ce-parada-pride-se-confrunta-cu-reactii-adverse-chiar-s-150x150.jpeg\" class=\"featured-img wp-post-image\" alt loading=\"lazy\"><\/a><\/div>\n<\/div>\n<div class=\"p-content\">\n<h5 class=\"entry-title\"><a class=\"p-url\" href=\"https:\/\/ortodoxinfo.ro\/2026\/08\/28\/o-afacere-din-ce-in-ce-mai-greu-de-vandut-de-ce-parada-pride-se-confrunta-cu-reactii-adverse-chiar-si-din-interiorul-comunitatii-lgbt\/\" rel=\"bookmark\">O afacere din ce \u00een ce mai greu de v\u00e2ndut: De ce parada Pride se confrunt\u0103 cu reac\u021bii adverse chiar si din interiorul comunit\u0103\u021bii LGBT<\/a><\/h5>\n<div class=\"p-meta\">\n<div class=\"meta-inner is-meta\"><span class=\"meta-el meta-date\"><time datetime=\"2026-08-28T18:59:34+03:00\">28 august 2026<\/time><\/span><span class=\"meta-el meta-category meta-bold\"><a class=\"meta-separate category-19869\" href=\"https:\/\/ortodoxinfo.ro\/category\/anti-sistem\/anti-familie\/deviatii-sexuale\/\">Devia\u021bii sexuale<\/a><\/span><span class=\"meta-el meta-view\">7.2k vizualiz\u0103ri\t\t<\/span><\/div>\n<\/div>\n<\/div>\n<\/div>\n<div class=\"p-wrap p-small p-list-small-2\" data-pid=\"262487\">\n<div class=\"feat-holder\">\n<div class=\"p-featured ratio-v1\"><a class=\"p-flink\" href=\"https:\/\/ortodoxinfo.ro\/2026\/08\/28\/lavrov-ue-a-intervenit-cu-nerusinare-in-alegerile-din-romania-iar-favoritul-a-fost-eliminat\/\" title=\"Lavrov: UE a intervenit cu neru\u0219inare \u00een alegerile din Rom\u00e2nia, iar favoritul a fost eliminat\"><img decoding=\"async\" width=\"150\" height=\"150\" src=\"https:\/\/ortodoxinfo.ro\/wp-content\/uploads\/2026\/08\/gggg-150x150.png\" class=\"featured-img wp-post-image\" alt loading=\"lazy\"><\/a><\/div>\n<\/div>\n<div class=\"p-content\">\n<h5 class=\"entry-title\"><a class=\"p-url\" href=\"https:\/\/ortodoxinfo.ro\/2026\/08\/28\/lavrov-ue-a-intervenit-cu-nerusinare-in-alegerile-din-romania-iar-favoritul-a-fost-eliminat\/\" rel=\"bookmark\">Lavrov: UE a intervenit cu neru\u0219inare \u00een alegerile din Rom\u00e2nia, iar favoritul a fost eliminat<\/a><\/h5>\n<div class=\"p-meta\">\n<div class=\"meta-inner is-meta\"><span class=\"meta-el meta-date\"><time datetime=\"2026-08-28T16:55:05+03:00\">28 august 2026<\/time><\/span><span class=\"meta-el meta-category meta-bold\"><a class=\"meta-separate category-19885\" href=\"https:\/\/ortodoxinfo.ro\/category\/anti-sistem\/anti-romanism\/asasinii-tarii\/\">Asasinii \u021b\u0103rii<\/a><\/span><span class=\"meta-el meta-view\">10.9k vizualiz\u0103ri\t\t<\/span><\/div>\n<\/div>\n<\/div>\n<\/div>\n<div class=\"p-wrap p-small p-list-small-2\" data-pid=\"262368\">\n<div class=\"feat-holder\">\n<div class=\"p-featured ratio-v1\"><a class=\"p-flink\" href=\"https:\/\/ortodoxinfo.ro\/2026\/08\/28\/gheorghe-piperea-face-bilantul-pnrr-slava-domnului-ca-scapam-de-asemenea-belea\/\" title=\"Gheorghe Piperea face bilan\u021bul PNRR: Slav\u0103 Domnului c\u0103 sc\u0103p\u0103m de asemenea belea\"><img decoding=\"async\" width=\"150\" height=\"150\" src=\"https:\/\/ortodoxinfo.ro\/wp-content\/uploads\/2026\/08\/avocatul-piperea-dezvaluie-cum-se-lupta-ue-cu-incalzirea-globala-1-scaled-150x150.jpg\" class=\"featured-img wp-post-image\" alt loading=\"lazy\"><\/a><\/div>\n<\/div>\n<div class=\"p-content\">\n<h5 class=\"entry-title\"><a class=\"p-url\" href=\"https:\/\/ortodoxinfo.ro\/2026\/08\/28\/gheorghe-piperea-face-bilantul-pnrr-slava-domnului-ca-scapam-de-asemenea-belea\/\" rel=\"bookmark\">Gheorghe Piperea face bilan\u021bul PNRR: Slav\u0103 Domnului c\u0103 sc\u0103p\u0103m de asemenea belea<\/a><\/h5>\n<div class=\"p-meta\">\n<div class=\"meta-inner is-meta\"><span class=\"meta-el meta-date\"><time datetime=\"2026-08-28T12:03:34+03:00\">28 august 2026<\/time><\/span><span class=\"meta-el meta-category meta-bold\"><a class=\"meta-separate category-19866\" href=\"https:\/\/ortodoxinfo.ro\/category\/lupta-pentru-romania\/\">Lupt\u0103 pentru Rom\u00e2nia<\/a><\/span><span class=\"meta-el meta-view\">10.5k vizualiz\u0103ri\t\t<\/span><\/div>\n<\/div>\n<\/div>\n<\/div>\n<div class=\"p-wrap p-small p-list-small-2\" data-pid=\"262315\">\n<div class=\"feat-holder\">\n<div class=\"p-featured ratio-v1\"><a class=\"p-flink\" href=\"https:\/\/ortodoxinfo.ro\/2026\/08\/28\/george-simion-il-spulbera-pe-ilegitimul-nicusor-dan-cine-l-a-facut-presedinte-nu-pahontu-mesajul-transmis-romanilor-treziti-va\/\" title=\"George Simion \u00eel spulber\u0103 pe ilegitimul Nicu\u0219or Dan: \u201dCine l-a f\u0103cut pre\u0219edinte? Nu Pahon\u021bu?\u201d Mesajul transmis rom\u00e2nilor: \u201dTrezi\u021bi-v\u0103!\u201d\"><img decoding=\"async\" width=\"150\" height=\"150\" src=\"https:\/\/ortodoxinfo.ro\/wp-content\/uploads\/2026\/08\/8138782-mediafax_foto-alexandru_dobre-scaled-e1787895309592-150x150.jpg\" class=\"featured-img wp-post-image\" alt loading=\"lazy\"><\/a><\/div>\n<\/div>\n<div class=\"p-content\">\n<h5 class=\"entry-title\"><a class=\"p-url\" href=\"https:\/\/ortodoxinfo.ro\/2026\/08\/28\/george-simion-il-spulbera-pe-ilegitimul-nicusor-dan-cine-l-a-facut-presedinte-nu-pahontu-mesajul-transmis-romanilor-treziti-va\/\" rel=\"bookmark\">George Simion \u00eel spulber\u0103 pe ilegitimul Nicu\u0219or Dan: \u201dCine l-a f\u0103cut pre\u0219edinte? Nu Pahon\u021bu?\u201d Mesajul transmis rom\u00e2nilor: \u201dTrezi\u021bi-v\u0103!\u201d<\/a><\/h5>\n<div class=\"p-meta\">\n<div class=\"meta-inner is-meta\"><span class=\"meta-el meta-date\"><time datetime=\"2026-08-28T10:42:52+03:00\">28 august 2026<\/time><\/span><span class=\"meta-el meta-category meta-bold\"><a class=\"meta-separate category-19866\" href=\"https:\/\/ortodoxinfo.ro\/category\/lupta-pentru-romania\/\">Lupt\u0103 pentru Rom\u00e2nia<\/a><\/span><span class=\"meta-el meta-view\">7.3k vizualiz\u0103ri\t\t<\/span><\/div>\n<\/div>\n<\/div>\n<\/div>\n<\/div>\n<\/div>\n<div id=\"custom_html-2\" class=\"widget_text widget rb-section w-sidebar clearfix widget_custom_html\">\n<div class=\"block-h widget-heading heading-layout-1\">\n<div class=\"heading-inner\">\n<h4 class=\"heading-title\"><span>DONA\u021aII \u00een cont bancar<\/span><\/h4>\n<\/div>\n<\/div>\n<div class=\"textwidget custom-html-widget\">\n<table class=\"donatii\">\n<tbody>\n<tr>\n<th colspan=\"2\"><strong><span>Asicia\u021bia SMI-B<\/span><\/strong><\/th>\n<\/tr>\n<tr>\n<th>Cont LEI<\/th>\n<td>RO67CECEB00030RON2081955<\/td>\n<\/tr>\n<tr>\n<th>Cont EURO<\/th>\n<td>RO33CECEB000C1EUR2081978<\/td>\n<\/tr>\n<tr>\n<th>Cod SWIFT<\/th>\n<td>CECEROBU<\/td>\n<\/tr>\n<tr>\n<th colspan=\"2\"><strong>CEC BANK SA<\/strong><\/th>\n<\/tr>\n<\/tbody>\n<\/table>\n<\/div>\n<\/div>\n<\/div>\n<\/div>\n<\/div>\n<\/article>\n<div class=\"entry-content rbct clearfix is-highlight-shares\">\n<p>Exist\u0103 o \u00eentrebare pe care pu\u021bini anali\u0219ti occidentali au curajul s-o pun\u0103 r\u0103spicat: cine anume vrea, de fapt, ca r\u0103zboiul din Ucraina s\u0103 se extind\u0103 dincolo de grani\u021bele ei? R\u0103spunsul reputatului politolog american John Mearsheimer, dat recent la <a href=\"https:\/\/www.youtube.com\/watch?v=Q3Te5PIPh3g\" target=\"_blank\" rel=\"noopener\">podcastul Judging Freedom<\/a>, e limpede ca lacrima \u0219i incomod pentru mul\u021bi: Kievul, care se \u00eendreapt\u0103 spre \u00eenfr\u00eengere, spune analistul, are toate motivele s\u0103 trag\u0103 NATO \u00een conflict, \u00een timp ce Moscova nu are c\u00eetu\u0219i de pu\u021bin un asemenea interes.<\/p>\n<p>\u00centrebat despre posibilitatea unui atac al Rusiei la un stat NATO, cum se tot vorbe\u0219te, Mearsheimer r\u0103spunde:<\/p>\n<p><strong>\u201dCred c\u0103, \u00een acest moment, este foarte pu\u021bin probabil. Ar alege o lupt\u0103 cu NATO, iar ultimul lucru de care au nevoie ru\u0219ii este o lupt\u0103 real\u0103 \u00eempotriva Ucrainei, plus NATO. Deci nu cred c\u0103 o vor face.<\/strong><\/p>\n<p><strong>Cealalt\u0103 dimensiune a acestei probleme este c\u0103 ru\u0219ii se descurc\u0103 foarte bine \u00een r\u0103zboi. Cred c\u0103 odat\u0103 ce au decis s\u0103-\u0219i scoat\u0103 m\u0103nu\u0219ile \u00een campania de bombardare \u0219i s\u0103 atace siturile de la Marea Neagr\u0103, ora\u0219e precum Odessa \u0219i, practic, s\u0103 \u00eenchid\u0103 toate porturile ucrainene de la Marea Neagr\u0103, cred c\u0103 au \u00een\u021beles c\u0103 ajung la un punct \u00een care pot strangula economia ucrainean\u0103 \u00een moduri care ar avea un efect profund asupra c\u00e2mpului de lupt\u0103 \u00een sine.<\/strong><\/p>\n<p><strong>\u0218i, bine\u00een\u021beles, dac\u0103 ne uit\u0103m la ce se \u00eent\u00eempl\u0103 pe c\u00eempul de lupt\u0103, ru\u0219ii fac progrese constante \u2013 progrese lente, cu siguran\u021b\u0103, dar progrese constante. \u0218i ucrainenii nu pot face prea multe pentru a remedia situa\u021bia. De fapt, acum recruteaz\u0103 femei pentru c\u0103 sunt dispera\u021bi s\u0103 completeze r\u00eendurile de pe linia \u00eent\u00eei, dar asta nu va rezolva problema. Sunt sortite pieirii pe c\u00eempul de lupt\u0103.<\/strong><\/p>\n<p><img loading=\"lazy\" decoding=\"async\" class=\"alignnone size-full wp-image-60091456\" src=\"https:\/\/inpolitics.ro\/wp-content\/uploads\/2026\/08\/tttt.png\" alt width=\"2253\" height=\"1403\"><\/p>\n<p><strong>\u0218i, a\u0219a cum spuneam, c\u00eend te ui\u021bi la ce se \u00eent\u00eempl\u0103 cu r\u0103zboiul aerian, situa\u021bia se deterioreaz\u0103 cu o vitez\u0103 vertiginoas\u0103 pentru ucraineni. A\u0219adar, a \u00eencepe un r\u0103zboi cu NATO \u00een acest moment \u0219i a atrage NATO \u00een lupt\u0103 ar func\u021biona doar \u00een avantajul Ucrainei. Nu cred c\u0103 ru\u0219ii vor face asta\u201d<\/strong>. (Traducere \u0219i adaptare B.T.I.)<\/p>\n<\/div>\n<p>[analyse_source url=&#8221;https:\/\/ortodoxinfo.ro\/2026\/08\/28\/explicatia-isteriei-ca-rusia-va-ataca-nato-ucraina-vrea-nato-in-razboi-rusia-dimpotriva-are-tot-interesul-sa-nu-o-faca\/&#8221;]<\/p>\n","protected":false},"excerpt":{"rendered":"<p>[analyse_image type=&#8221;featured&#8221; src=&#8221;https:\/\/ortodoxinfo.ro\/wp-content\/uploads\/2026\/08\/nato-fum-1024&#215;683.pnghttps:\/\/ortodoxinfo.ro\/wp-content\/uploads\/2026\/08\/nato-fum.png&#8221;] Prima pagin\u0103 \u00bb Blog \u00bb Explica\u021bia isteriei c\u0103 Rusia va ataca NATO: Ucraina vrea NATO \u00een r\u0103zboi. Rusia, dimpotriv\u0103, are tot interesul s\u0103 nu o fac\u0103 Explica\u021bia isteriei c\u0103 Rusia va ataca NATO: Ucraina vrea NATO \u00een r\u0103zboi. Rusia, dimpotriv\u0103, are tot interesul s\u0103 nu o fac\u0103 28 august 2026Ucraina6.1k vizualiz\u0103ri Comentarii [&hellip;]<\/p>\n","protected":false},"author":1,"featured_media":0,"comment_status":"open","ping_status":"","sticky":false,"template":"","format":"standard","meta":{"footnotes":""},"categories":[89],"tags":[226,94],"class_list":["post-2117438","post","type-post","status-publish","format-standard","hentry","category-romania","tag-crawlmanager","tag-ortodoxinfo-ro"],"_links":{"self":[{"href":"https:\/\/analyse.optim.biz\/index.php?rest_route=\/wp\/v2\/posts\/2117438","targetHints":{"allow":["GET"]}}],"collection":[{"href":"https:\/\/analyse.optim.biz\/index.php?rest_route=\/wp\/v2\/posts"}],"about":[{"href":"https:\/\/analyse.optim.biz\/index.php?rest_route=\/wp\/v2\/types\/post"}],"author":[{"embeddable":true,"href":"https:\/\/analyse.optim.biz\/index.php?rest_route=\/wp\/v2\/users\/1"}],"replies":[{"embeddable":true,"href":"https:\/\/analyse.optim.biz\/index.php?rest_route=%2Fwp%2Fv2%2Fcomments&post=2117438"}],"version-history":[{"count":0,"href":"https:\/\/analyse.optim.biz\/index.php?rest_route=\/wp\/v2\/posts\/2117438\/revisions"}],"wp:attachment":[{"href":"https:\/\/analyse.optim.biz\/index.php?rest_route=%2Fwp%2Fv2%2Fmedia&parent=2117438"}],"wp:term":[{"taxonomy":"category","embeddable":true,"href":"https:\/\/analyse.optim.biz\/index.php?rest_route=%2Fwp%2Fv2%2Fcategories&post=2117438"},{"taxonomy":"post_tag","embeddable":true,"href":"https:\/\/analyse.optim.biz\/index.php?rest_route=%2Fwp%2Fv2%2Ftags&post=2117438"}],"curies":[{"name":"wp","href":"https:\/\/api.w.org\/{rel}","templated":true}]}}