{"id":2117435,"date":"2026-08-28T13:55:05","date_gmt":"2026-08-28T10:55:05","guid":{"rendered":"https:\/\/analyse.optim.biz\/?p=2117435"},"modified":"2026-08-28T13:55:05","modified_gmt":"2026-08-28T10:55:05","slug":"lavrov-ue-a-intervenit-cu-nerusinare-in-alegerile-din-romania-iar-favoritul-a-fost-eliminat","status":"publish","type":"post","link":"https:\/\/analyse.optim.biz\/?p=2117435","title":{"rendered":"Lavrov: UE a intervenit cu neru\u0219inare \u00een alegerile din Rom\u00e2nia, iar favoritul a fost eliminat"},"content":{"rendered":"<p>[analyse_image type=&#8221;featured&#8221; src=&#8221;https:\/\/ortodoxinfo.ro\/wp-content\/uploads\/2026\/08\/gggg.pnghttps:\/\/ortodoxinfo.ro\/wp-content\/uploads\/2026\/08\/gggg.png&#8221;]<\/p>\n<article id=\"post-262487\" class=\"post-262487 post type-post status-publish format-standard has-post-thumbnail category-asasinii-tarii\">\n<header class=\"single-header\">\n<aside class=\"breadcrumb-wrap breadcrumb-yoast s-breadcrumb\">\n<div class=\"breadcrumb-inner\"><span><span><a href=\"https:\/\/ortodoxinfo.ro\/\">Prima pagin\u0103<\/a><\/span> \u00bb <span><a href=\"https:\/\/ortodoxinfo.ro\/blog\/\">Blog<\/a><\/span> \u00bb <span class=\"breadcrumb_last\" aria-current=\"page\">Lavrov: UE a intervenit cu neru\u0219inare \u00een alegerile din Rom\u00e2nia, iar favoritul a fost eliminat<\/span><\/span><\/div>\n<\/aside>\n<h1 class=\"s-title fw-headline\">Lavrov: UE a intervenit cu neru\u0219inare \u00een alegerile din Rom\u00e2nia, iar favoritul a fost eliminat<\/h1>\n<div class=\"single-meta meta-s-default yes-0\">\n<div class=\"smeta-in\"><a class=\"meta-el meta-avatar\" href=\"https:\/\/ortodoxinfo.ro\/author\/redactor\/\"><img loading=\"lazy\" decoding=\"async\" alt=\"OrtodoxINFO\" src=\"https:\/\/secure.gravatar.com\/avatar\/21010332354a182ce4de6016685c5586f21c51866d0ec5bc8ef383240b3c3e02?s=120&amp;r=g\" class=\"avatar avatar-120 photo\" height=\"120\" width=\"120\"><\/a><\/p>\n<div class=\"smeta-sec\">\n<div class=\"p-meta\">\n<div class=\"meta-inner is-meta\"><span class=\"meta-el meta-date\"><time datetime=\"2026-08-28T16:55:05+03:00\">28 august 2026<\/time><\/span><span class=\"meta-el meta-category meta-bold\"><a class=\"meta-separate category-19885\" href=\"https:\/\/ortodoxinfo.ro\/category\/anti-sistem\/anti-romanism\/asasinii-tarii\/\">Asasinii \u021b\u0103rii<\/a><\/span><span class=\"meta-el meta-view\">10.9k vizualiz\u0103ri\t\t<\/span><span class=\"meta-el meta-comment mobile-last-meta tablet-last-meta\"><a href=\"https:\/\/ortodoxinfo.ro\/2026\/08\/28\/lavrov-ue-a-intervenit-cu-nerusinare-in-alegerile-din-romania-iar-favoritul-a-fost-eliminat\/#respond\">Comentarii<\/a><\/span><\/div>\n<\/div>\n<\/div>\n<\/div>\n<div class=\"smeta-extra\">\n<div class=\"t-shared-sec tooltips-n has-read-meta is-color\">\n<div class=\"t-shared-header is-meta\"><span class=\"share-label\">Share<\/span><\/div>\n<\/div>\n<div class=\"single-right-meta single-time-read is-meta\"><span class=\"meta-el meta-read\">2 Min Read<\/span><\/div>\n<\/div>\n<\/div>\n<\/header>\n<div class=\"grid-container\">\n<div class=\"s-ct\">\n<div class=\"s-feat-outer\">\n<div class=\"s-feat\">\n<div class=\"featured-lightbox-trigger\" data-source=\"https:\/\/ortodoxinfo.ro\/wp-content\/uploads\/2026\/08\/gggg.png\" data-caption data-attribution><img fetchpriority=\"high\" decoding=\"async\" width=\"860\" height=\"600\" src=\"https:\/\/ortodoxinfo.ro\/wp-content\/uploads\/2026\/08\/gggg-860x600.png\" class=\"attachment-foxiz_crop_o1 size-foxiz_crop_o1 wp-post-image\" alt loading=\"eager\"><\/div>\n<\/div>\n<\/div>\n<div class=\"s-ct-wrap has-lsl\">\n<div class=\"s-ct-inner\">\n<div class=\"l-shared-sec-outer show-mobile\">\n<div class=\"l-shared-sec\">\n<div class=\"l-shared-header meta-text\"><span class=\"share-label\">SHARE<\/span><\/div>\n<\/div>\n<\/div>\n<div class=\"e-ct-outer\">\n<div class=\"entry-top\">\n<div id=\"custom_html-3\" class=\"widget_text widget entry-widget clearfix widget_custom_html\">\n<div class=\"textwidget custom-html-widget\">\n<div><small><br \/>\n    OrtodoxINFO este supus unui sabotaj sistematic din partea reprezentan\u021bilor Google Rom\u00e2nia, at\u00e2t la afi\u0219\u0103ri c\u00e2t \u0219i \u00een rezultatele de c\u0103utare.<br \/>\n        Astfel c\u0103 veniturile din publicitate au sc\u0103zut de p\u00e2n\u0103 la <strong>10 ori<\/strong>. Situa\u021bia este similar\u0103 \u0219i pe Facebook.<\/p>\n<p>        V\u0103 invit\u0103m s\u0103 accesa\u021bi direct site-ul \u0219i s\u0103 v\u0103 abona\u021bi la notific\u0103ri.<\/p>\n<p>    Dac\u0103 dori\u021bi s\u0103 ne sus\u021bine\u021bi \u00een aceast\u0103 perioad\u0103 dificil\u0103, orice <a href=\"https:\/\/ortodoxinfo.ro\/donatii\/\">dona\u021bie<\/a> este binevenit\u0103.<br \/>\n    Dumnezeu s\u0103 v\u0103 r\u0103spl\u0103teasc\u0103!<br \/>\n<\/small><\/div>\n<\/div>\n<\/div>\n<\/div>\n<div class=\"entry-content rbct clearfix is-highlight-shares\">\n<p>Ministrul rus de Externe, Serghei Lavrov, a acordat azi un amplu interviu postului de televiziune RBC, \u00een care, pe l\u00eeng\u0103 multe probleme geopolitice abordate, el a vorbit \u0219i despre felul \u00een care Uniunea European\u0103 ar interveni \u00een alegerile din alte state, la loc de cinste fiind cazurile Rom\u00e2niei \u0219i ale Moldovei.<\/p>\n<p><strong>\u201dS-ar putea aminti, de asemenea, situa\u021bia din Moldova, unde alegerile s-au desf\u0103\u0219urat cu o implicare at\u00eet de intens\u0103 din partea Uniunii Europene\u201d<\/strong> afirm\u0103 Lavrov.<\/p>\n<p><strong>\u201dNici m\u0103car acest lucru nu a fost suficient pentru a asigura o majoritate de voturi din partea moldovenilor care locuiesc \u00een Moldova \u00eens\u0103\u0219i. Doar 48% au sus\u021binut avansarea c\u0103tre Uniunea European\u0103 \u0219i alegerea Maiei Sandu ca pre\u0219edinte. Rezultatul a fost determinat de sec\u021biile de votare \u00eenfiin\u021bate \u00een toat\u0103 Europa \u2013 peste dou\u0103 sute \u00een total \u2013 \u00een timp ce \u00een Rusia, unde tr\u0103ie\u0219te cea mai mare diaspora moldoveneasc\u0103, au fost deschise doar dou\u0103 sec\u021bii de votare. \u00cen fapt, 100.000 de voturi au fost pur \u0219i simplu t\u0103iate cu o linie; oamenilor li s-a refuzat oportunitatea de a vota.<\/strong><\/p>\n<p><strong>Apropo, Uniunea European\u0103 are \u00een prezent o misiune acolo. O misiune similar\u0103 s-a angajat \u00een \u201ecombaterea amenin\u021b\u0103rilor hibride\u201d \u00een timpul alegerilor parlamentare desf\u0103\u0219urate \u00een Armenia la 7 iunie anul acesta. Acest lucru este regretabil.<\/strong><\/p>\n<p><strong>Acest lucru este cu at\u00eet mai deplorabil cu c\u00eet \u2013 \u00eenc\u0103 o dat\u0103, at\u00eet \u00een cazul Moldovei, c\u00eet \u0219i \u00een cazul Armeniei \u2013 Uniunea European\u0103 intervine direct \u00een procesele electorale \u0219i caut\u0103 s\u0103 exercite influen\u021b\u0103. Ce-i drept, nu la fel de neru\u0219inat cum a fost cazul \u00een Rom\u00e2nia \u00een 2024, c\u00eend nicio campanie nu s-a dovedit eficient\u0103, iar favoritului i s-a interzis participarea la curs\u0103 dup\u0103 primul tur, f\u0103r\u0103 nicio explica\u021bie\u201d<\/strong> mai spune ministrul rus de Externe. (Traducere \u0219i adaptare B.T.I.)<\/p>\n<\/div>\n<div class=\"entry-bottom\">\n<div id=\"block-9\" class=\"widget entry-widget clearfix widget_block\">\n<div><a href=\"https:\/\/suspend.ro\" target=\"_blank\" rel=\"noopener noreferrer\"><img decoding=\"async\" src=\"https:\/\/ortodoxinfo.ro\/wp-content\/uploads\/2026\/08\/FB_IMG_1786185261439.jpg\" alt=\"Verific\u0103 pe suspend.ro \u2013 Parlamentarii din jude\u021bul t\u0103u sus\u021bin suspendarea lui Nicu\u0219or Dan?\"><\/a><\/div>\n<\/div>\n<\/div>\n<\/div>\n<\/div>\n<div class=\"e-shared-sec entry-sec\">\n<div class=\"e-shared-header h4\"><span>Distribuie<\/span><\/div>\n<div class=\"rbbsl tooltips-n effect-fadeout is-bg\"><a class=\"share-action share-trigger icon-facebook\" aria-label=\"Share on Facebook\" href=\"https:\/\/www.facebook.com\/sharer.php?u=https%3A%2F%2Fortodoxinfo.ro%2F2026%2F08%2F28%2Flavrov-ue-a-intervenit-cu-nerusinare-in-alegerile-din-romania-iar-favoritul-a-fost-eliminat%2F\" data-title=\"Facebook\" rel=\"nofollow\"><span>Facebook<\/span><\/a><a class=\"share-action share-trigger icon-twitter\" aria-label=\"Share on X\" href=\"https:\/\/twitter.com\/intent\/tweet?text=Lavrov%3A+UE+a+intervenit+cu+neru%C8%99inare+%C3%AEn+alegerile+din+Rom%C3%A2nia%2C+iar+favoritul+a+fost+eliminat&amp;url=https%3A%2F%2Fortodoxinfo.ro%2F2026%2F08%2F28%2Flavrov-ue-a-intervenit-cu-nerusinare-in-alegerile-din-romania-iar-favoritul-a-fost-eliminat%2F&amp;via=ortodoxinforo\" data-title=\"X\" rel=\"nofollow\"><span>X<\/span><\/a><a class=\"share-action icon-whatsapp is-web\" aria-label=\"Share on Whatsapp\" href=\"https:\/\/web.whatsapp.com\/send?text=Lavrov%3A+UE+a+intervenit+cu+neru%C8%99inare+%C3%AEn+alegerile+din+Rom%C3%A2nia%2C+iar+favoritul+a+fost+eliminat%20%E2%98%9E%20https%3A%2F%2Fortodoxinfo.ro%2F2026%2F08%2F28%2Flavrov-ue-a-intervenit-cu-nerusinare-in-alegerile-din-romania-iar-favoritul-a-fost-eliminat%2F\" target=\"_blank\" data-title=\"WhatsApp\" rel=\"nofollow\"><span>Whatsapp<\/span><\/a><a class=\"share-action icon-whatsapp is-mobile\" aria-label=\"Share on Whatsapp\" href=\"\/\/send?text=Lavrov%3A+UE+a+intervenit+cu+neru%C8%99inare+%C3%AEn+alegerile+din+Rom%C3%A2nia%2C+iar+favoritul+a+fost+eliminat%20%E2%98%9E%20https%3A%2F%2Fortodoxinfo.ro%2F2026%2F08%2F28%2Flavrov-ue-a-intervenit-cu-nerusinare-in-alegerile-din-romania-iar-favoritul-a-fost-eliminat%2F\" target=\"_blank\" data-title=\"WhatsApp\" rel=\"nofollow\"><span>Whatsapp<\/span><\/a><a class=\"share-action share-trigger icon-telegram\" aria-label=\"Share on Telegram\" href=\"https:\/\/t.me\/share\/?url=https%3A%2F%2Fortodoxinfo.ro%2F2026%2F08%2F28%2Flavrov-ue-a-intervenit-cu-nerusinare-in-alegerile-din-romania-iar-favoritul-a-fost-eliminat%2F&amp;text=Lavrov%3A+UE+a+intervenit+cu+neru%C8%99inare+%C3%AEn+alegerile+din+Rom%C3%A2nia%2C+iar+favoritul+a+fost+eliminat\" data-title=\"Telegram\" rel=\"nofollow\"><span>Telegram<\/span><\/a><a class=\"share-action icon-copy copy-trigger\" aria-label=\"Copy Link\" href=\"https:\/\/ortodoxinfo.ro\/2026\/08\/28\/lavrov-ue-a-intervenit-cu-nerusinare-in-alegerile-din-romania-iar-favoritul-a-fost-eliminat\/\" data-copied=\"Copied!\" data-link=\"https:\/\/ortodoxinfo.ro\/2026\/08\/28\/lavrov-ue-a-intervenit-cu-nerusinare-in-alegerile-din-romania-iar-favoritul-a-fost-eliminat\/\" rel=\"nofollow\" data-copy=\"Copy Link\"><span>Copy Link<\/span><\/a><a class=\"share-action icon-print\" aria-label=\"Print\" rel=\"nofollow\" data-title=\"Print\"><span>Print<\/span><\/a><\/div>\n<\/div>\n<\/div>\n<div id=\"tabs\" class=\"dntplgn_form_wrapper\"><span><\/p>\n<h2>\u0218tirile sunt sub cenzur\u0103! Sprijini\u021bi OrtodoxINFO!<\/h2>\n<p>Guvernul nu dore\u0219te aflarea adev\u0103rului despre lovitura de stat \u0219i \u00eengenuncherea Rom\u00e2niei. \u00cencerc\u0103m s\u0103 men\u021binem viu acest site \u0219i s\u0103 v\u0103 punem la dispozi\u021bie informa\u021bii care s\u0103 fac\u0103 lumin\u0103 \u00een cea mai mare provocare pe care o tr\u0103im. Jurnalismul independent al portalului OrtodoxINFO func\u021bioneaz\u0103 strict cu ajutorul cititorilor.<br \/>\nNe pute\u021bi sprijini printr-o <b><a href=\"https:\/\/ortodoxinfo.ro\/donatii\/\">dona\u021bie bancar\u0103<\/a> sau prin PayPal, complet\u00e2nd formularul de mai jos.<\/b><\/span><\/p>\n<ul>\n<li><a href=\"https:\/\/ortodoxinfo.ro\/2026\/08\/28\/lavrov-ue-a-intervenit-cu-nerusinare-in-alegerile-din-romania-iar-favoritul-a-fost-eliminat\/#tabs-1\">Dona\u021bie lunar\u0103<\/a><\/li>\n<li><a href=\"https:\/\/ortodoxinfo.ro\/2026\/08\/28\/lavrov-ue-a-intervenit-cu-nerusinare-in-alegerile-din-romania-iar-favoritul-a-fost-eliminat\/#tabs-2\">Doar acum<\/a><\/li>\n<\/ul>\n<div id=\"tabs-1\"><img loading=\"lazy\" decoding=\"async\" alt border=\"0\" src=\"https:\/\/www.paypalobjects.com\/en_US\/i\/scr\/pixel.gif\" width=\"1\" height=\"1\"><\/div>\n<div id=\"tabs-2\">\n<p>\t\t     \u20ac<\/p>\n<p>\t\t    <img loading=\"lazy\" decoding=\"async\" alt border=\"0\" src=\"https:\/\/www.paypalobjects.com\/en_US\/i\/scr\/pixel.gif\" width=\"1\" height=\"1\"><\/div>\n<p>Mul\u021bumim celor care ne-au ajutat p\u00e2n\u0103 acum!\n\t<\/p><\/div>\n<div class=\"comment-box-wrap entry-sec\">\n<div class=\"comment-box-header\"><span class=\"h3\">Las\u0103 un comentariu<\/span><\/div>\n<div class=\"comment-holder no-comment\">\n<div id=\"comments\" class=\"comments-area\">\n<div id=\"respond\" class=\"comment-respond\">\n<h3 id=\"reply-title\" class=\"comment-reply-title\">Las\u0103 un r\u0103spuns <small><a rel=\"nofollow\" id=\"cancel-comment-reply-link\" href=\"https:\/\/ortodoxinfo.ro\/2026\/08\/28\/lavrov-ue-a-intervenit-cu-nerusinare-in-alegerile-din-romania-iar-favoritul-a-fost-eliminat\/#respond\">Anuleaz\u0103 r\u0103spunsul<\/a><\/small><\/h3>\n<p class=\"comment-notes\"><span id=\"email-notes\">Adresa ta de email nu va fi publicat\u0103.<\/span><span class=\"required-field-message\">C\u00e2mpurile obligatorii sunt marcate cu <span class=\"required\">*<\/span><\/span><\/p>\n<\/div>\n<\/div>\n<\/div>\n<\/div>\n<\/div>\n<div class=\"sidebar-wrap single-sidebar\">\n<div class=\"sidebar-inner clearfix\">\n<div id=\"widget-post-2\" class=\"widget rb-section w-sidebar clearfix widget-post\">\n<div class=\"block-h widget-heading heading-layout-1\">\n<div class=\"heading-inner\">\n<h4 class=\"heading-title\"><span>Articole recente<\/span><\/h4>\n<\/div>\n<\/div>\n<div class=\"widget-p-listing\">\n<div class=\"p-wrap p-small p-list-small-2\" data-pid=\"262475\">\n<div class=\"feat-holder\">\n<div class=\"p-featured ratio-v1\"><a class=\"p-flink\" href=\"https:\/\/ortodoxinfo.ro\/2026\/08\/28\/o-afacere-din-ce-in-ce-mai-greu-de-vandut-de-ce-parada-pride-se-confrunta-cu-reactii-adverse-chiar-si-din-interiorul-comunitatii-lgbt\/\" title=\"O afacere din ce \u00een ce mai greu de v\u00e2ndut: De ce parada Pride se confrunt\u0103 cu reac\u021bii adverse chiar si din interiorul comunit\u0103\u021bii LGBT\"><img decoding=\"async\" width=\"150\" height=\"150\" src=\"https:\/\/ortodoxinfo.ro\/wp-content\/uploads\/2026\/08\/o-afacere-din-ce-in-ce-mai-greu-de-vandut-de-ce-parada-pride-se-confrunta-cu-reactii-adverse-chiar-s-150x150.jpeg\" class=\"featured-img wp-post-image\" alt loading=\"lazy\"><\/a><\/div>\n<\/div>\n<div class=\"p-content\">\n<h5 class=\"entry-title\"><a class=\"p-url\" href=\"https:\/\/ortodoxinfo.ro\/2026\/08\/28\/o-afacere-din-ce-in-ce-mai-greu-de-vandut-de-ce-parada-pride-se-confrunta-cu-reactii-adverse-chiar-si-din-interiorul-comunitatii-lgbt\/\" rel=\"bookmark\">O afacere din ce \u00een ce mai greu de v\u00e2ndut: De ce parada Pride se confrunt\u0103 cu reac\u021bii adverse chiar si din interiorul comunit\u0103\u021bii LGBT<\/a><\/h5>\n<div class=\"p-meta\">\n<div class=\"meta-inner is-meta\"><span class=\"meta-el meta-date\"><time datetime=\"2026-08-28T18:59:34+03:00\">28 august 2026<\/time><\/span><span class=\"meta-el meta-category meta-bold\"><a class=\"meta-separate category-19869\" href=\"https:\/\/ortodoxinfo.ro\/category\/anti-sistem\/anti-familie\/deviatii-sexuale\/\">Devia\u021bii sexuale<\/a><\/span><span class=\"meta-el meta-view\">7.2k vizualiz\u0103ri\t\t<\/span><\/div>\n<\/div>\n<\/div>\n<\/div>\n<div class=\"p-wrap p-small p-list-small-2\" data-pid=\"262422\">\n<div class=\"feat-holder\">\n<div class=\"p-featured ratio-v1\"><a class=\"p-flink\" href=\"https:\/\/ortodoxinfo.ro\/2026\/08\/28\/explicatia-isteriei-ca-rusia-va-ataca-nato-ucraina-vrea-nato-in-razboi-rusia-dimpotriva-are-tot-interesul-sa-nu-o-faca\/\" title=\"Explica\u021bia isteriei c\u0103 Rusia va ataca NATO: Ucraina vrea NATO \u00een r\u0103zboi. Rusia, dimpotriv\u0103, are tot interesul s\u0103 nu o fac\u0103\"><img decoding=\"async\" width=\"150\" height=\"150\" src=\"https:\/\/ortodoxinfo.ro\/wp-content\/uploads\/2026\/08\/nato-fum-150x150.png\" class=\"featured-img wp-post-image\" alt loading=\"lazy\"><\/a><\/div>\n<\/div>\n<div class=\"p-content\">\n<h5 class=\"entry-title\"><a class=\"p-url\" href=\"https:\/\/ortodoxinfo.ro\/2026\/08\/28\/explicatia-isteriei-ca-rusia-va-ataca-nato-ucraina-vrea-nato-in-razboi-rusia-dimpotriva-are-tot-interesul-sa-nu-o-faca\/\" rel=\"bookmark\">Explica\u021bia isteriei c\u0103 Rusia va ataca NATO: Ucraina vrea NATO \u00een r\u0103zboi. Rusia, dimpotriv\u0103, are tot interesul s\u0103 nu o fac\u0103<\/a><\/h5>\n<div class=\"p-meta\">\n<div class=\"meta-inner is-meta\"><span class=\"meta-el meta-date\"><time datetime=\"2026-08-28T14:07:38+03:00\">28 august 2026<\/time><\/span><span class=\"meta-el meta-category meta-bold\"><a class=\"meta-separate category-15871\" href=\"https:\/\/ortodoxinfo.ro\/category\/anti-sistem\/al-iii-lea-razboi-mondial\/ucraina\/\">Ucraina<\/a><\/span><span class=\"meta-el meta-view\">6.1k vizualiz\u0103ri\t\t<\/span><\/div>\n<\/div>\n<\/div>\n<\/div>\n<div class=\"p-wrap p-small p-list-small-2\" data-pid=\"262368\">\n<div class=\"feat-holder\">\n<div class=\"p-featured ratio-v1\"><a class=\"p-flink\" href=\"https:\/\/ortodoxinfo.ro\/2026\/08\/28\/gheorghe-piperea-face-bilantul-pnrr-slava-domnului-ca-scapam-de-asemenea-belea\/\" title=\"Gheorghe Piperea face bilan\u021bul PNRR: Slav\u0103 Domnului c\u0103 sc\u0103p\u0103m de asemenea belea\"><img decoding=\"async\" width=\"150\" height=\"150\" src=\"https:\/\/ortodoxinfo.ro\/wp-content\/uploads\/2026\/08\/avocatul-piperea-dezvaluie-cum-se-lupta-ue-cu-incalzirea-globala-1-scaled-150x150.jpg\" class=\"featured-img wp-post-image\" alt loading=\"lazy\"><\/a><\/div>\n<\/div>\n<div class=\"p-content\">\n<h5 class=\"entry-title\"><a class=\"p-url\" href=\"https:\/\/ortodoxinfo.ro\/2026\/08\/28\/gheorghe-piperea-face-bilantul-pnrr-slava-domnului-ca-scapam-de-asemenea-belea\/\" rel=\"bookmark\">Gheorghe Piperea face bilan\u021bul PNRR: Slav\u0103 Domnului c\u0103 sc\u0103p\u0103m de asemenea belea<\/a><\/h5>\n<div class=\"p-meta\">\n<div class=\"meta-inner is-meta\"><span class=\"meta-el meta-date\"><time datetime=\"2026-08-28T12:03:34+03:00\">28 august 2026<\/time><\/span><span class=\"meta-el meta-category meta-bold\"><a class=\"meta-separate category-19866\" href=\"https:\/\/ortodoxinfo.ro\/category\/lupta-pentru-romania\/\">Lupt\u0103 pentru Rom\u00e2nia<\/a><\/span><span class=\"meta-el meta-view\">10.5k vizualiz\u0103ri\t\t<\/span><\/div>\n<\/div>\n<\/div>\n<\/div>\n<div class=\"p-wrap p-small p-list-small-2\" data-pid=\"262315\">\n<div class=\"feat-holder\">\n<div class=\"p-featured ratio-v1\"><a class=\"p-flink\" href=\"https:\/\/ortodoxinfo.ro\/2026\/08\/28\/george-simion-il-spulbera-pe-ilegitimul-nicusor-dan-cine-l-a-facut-presedinte-nu-pahontu-mesajul-transmis-romanilor-treziti-va\/\" title=\"George Simion \u00eel spulber\u0103 pe ilegitimul Nicu\u0219or Dan: \u201dCine l-a f\u0103cut pre\u0219edinte? Nu Pahon\u021bu?\u201d Mesajul transmis rom\u00e2nilor: \u201dTrezi\u021bi-v\u0103!\u201d\"><img decoding=\"async\" width=\"150\" height=\"150\" src=\"https:\/\/ortodoxinfo.ro\/wp-content\/uploads\/2026\/08\/8138782-mediafax_foto-alexandru_dobre-scaled-e1787895309592-150x150.jpg\" class=\"featured-img wp-post-image\" alt loading=\"lazy\"><\/a><\/div>\n<\/div>\n<div class=\"p-content\">\n<h5 class=\"entry-title\"><a class=\"p-url\" href=\"https:\/\/ortodoxinfo.ro\/2026\/08\/28\/george-simion-il-spulbera-pe-ilegitimul-nicusor-dan-cine-l-a-facut-presedinte-nu-pahontu-mesajul-transmis-romanilor-treziti-va\/\" rel=\"bookmark\">George Simion \u00eel spulber\u0103 pe ilegitimul Nicu\u0219or Dan: \u201dCine l-a f\u0103cut pre\u0219edinte? Nu Pahon\u021bu?\u201d Mesajul transmis rom\u00e2nilor: \u201dTrezi\u021bi-v\u0103!\u201d<\/a><\/h5>\n<div class=\"p-meta\">\n<div class=\"meta-inner is-meta\"><span class=\"meta-el meta-date\"><time datetime=\"2026-08-28T10:42:52+03:00\">28 august 2026<\/time><\/span><span class=\"meta-el meta-category meta-bold\"><a class=\"meta-separate category-19866\" href=\"https:\/\/ortodoxinfo.ro\/category\/lupta-pentru-romania\/\">Lupt\u0103 pentru Rom\u00e2nia<\/a><\/span><span class=\"meta-el meta-view\">7.3k vizualiz\u0103ri\t\t<\/span><\/div>\n<\/div>\n<\/div>\n<\/div>\n<\/div>\n<\/div>\n<div id=\"custom_html-2\" class=\"widget_text widget rb-section w-sidebar clearfix widget_custom_html\">\n<div class=\"block-h widget-heading heading-layout-1\">\n<div class=\"heading-inner\">\n<h4 class=\"heading-title\"><span>DONA\u021aII \u00een cont bancar<\/span><\/h4>\n<\/div>\n<\/div>\n<div class=\"textwidget custom-html-widget\">\n<table class=\"donatii\">\n<tbody>\n<tr>\n<th colspan=\"2\"><strong><span>Asicia\u021bia SMI-B<\/span><\/strong><\/th>\n<\/tr>\n<tr>\n<th>Cont LEI<\/th>\n<td>RO67CECEB00030RON2081955<\/td>\n<\/tr>\n<tr>\n<th>Cont EURO<\/th>\n<td>RO33CECEB000C1EUR2081978<\/td>\n<\/tr>\n<tr>\n<th>Cod SWIFT<\/th>\n<td>CECEROBU<\/td>\n<\/tr>\n<tr>\n<th colspan=\"2\"><strong>CEC BANK SA<\/strong><\/th>\n<\/tr>\n<\/tbody>\n<\/table>\n<\/div>\n<\/div>\n<\/div>\n<\/div>\n<\/div>\n<\/article>\n<div class=\"entry-content rbct clearfix is-highlight-shares\">\n<p>Ministrul rus de Externe, Serghei Lavrov, a acordat azi un amplu interviu postului de televiziune RBC, \u00een care, pe l\u00eeng\u0103 multe probleme geopolitice abordate, el a vorbit \u0219i despre felul \u00een care Uniunea European\u0103 ar interveni \u00een alegerile din alte state, la loc de cinste fiind cazurile Rom\u00e2niei \u0219i ale Moldovei.<\/p>\n<p><strong>\u201dS-ar putea aminti, de asemenea, situa\u021bia din Moldova, unde alegerile s-au desf\u0103\u0219urat cu o implicare at\u00eet de intens\u0103 din partea Uniunii Europene\u201d<\/strong> afirm\u0103 Lavrov.<\/p>\n<p><strong>\u201dNici m\u0103car acest lucru nu a fost suficient pentru a asigura o majoritate de voturi din partea moldovenilor care locuiesc \u00een Moldova \u00eens\u0103\u0219i. Doar 48% au sus\u021binut avansarea c\u0103tre Uniunea European\u0103 \u0219i alegerea Maiei Sandu ca pre\u0219edinte. Rezultatul a fost determinat de sec\u021biile de votare \u00eenfiin\u021bate \u00een toat\u0103 Europa \u2013 peste dou\u0103 sute \u00een total \u2013 \u00een timp ce \u00een Rusia, unde tr\u0103ie\u0219te cea mai mare diaspora moldoveneasc\u0103, au fost deschise doar dou\u0103 sec\u021bii de votare. \u00cen fapt, 100.000 de voturi au fost pur \u0219i simplu t\u0103iate cu o linie; oamenilor li s-a refuzat oportunitatea de a vota.<\/strong><\/p>\n<p><strong>Apropo, Uniunea European\u0103 are \u00een prezent o misiune acolo. O misiune similar\u0103 s-a angajat \u00een \u201ecombaterea amenin\u021b\u0103rilor hibride\u201d \u00een timpul alegerilor parlamentare desf\u0103\u0219urate \u00een Armenia la 7 iunie anul acesta. Acest lucru este regretabil.<\/strong><\/p>\n<p><strong>Acest lucru este cu at\u00eet mai deplorabil cu c\u00eet \u2013 \u00eenc\u0103 o dat\u0103, at\u00eet \u00een cazul Moldovei, c\u00eet \u0219i \u00een cazul Armeniei \u2013 Uniunea European\u0103 intervine direct \u00een procesele electorale \u0219i caut\u0103 s\u0103 exercite influen\u021b\u0103. Ce-i drept, nu la fel de neru\u0219inat cum a fost cazul \u00een Rom\u00e2nia \u00een 2024, c\u00eend nicio campanie nu s-a dovedit eficient\u0103, iar favoritului i s-a interzis participarea la curs\u0103 dup\u0103 primul tur, f\u0103r\u0103 nicio explica\u021bie\u201d<\/strong> mai spune ministrul rus de Externe. (Traducere \u0219i adaptare B.T.I.)<\/p>\n<\/div>\n<p>[analyse_source url=&#8221;https:\/\/ortodoxinfo.ro\/2026\/08\/28\/lavrov-ue-a-intervenit-cu-nerusinare-in-alegerile-din-romania-iar-favoritul-a-fost-eliminat\/&#8221;]<\/p>\n","protected":false},"excerpt":{"rendered":"<p>[analyse_image type=&#8221;featured&#8221; src=&#8221;https:\/\/ortodoxinfo.ro\/wp-content\/uploads\/2026\/08\/gggg.pnghttps:\/\/ortodoxinfo.ro\/wp-content\/uploads\/2026\/08\/gggg.png&#8221;] Prima pagin\u0103 \u00bb Blog \u00bb Lavrov: UE a intervenit cu neru\u0219inare \u00een alegerile din Rom\u00e2nia, iar favoritul a fost eliminat Lavrov: UE a intervenit cu neru\u0219inare \u00een alegerile din Rom\u00e2nia, iar favoritul a fost eliminat 28 august 2026Asasinii \u021b\u0103rii10.9k vizualiz\u0103ri Comentarii Share 2 Min Read SHARE OrtodoxINFO este supus unui sabotaj sistematic [&hellip;]<\/p>\n","protected":false},"author":1,"featured_media":0,"comment_status":"open","ping_status":"","sticky":false,"template":"","format":"standard","meta":{"footnotes":""},"categories":[89],"tags":[226,94],"class_list":["post-2117435","post","type-post","status-publish","format-standard","hentry","category-romania","tag-crawlmanager","tag-ortodoxinfo-ro"],"_links":{"self":[{"href":"https:\/\/analyse.optim.biz\/index.php?rest_route=\/wp\/v2\/posts\/2117435","targetHints":{"allow":["GET"]}}],"collection":[{"href":"https:\/\/analyse.optim.biz\/index.php?rest_route=\/wp\/v2\/posts"}],"about":[{"href":"https:\/\/analyse.optim.biz\/index.php?rest_route=\/wp\/v2\/types\/post"}],"author":[{"embeddable":true,"href":"https:\/\/analyse.optim.biz\/index.php?rest_route=\/wp\/v2\/users\/1"}],"replies":[{"embeddable":true,"href":"https:\/\/analyse.optim.biz\/index.php?rest_route=%2Fwp%2Fv2%2Fcomments&post=2117435"}],"version-history":[{"count":0,"href":"https:\/\/analyse.optim.biz\/index.php?rest_route=\/wp\/v2\/posts\/2117435\/revisions"}],"wp:attachment":[{"href":"https:\/\/analyse.optim.biz\/index.php?rest_route=%2Fwp%2Fv2%2Fmedia&parent=2117435"}],"wp:term":[{"taxonomy":"category","embeddable":true,"href":"https:\/\/analyse.optim.biz\/index.php?rest_route=%2Fwp%2Fv2%2Fcategories&post=2117435"},{"taxonomy":"post_tag","embeddable":true,"href":"https:\/\/analyse.optim.biz\/index.php?rest_route=%2Fwp%2Fv2%2Ftags&post=2117435"}],"curies":[{"name":"wp","href":"https:\/\/api.w.org\/{rel}","templated":true}]}}