{"id":2117416,"date":"2026-08-27T21:01:41","date_gmt":"2026-08-27T18:01:41","guid":{"rendered":"https:\/\/analyse.optim.biz\/?p=2117416"},"modified":"2026-08-27T21:01:41","modified_gmt":"2026-08-27T18:01:41","slug":"28-august-2026","status":"publish","type":"post","link":"https:\/\/analyse.optim.biz\/?p=2117416","title":{"rendered":"28 august 2026"},"content":{"rendered":"<p>[analyse_image type=&#8221;featured&#8221; src=&#8221;https:\/\/opiniabuzau.ro\/wp-content\/uploads\/2025\/12\/Calendarul-Zilei-scaled.webp&#8221;]<\/p>\n<div class=\"entry-content entry clearfix\">\n<blockquote>\n<p><strong>Cre\u0219tinii ortodoc\u0219i \u00eel pomenesc pe <span>Sf\u00e2ntul Moise Etiopianul<\/span>, iar credincio\u0219ii romano-catolici \u00eei comemoreaz\u0103 pe S<span>f\u00e2ntul Augustin, episcop \u00eenv\u0103\u021b\u0103tor<\/span>, \u0219i pe <span>Sf\u00e2nta Florentina, fecioar\u0103<\/span>.\u00a0<\/strong><\/p>\n<\/blockquote>\n<ul>\n<li>1903 \u2013 S-a n\u0103scut inginerul chimist Cornel Bodea, membru corespondent al Academiei Rom\u00e2ne (21 mart. 1963). (m. 8 dec. 1985)<\/li>\n<li>1917 \u2013 A murit prozatorul Calistrat Hoga\u015f. (n. 19 apr. 1848)<\/li>\n<li>1917 \u2013 A murit poetul Anton Naum, membru titular al Academiei Rom\u00e2ne. (n. 17 ian. 1829)<\/li>\n<li>1917 \u2013 S-a n\u0103scut Horia Lovinescu, scenarist \u015fi dramaturg. (m. 16 sept. 1983)<\/li>\n<li>1927 \u2013 S-a n\u0103scut baritonul Nicolae Herlea. (m. 24 febr. 2014)<\/li>\n<li>1931 \u2013 S-a n\u0103scut actorul Cristea Avram. (m. 10 ian. 1989, Italia) (95 de ani)<\/li>\n<li>1936 \u2013 S-a n\u0103scut matematicianul Ioan A. Rus, membru de onoare al Academiei Rom\u00e2ne (2017). (90 de ani)<\/li>\n<li>1939 \u2013 S-a n\u0103scut scriitoarea Rodica Ojog-Bra\u015foveanu. (m. 2 sept. 2002)<\/li>\n<li>1943 \u2013 A murit prozatorul George Ulieru. (n. 8 sept. 1884)<\/li>\n<li>1944 \u2013 S-a n\u0103scut Marin Mincu, poet, prozator, critic \u015fi teoretician literar. (m. 4 dec. 2009)<\/li>\n<li>1947 \u2013 S-a n\u0103scut Vivi Dr\u0103gan Vasile, operator, produc\u0103tor \u015fi realizator de filme video.<\/li>\n<li>1963 \u2013 S-a n\u0103scut Maria Gheorghiu, cantautoare de muzic\u0103 folk.<\/li>\n<li>1965 \u2013 S-a n\u0103scut actorul Tomi Cristin.<\/li>\n<li>1970 \u2013 A murit sculptorul Romul Ladea. (n. 17 mai 1901)<\/li>\n<li>1974 \u2013 A fost semnat acordul cu ONU privind \u00eenfiin\u0163area la Bucure\u015fti a Centrului demografic ONU \u2013 Rom\u00e2nia (inaugurat la 29 aug. 1974).<\/li>\n<li>2012 \u2013 Pre\u015fedintele Traian B\u0103sescu a revenit la Palatul Cotroceni, dup\u0103 52 de zile de suspendare din func\u0163ie \u015fi dup\u0103 ce la referendumul de demitere din 29 iulie nu s-a \u00eentrunit cvorumul necesar pentru ca acesta s\u0103 fie validat, relu\u00e2ndu-\u015fi astfel mandatul c\u00e2\u015ftigat \u00een urma alegerilor preziden\u0163iale din 2009.<\/li>\n<\/ul>\n<h3>Irlanda<\/h3>\n<ul>\n<li>1896 \u2013 S-a n\u0103scut romancierul \u015fi nuvelistul Liam O\u2019Flaherty. (m. 7 sept. 1984) (130 de ani)<\/li>\n<\/ul>\n<h3>Marea Britanie<\/h3>\n<ul>\n<li>1906 \u2013 S-a n\u0103scut poetul John Betjeman. (m. 19 mai 1984) (120 de ani)<\/li>\n<\/ul>\n<h3>Spania<\/h3>\n<ul>\n<li>1921 \u2013 S-a n\u0103scut Fernando Fernan Gomez, actor, scenarist, regizor de film \u015fi de teatru; a ob\u0163inut premiul Prin\u0163ului de Asturia (1995), mai multe premii Goya, membru al Academiei Regale Spaniole timp de \u015fapte ani. (m. 21 nov. 2007) (105 ani)<\/li>\n<\/ul>\n<h3>SUA<\/h3>\n<ul>\n<li>1961 \u2013 S-a n\u0103scut Jennifer Coolidge, actri\u0163\u0103 renumit\u0103 pentru rolurile sale comice din seriile de filme \u201eAmerican Pie\u201d \u0219i \u201eLegally Blonde\u201d, aclamat\u0103 de critici \u00een rolul Tanyei McQuoid din \u201eThe White Lotus\u201d; a c\u00e2\u015ftigat dou\u0103 premii Emmy \u0219i un Glob de Aur. (65 de ani)<\/li>\n<li>2011 \u2013 Pre\u015fedintele SUA, Barack Obama, a decretat starea de urgen\u0163\u0103 \u00een mai multe state de pe coasta de Est a \u0163\u0103rii afectate de uraganul Irene. (15 ani)<\/li>\n<li>2006 \u2013 A murit fizicianul Melvin Schwartz, laureat al Premiului Nobel pentru Fizic\u0103 \u00een 1988, \u00eempreun\u0103 cu fizicienii Leon Max Lederman \u015fi Jack Steinberger. (n. 2 nov. 1932) (20 de ani)<\/li>\n<\/ul>\n<h3>Interna\u0163ionale<\/h3>\n<ul>\n<li>1916 \u2013 Italia a declarat r\u0103zboi Germaniei. (Primul R\u0103zboi Mondial) (110 ani)<\/li>\n<li>1941 \u2013 Peste 600.000 de germani au fost deporta\u0163i de liderul sovietic Iosif V. Stalin c\u0103tre Siberia \u015fi Kazahstan. (Al Doilea R\u0103zboi Mondial) (85 de ani)<\/li>\n<li>2011 \u2013 Uruguayul \u015fi Argentina au reluat leg\u0103turile feroviare \u00eentrerupte \u00een urm\u0103 cu 30 de ani. (15 ani)<\/li>\n<li>2021 \u2013 Trupele americane \u015fi-au \u00eenceput retragerea de pe aeroportul din Kabul, a anun\u0163at Pentagonul, \u00een timp ce opera\u0163iunea interna\u0163ional\u0103 de evacuare din capitala afgan\u0103 este pe sf\u00e2r\u015fite. (5 ani)<\/li>\n<\/ul>\n<\/div>\n<p>[analyse_source url=&#8221;https:\/\/opiniabuzau.ro\/28-august-2026\/&#8221;]<\/p>\n","protected":false},"excerpt":{"rendered":"<p>[analyse_image type=&#8221;featured&#8221; src=&#8221;https:\/\/opiniabuzau.ro\/wp-content\/uploads\/2025\/12\/Calendarul-Zilei-scaled.webp&#8221;] Cre\u0219tinii ortodoc\u0219i \u00eel pomenesc pe Sf\u00e2ntul Moise Etiopianul, iar credincio\u0219ii romano-catolici \u00eei comemoreaz\u0103 pe Sf\u00e2ntul Augustin, episcop \u00eenv\u0103\u021b\u0103tor, \u0219i pe Sf\u00e2nta Florentina, fecioar\u0103.\u00a0 1903 \u2013 S-a n\u0103scut inginerul chimist Cornel Bodea, membru corespondent al Academiei Rom\u00e2ne (21 mart. 1963). (m. 8 dec. 1985) 1917 \u2013 A murit prozatorul Calistrat Hoga\u015f. (n. 19 [&hellip;]<\/p>\n","protected":false},"author":1,"featured_media":0,"comment_status":"open","ping_status":"","sticky":false,"template":"","format":"standard","meta":{"footnotes":""},"categories":[2],"tags":[226,44],"class_list":["post-2117416","post","type-post","status-publish","format-standard","hentry","category-politics","tag-crawlmanager","tag-opiniabuzau-ro"],"_links":{"self":[{"href":"https:\/\/analyse.optim.biz\/index.php?rest_route=\/wp\/v2\/posts\/2117416","targetHints":{"allow":["GET"]}}],"collection":[{"href":"https:\/\/analyse.optim.biz\/index.php?rest_route=\/wp\/v2\/posts"}],"about":[{"href":"https:\/\/analyse.optim.biz\/index.php?rest_route=\/wp\/v2\/types\/post"}],"author":[{"embeddable":true,"href":"https:\/\/analyse.optim.biz\/index.php?rest_route=\/wp\/v2\/users\/1"}],"replies":[{"embeddable":true,"href":"https:\/\/analyse.optim.biz\/index.php?rest_route=%2Fwp%2Fv2%2Fcomments&post=2117416"}],"version-history":[{"count":0,"href":"https:\/\/analyse.optim.biz\/index.php?rest_route=\/wp\/v2\/posts\/2117416\/revisions"}],"wp:attachment":[{"href":"https:\/\/analyse.optim.biz\/index.php?rest_route=%2Fwp%2Fv2%2Fmedia&parent=2117416"}],"wp:term":[{"taxonomy":"category","embeddable":true,"href":"https:\/\/analyse.optim.biz\/index.php?rest_route=%2Fwp%2Fv2%2Fcategories&post=2117416"},{"taxonomy":"post_tag","embeddable":true,"href":"https:\/\/analyse.optim.biz\/index.php?rest_route=%2Fwp%2Fv2%2Ftags&post=2117416"}],"curies":[{"name":"wp","href":"https:\/\/api.w.org\/{rel}","templated":true}]}}