{"id":2117415,"date":"2026-08-27T11:30:49","date_gmt":"2026-08-27T08:30:49","guid":{"rendered":"https:\/\/analyse.optim.biz\/?p=2117415"},"modified":"2026-08-27T11:30:49","modified_gmt":"2026-08-27T08:30:49","slug":"moastele-sfantului-nicolae-ajung-la-buzau-unde-vor-fi-asezate-spre-inchinare","status":"publish","type":"post","link":"https:\/\/analyse.optim.biz\/?p=2117415","title":{"rendered":"Moa\u0219tele Sf\u00e2ntului Nicolae ajung la Buz\u0103u. Unde vor fi a\u0219ezate spre \u00eenchinare"},"content":{"rendered":"<p>[analyse_image type=&#8221;featured&#8221; src=&#8221;https:\/\/opiniabuzau.ro\/wp-content\/uploads\/2026\/08\/Sfantul-Nicolae-scaled.webp&#8221;]<\/p>\n<div class=\"entry-content entry clearfix\">\n<blockquote>\n<p class=\"isSelectedEnd\"><strong>Parohia \u201eSf. Cuv. Parascheva\u201d din municipiul Buz\u0103u a anun\u021bat organizarea unui eveniment religios de amploare, programat pentru duminic\u0103, 13 septembrie 2026, c\u00e2nd cinstitele moa\u0219te ale Sf\u00e2ntului Ierarh Nicolae vor fi aduse \u0219i a\u0219ezate spre \u00eenchinare \u00een l\u0103ca\u0219ul de cult din cartierul Nicolae Titulescu.<\/strong><\/p>\n<\/blockquote>\n<p class=\"isSelectedEnd\">Potrivit anun\u021bului transmis de parohie, moa\u0219tele Sf\u00e2ntului Nicolae, Arhiepiscopul Mirelor Lichiei, vor fi aduse cu binecuv\u00e2ntarea \u00cenaltpreasfin\u021bitului P\u0103rinte Ciprian, Arhiepiscopul Buz\u0103ului \u0219i Vrancei. Evenimentul va \u00eencepe la ora 17.30 \u0219i va include slujba Vecerniei, oficiat\u0103 de ierarh \u00eempreun\u0103 cu un sobor de preo\u021bi.<\/p>\n<p class=\"isSelectedEnd\">Reprezentan\u021bii parohiei consider\u0103 momentul drept unul de referin\u021b\u0103 pentru comunitate. \u00cen mesajul adresat credincio\u0219ilor, ace\u0219tia arat\u0103 c\u0103 <em>\u201eparohia noastr\u0103 va tr\u0103i unul dintre cele mai \u00eensemnate momente ale istoriei sale\u201d<\/em>, subliniind importan\u021ba spiritual\u0103 a aducerii moa\u0219telor \u00een biserica buzoian\u0103.<\/p>\n<p class=\"isSelectedEnd\">Potrivit organizatorilor, evenimentul marcheaz\u0103 \u00eenceputul unei prezen\u021be permanente a sf\u00e2ntului ocrotitor \u00een via\u021ba comunit\u0103\u021bii.<em> \u201ePentru comunitatea noastr\u0103, aceast\u0103 zi nu va fi doar ziua unui eveniment. Va fi \u00eenceputul unei prezen\u021be\u201d,<\/em> se arat\u0103 \u00een comunicatul parohiei.<\/p>\n<p class=\"isSelectedEnd\">Dup\u0103 a\u0219ezarea moa\u0219telor spre \u00eenchinare, credincio\u0219ii care vor veni la biseric\u0103 vor avea posibilitatea s\u0103 se roage \u00eenaintea acestora. Parohia transmite c\u0103 cei care vor trece pragul l\u0103ca\u0219ului de cult<em> \u201evor putea \u00eengenunchea \u00eenaintea cinstitelor moa\u0219te ale unuia dintre cei mai iubi\u021bi sfin\u021bi ai cre\u0219tin\u0103t\u0103\u021bii\u201d<\/em> \u0219i vor putea aduce \u00eenaintea Sf\u00e2ntului Nicolae <em>\u201edurerile lor, mul\u021bumirile lor, rug\u0103ciunile pentru copii \u0219i familie\u201d<\/em>.<\/p>\n<div class=\"stream-item stream-item-in-post stream-item-inline-post aligncenter\"><a href=\"https:\/\/vreaulanova.ro\/?utm_source=opiniabuzau&amp;utm_medium=image\" title target=\"_blank\"><img loading=\"lazy\" decoding=\"async\" data-od-xpath=\"\/HTML\/BODY\/DIV[@class=&apos;background-overlay&apos;]\/*[1][self::DIV]\/*[1][self::DIV]\/*[4][self::DIV]\/*[1][self::DIV]\/*[1][self::DIV]\/*[2][self::ARTICLE]\/*[3][self::DIV]\/*[7][self::DIV]\/*[1][self::A]\/*[1][self::IMG]\" src=\"https:\/\/opiniabuzau.ro\/wp-content\/smush-webp\/2022\/02\/MicrosoftTeams-image-4-1.jpg.webp\" alt width=\"728\" height=\"91\" class=\"perfmatters-lazy\"><img loading=\"lazy\" decoding=\"async\" data-od-xpath=\"\/HTML\/BODY\/DIV[@class=&apos;background-overlay&apos;]\/*[1][self::DIV]\/*[1][self::DIV]\/*[4][self::DIV]\/*[1][self::DIV]\/*[1][self::DIV]\/*[2][self::ARTICLE]\/*[3][self::DIV]\/*[7][self::DIV]\/*[1][self::A]\/*[1][self::IMG]\" src=\"https:\/\/opiniabuzau.ro\/wp-content\/smush-webp\/2022\/02\/MicrosoftTeams-image-4-1.jpg.webp\" alt width=\"728\" height=\"91\"><\/a><\/div>\n<p class=\"isSelectedEnd\">Organizatorii au lansat o invita\u021bie deschis\u0103 c\u0103tre credincio\u0219ii din municipiul Buz\u0103u \u0219i din alte localit\u0103\u021bi s\u0103 participe la acest moment religios. <em>\u201e\u00cei chem\u0103m, a\u0219adar, cu bucurie \u0219i cu inim\u0103 deschis\u0103, pe to\u021bi credincio\u0219ii din Buz\u0103u \u0219i de pretutindeni s\u0103 fie \u00eempreun\u0103 cu noi la aceast\u0103 s\u0103rb\u0103toare\u201d,<\/em> se mai precizeaz\u0103 \u00een mesaj.<\/p>\n<p class=\"isSelectedEnd\">Ceremonia va avea loc la Biserica \u201eSf. Cuv. Parascheva\u201d, situat\u0103 pe strada Oltului nr. 42, \u00een cartierul Nicolae Titulescu din municipiul Buz\u0103u. Anun\u021bul este pe pagina de Facebook a bisericii \u0219i semnat de preotul paroh Daniel Dumitric\u0103.<\/p>\n<\/div>\n<p>[analyse_source url=&#8221;https:\/\/opiniabuzau.ro\/moastele-sfantului-nicolae-ajung-la-buzau-unde-vor-fi-asezate-spre-inchinare\/&#8221;]<\/p>\n","protected":false},"excerpt":{"rendered":"<p>[analyse_image type=&#8221;featured&#8221; src=&#8221;https:\/\/opiniabuzau.ro\/wp-content\/uploads\/2026\/08\/Sfantul-Nicolae-scaled.webp&#8221;] Parohia \u201eSf. Cuv. Parascheva\u201d din municipiul Buz\u0103u a anun\u021bat organizarea unui eveniment religios de amploare, programat pentru duminic\u0103, 13 septembrie 2026, c\u00e2nd cinstitele moa\u0219te ale Sf\u00e2ntului Ierarh Nicolae vor fi aduse \u0219i a\u0219ezate spre \u00eenchinare \u00een l\u0103ca\u0219ul de cult din cartierul Nicolae Titulescu. Potrivit anun\u021bului transmis de parohie, moa\u0219tele Sf\u00e2ntului Nicolae, Arhiepiscopul [&hellip;]<\/p>\n","protected":false},"author":1,"featured_media":0,"comment_status":"open","ping_status":"","sticky":false,"template":"","format":"standard","meta":{"footnotes":""},"categories":[2],"tags":[226,44],"class_list":["post-2117415","post","type-post","status-publish","format-standard","hentry","category-politics","tag-crawlmanager","tag-opiniabuzau-ro"],"_links":{"self":[{"href":"https:\/\/analyse.optim.biz\/index.php?rest_route=\/wp\/v2\/posts\/2117415","targetHints":{"allow":["GET"]}}],"collection":[{"href":"https:\/\/analyse.optim.biz\/index.php?rest_route=\/wp\/v2\/posts"}],"about":[{"href":"https:\/\/analyse.optim.biz\/index.php?rest_route=\/wp\/v2\/types\/post"}],"author":[{"embeddable":true,"href":"https:\/\/analyse.optim.biz\/index.php?rest_route=\/wp\/v2\/users\/1"}],"replies":[{"embeddable":true,"href":"https:\/\/analyse.optim.biz\/index.php?rest_route=%2Fwp%2Fv2%2Fcomments&post=2117415"}],"version-history":[{"count":0,"href":"https:\/\/analyse.optim.biz\/index.php?rest_route=\/wp\/v2\/posts\/2117415\/revisions"}],"wp:attachment":[{"href":"https:\/\/analyse.optim.biz\/index.php?rest_route=%2Fwp%2Fv2%2Fmedia&parent=2117415"}],"wp:term":[{"taxonomy":"category","embeddable":true,"href":"https:\/\/analyse.optim.biz\/index.php?rest_route=%2Fwp%2Fv2%2Fcategories&post=2117415"},{"taxonomy":"post_tag","embeddable":true,"href":"https:\/\/analyse.optim.biz\/index.php?rest_route=%2Fwp%2Fv2%2Ftags&post=2117415"}],"curies":[{"name":"wp","href":"https:\/\/api.w.org\/{rel}","templated":true}]}}