{"id":2117414,"date":"2026-08-27T10:53:50","date_gmt":"2026-08-27T07:53:50","guid":{"rendered":"https:\/\/analyse.optim.biz\/?p=2117414"},"modified":"2026-08-27T10:53:50","modified_gmt":"2026-08-27T07:53:50","slug":"riccardo-scamarcio-aduce-la-buzau-povestea-lui-caravaggio-in-dialogul-direct-cu-publicul","status":"publish","type":"post","link":"https:\/\/analyse.optim.biz\/?p=2117414","title":{"rendered":"Riccardo Scamarcio aduce la Buz\u0103u povestea lui Caravaggio \u00een dialogul direct cu publicul"},"content":{"rendered":"<p>[analyse_image type=&#8221;featured&#8221; src=&#8221;https:\/\/opiniabuzau.ro\/wp-content\/uploads\/2026\/08\/Riccardo-Scamarcio-1-scaled.webp&#8221;]<\/p>\n<div class=\"entry-content entry clearfix\">\n<blockquote>\n<p class=\"isSelectedEnd\"><strong>Actorul italian Riccardo Scamarcio, invitat special al BIAF 2026, se afl\u0103 ast\u0103zi, 27 august, la Buz\u0103u, unde dup\u0103 \u00eent\u00e2lnirea avut\u0103 \u00een cursul dimine\u021bii cu reprezentan\u021bii presei locale urmeaz\u0103 s\u0103 se \u00eent\u00e2lneasc\u0103, de la ora 17.30, cu publicul buzoian la Sala de Teatru \u201eGeorge Ciprian\u201d. Evenimentul va fi urmat de proiec\u021bia special\u0103 a filmului \u201eUmbra lui Caravaggio\u201d, \u00een care actorul interpreteaz\u0103 rolul celebrului pictor italian.<\/strong><\/p>\n<\/blockquote>\n<p class=\"isSelectedEnd\">Prezen\u021ba lui Scamarcio reprezint\u0103 o important\u0103 participarei interna\u021bional\u0103 din istoria\u00a0 BIAF. Organizatorii \u00eel prezint\u0103 drept <em>\u201eunul dintre cei mai aprecia\u021bi actori ai cinematografiei italiene \u0219i mondiale contemporane\u201d,<\/em> statut confirmat de o carier\u0103 construit\u0103 \u00eentre produc\u021bii italiene de referin\u021b\u0103 \u0219i colabor\u0103ri interna\u021bionale care i-au consolidat vizibilitatea pe scena european\u0103.<\/p>\n<p class=\"isSelectedEnd\">\u00cent\u00e2lnirea cu publicul este conceput\u0103 ca un dialog deschis \u00eentre spectator \u0219i artist, \u00eentr-un context \u00een care festivalurile de film devin tot mai mult spa\u021bii de dezbatere cultural\u0103 \u0219i de apropiere \u00eentre creatorii de film \u0219i public. Accesul liber la eveniment ofer\u0103 participan\u021bilor ocazia de a descoperi perspectiva unui actor care a interpretat personaje complexe \u0219i a fost implicat \u00een proiecte cinematografice diverse.<\/p>\n<p class=\"isSelectedEnd\">Dialogul cu publicul va fi urmat de proiec\u021bia filmului \u201eUmbra lui Caravaggio\u201d, una dintre produc\u021biile recente care readuc \u00een aten\u021bie destinul unei personalit\u0103\u021bi esen\u021biale din istoria artei europene. Regizat de Michele Placido, filmul urm\u0103re\u0219te ultimii ani din via\u021ba celebrului pictor italian, \u00eentr-o perioad\u0103 marcat\u0103 de conflicte, acuza\u021bii \u0219i \u00eencercarea de a ob\u021bine iertarea autorit\u0103\u021bilor religioase.<\/p>\n<p class=\"isSelectedEnd\">Potrivit prezent\u0103rii oficiale, ac\u021biunea este plasat\u0103 \u00een Italia anilor 1609\u20131610, c\u00e2nd <em>\u201eCaravaggio, interpretat de Riccardo Scamarcio, este un artist genial \u0219i rebel, acuzat de crim\u0103 \u0219i condamnat la moarte\u201d<\/em>. \u00cen jurul acestui punct de plecare se construie\u0219te o poveste despre confruntarea dintre libertatea crea\u021biei \u0219i exigen\u021bele puterii religioase \u0219i politice ale epocii.<\/p>\n<div class=\"stream-item stream-item-in-post stream-item-inline-post aligncenter\"><a href=\"https:\/\/vreaulanova.ro\/?utm_source=opiniabuzau&amp;utm_medium=image\" title target=\"_blank\"><img loading=\"lazy\" decoding=\"async\" data-od-unknown-tag data-od-xpath=\"\/HTML\/BODY\/DIV[@class=&apos;background-overlay&apos;]\/*[1][self::DIV]\/*[1][self::DIV]\/*[4][self::DIV]\/*[1][self::DIV]\/*[1][self::DIV]\/*[2][self::ARTICLE]\/*[3][self::DIV]\/*[7][self::DIV]\/*[1][self::A]\/*[1][self::IMG]\" src=\"https:\/\/opiniabuzau.ro\/wp-content\/smush-webp\/2022\/02\/MicrosoftTeams-image-4-1.jpg.webp\" alt width=\"728\" height=\"91\" class=\"perfmatters-lazy\"><img loading=\"lazy\" decoding=\"async\" data-od-unknown-tag data-od-xpath=\"\/HTML\/BODY\/DIV[@class=&apos;background-overlay&apos;]\/*[1][self::DIV]\/*[1][self::DIV]\/*[4][self::DIV]\/*[1][self::DIV]\/*[1][self::DIV]\/*[2][self::ARTICLE]\/*[3][self::DIV]\/*[7][self::DIV]\/*[1][self::A]\/*[1][self::IMG]\" src=\"https:\/\/opiniabuzau.ro\/wp-content\/smush-webp\/2022\/02\/MicrosoftTeams-image-4-1.jpg.webp\" alt width=\"728\" height=\"91\"><\/a><\/div>\n<p class=\"isSelectedEnd\">Pentru a decide dac\u0103 pictorul merit\u0103 gra\u021bierea papal\u0103, Papa Paul al V-lea trimite un investigator cunoscut drept \u201eUmbra\u201d, personaj interpretat de actorul francez Louis Garrel. Misiunea acestuia este de a cerceta via\u021ba \u0219i opera artistului, iar ancheta dezv\u0103luie treptat motivele pentru care Caravaggio a devenit o figur\u0103 controversat\u0103 a timpului s\u0103u. Dup\u0103 cum subliniaz\u0103 organizatorii, pictorul <em>\u201esfideaz\u0103 conven\u021biile epocii \u0219i provoac\u0103 Biserica inclusiv prin alegerea modelelor sale\u201d<\/em>, transform\u00e2nd prostituate, ho\u021bi \u0219i vagabonzi \u00een personaje ale picturilor sale cu tematic\u0103 sacr\u0103.<\/p>\n<p class=\"isSelectedEnd\">Aceast\u0103 perspectiv\u0103 ofer\u0103 filmului o dimensiune care dep\u0103\u0219e\u0219te simpla reconstituire biografic\u0103. Destinul lui Caravaggio devine pretextul unei reflec\u021bii asupra rela\u021biei dintre art\u0103 \u0219i autoritate, dintre conformism \u0219i spiritul de revolt\u0103. Nu \u00eent\u00e2mpl\u0103tor, produc\u021bia este descris\u0103 de organizatori ca fiind \u201eun film despre geniu \u0219i revolt\u0103, art\u0103 \u0219i putere, credin\u021b\u0103 \u0219i libertate\u201d, teme care continu\u0103 s\u0103 fie relevante \u0219i \u00een societatea contemporan\u0103.<\/p>\n<p class=\"isSelectedEnd\">Al\u0103turi de Riccardo Scamarcio \u0219i Louis Garrel, distribu\u021bia \u00eei reune\u0219te pe Isabelle Huppert, Micaela Ramazzotti \u0219i Michele Placido, contribuind la profilul interna\u021bional al produc\u021biei. Prezen\u021ba actorului italian la Buz\u0103u ofer\u0103 astfel publicului posibilitatea de a-l \u00eent\u00e2lni pe protagonistul filmului chiar \u00eenaintea vizion\u0103rii sale, experien\u021b\u0103 rar \u00eent\u00e2lnit\u0103 \u00een cadrul festivalurilor de profil.<\/p>\n<p>Prin acest eveniment, BIAF 2026 \u00ee\u0219i consolideaz\u0103 dimensiunea interna\u021bional\u0103 \u0219i aduce \u00een fa\u021ba publicului buzoian at\u00e2t o personalitate important\u0103 a cinematografiei europene, c\u00e2t \u0219i o produc\u021bie care exploreaz\u0103 rela\u021bia complex\u0103 dintre art\u0103, putere \u0219i libertatea de crea\u021bie.<\/p>\n<\/div>\n<p>[analyse_source url=&#8221;https:\/\/opiniabuzau.ro\/riccardo-scamarcio-aduce-la-buzau-povestea-lui-caravaggio-in-dialogul-direct-cu-publicul\/&#8221;]<\/p>\n","protected":false},"excerpt":{"rendered":"<p>[analyse_image type=&#8221;featured&#8221; src=&#8221;https:\/\/opiniabuzau.ro\/wp-content\/uploads\/2026\/08\/Riccardo-Scamarcio-1-scaled.webp&#8221;] Actorul italian Riccardo Scamarcio, invitat special al BIAF 2026, se afl\u0103 ast\u0103zi, 27 august, la Buz\u0103u, unde dup\u0103 \u00eent\u00e2lnirea avut\u0103 \u00een cursul dimine\u021bii cu reprezentan\u021bii presei locale urmeaz\u0103 s\u0103 se \u00eent\u00e2lneasc\u0103, de la ora 17.30, cu publicul buzoian la Sala de Teatru \u201eGeorge Ciprian\u201d. Evenimentul va fi urmat de proiec\u021bia special\u0103 a [&hellip;]<\/p>\n","protected":false},"author":1,"featured_media":0,"comment_status":"open","ping_status":"","sticky":false,"template":"","format":"standard","meta":{"footnotes":""},"categories":[2],"tags":[226,44],"class_list":["post-2117414","post","type-post","status-publish","format-standard","hentry","category-politics","tag-crawlmanager","tag-opiniabuzau-ro"],"_links":{"self":[{"href":"https:\/\/analyse.optim.biz\/index.php?rest_route=\/wp\/v2\/posts\/2117414","targetHints":{"allow":["GET"]}}],"collection":[{"href":"https:\/\/analyse.optim.biz\/index.php?rest_route=\/wp\/v2\/posts"}],"about":[{"href":"https:\/\/analyse.optim.biz\/index.php?rest_route=\/wp\/v2\/types\/post"}],"author":[{"embeddable":true,"href":"https:\/\/analyse.optim.biz\/index.php?rest_route=\/wp\/v2\/users\/1"}],"replies":[{"embeddable":true,"href":"https:\/\/analyse.optim.biz\/index.php?rest_route=%2Fwp%2Fv2%2Fcomments&post=2117414"}],"version-history":[{"count":0,"href":"https:\/\/analyse.optim.biz\/index.php?rest_route=\/wp\/v2\/posts\/2117414\/revisions"}],"wp:attachment":[{"href":"https:\/\/analyse.optim.biz\/index.php?rest_route=%2Fwp%2Fv2%2Fmedia&parent=2117414"}],"wp:term":[{"taxonomy":"category","embeddable":true,"href":"https:\/\/analyse.optim.biz\/index.php?rest_route=%2Fwp%2Fv2%2Fcategories&post=2117414"},{"taxonomy":"post_tag","embeddable":true,"href":"https:\/\/analyse.optim.biz\/index.php?rest_route=%2Fwp%2Fv2%2Ftags&post=2117414"}],"curies":[{"name":"wp","href":"https:\/\/api.w.org\/{rel}","templated":true}]}}