{"id":2117413,"date":"2026-08-26T21:03:20","date_gmt":"2026-08-26T18:03:20","guid":{"rendered":"https:\/\/analyse.optim.biz\/?p=2117413"},"modified":"2026-08-26T21:03:20","modified_gmt":"2026-08-26T18:03:20","slug":"video-de-la-furie-la-echilibru-prin-programul-de-reintegrare-sociala-i-map-gestionarea-furiei-aplicat-de-serviciul-de-probatiune-buzau","status":"publish","type":"post","link":"https:\/\/analyse.optim.biz\/?p=2117413","title":{"rendered":"VIDEO \/ De la furie la echilibru prin programul de reintegrare social\u0103 \u201eI-MAP \u2013 gestionarea furiei\u201d, aplicat de Serviciul de Proba\u021biune Buz\u0103u"},"content":{"rendered":"<p>[analyse_image type=&#8221;featured&#8221; src=&#8221;https:\/\/opiniabuzau.ro\/wp-content\/uploads\/2026\/08\/probatiune-2-scaled.webp&#8221;]<\/p>\n<div class=\"entry-content entry clearfix\">\n<p><strong>Nicoleta \u021aendria B\u00ceSCEANU<\/strong><\/p>\n<blockquote>\n<p><strong>Serviciul de Proba\u021biune Buz\u0103u\u00a0 a derulat \u00een luna august 2026, ca parte a activit\u0103\u021bii sale curente, programul de reintegrare social\u0103 \u201eI-MAP \u2013 gestionarea furiei\u201d, cu scopul de a sprijinii persoanele aflate \u00een supraveghere s\u0103 \u00ee\u0219i dezvolte capacitatea de autocontrol, de gestionare a emo\u021biilor \u0219i prevenire a reac\u021biilor impulsive, contribuind astfel la reducerea riscului de comportamente conflictuale, prevenirea recidivei \u0219i sus\u021binerea procesului de reintegrare social\u0103.<\/strong><\/p>\n<\/blockquote>\n<p>Sesiunile programului urm\u0103resc \u00een\u021belegerea modului \u00een care furia influen\u021beaz\u0103 comportamentul, identificarea factorilor declan\u0219atori \u0219i a leg\u0103turii dintre g\u00e2nduri, emo\u021bii \u0219i reac\u021bii, precum \u0219i dezvoltarea comunic\u0103rii asertive, prin exprimarea clar\u0103 \u0219i respectuoas\u0103 a opiniilor, nevoilor \u0219i emo\u021biilor, \u00een vederea recunoa\u0219terii din timp a semnalelor furiei, alegerii unui r\u0103spuns con\u0219tient\/controlat \u0219i prevenirii escalad\u0103rii conflictelor \u0219i a reac\u021biilor agresive.<\/p>\n<p><img loading=\"lazy\" decoding=\"async\" data-od-unknown-tag data-od-xpath=\"\/HTML\/BODY\/DIV[@class=&apos;background-overlay&apos;]\/*[1][self::DIV]\/*[1][self::DIV]\/*[4][self::DIV]\/*[1][self::DIV]\/*[1][self::DIV]\/*[2][self::ARTICLE]\/*[3][self::DIV]\/*[5][self::P]\/*[1][self::IMG]\" class=\"alignleft wp-image-478529 size-medium perfmatters-lazy\" src=\"https:\/\/opiniabuzau.ro\/wp-content\/uploads\/2026\/08\/probatiune-3-151x220.webp\" alt width=\"151\" height=\"220\"><\/p>\n<p><img loading=\"lazy\" decoding=\"async\" data-od-unknown-tag data-od-xpath=\"\/HTML\/BODY\/DIV[@class=&apos;background-overlay&apos;]\/*[1][self::DIV]\/*[1][self::DIV]\/*[4][self::DIV]\/*[1][self::DIV]\/*[1][self::DIV]\/*[2][self::ARTICLE]\/*[3][self::DIV]\/*[5][self::P]\/*[1][self::IMG]\" class=\"alignleft wp-image-478529 size-medium\" src=\"https:\/\/opiniabuzau.ro\/wp-content\/uploads\/2026\/08\/probatiune-3-151x220.webp\" alt width=\"151\" height=\"220\">Programul are un cadru structurat \u00een nou\u0103 \u00eentrevederi individuale s\u0103pt\u0103m\u00e2nale, participan\u021bii fiind persoane care se confrunt\u0103 cu dificult\u0103\u021bi \u00een gestionarea furiei. Interven\u021bia urm\u0103re\u0219te \u00een\u021belegerea mecanismelor furiei \u0219i dezvoltarea unor modalit\u0103\u021bi concrete de gestionare a acesteia, prin \u00eembinarea informa\u021biilor teoretice cu exerci\u021bii practice, repetare \u0219i aplicarea no\u021biunilor, consolidarea unor abilit\u0103\u021bi care pot fi utilizate \u00een via\u021ba de zi cu zi.<\/p>\n<p>Mesajul central al programului poate fi sintetizat simplu: <em>\u201eFuria este o emo\u021bie, dar reac\u021bia la furie este o alegere\u201d. <\/em>Programul pune accent \u0219i pe crearea unei pauze \u00eentre emo\u021bie \u0219i reac\u021bie prin tehnica numit\u0103 \u201eClipa de r\u0103gaz\u201d, care presupune aproximativ trei minute de con\u0219tientizare a emo\u021biilor, concentrare asupra respira\u021biei \u0219i orientare a aten\u021biei c\u0103tre propriul corp, pentru reducerea intensit\u0103\u021bii emo\u021biei \u0219i facilitarea unui r\u0103spuns calm \u0219i responsabil \u00eenainte ca situa\u021bia s\u0103 escaladeze.<\/p>\n<div class=\"stream-item stream-item-in-post stream-item-inline-post aligncenter\"><a href=\"https:\/\/vreaulanova.ro\/?utm_source=opiniabuzau&amp;utm_medium=image\" title target=\"_blank\"><img loading=\"lazy\" decoding=\"async\" data-od-unknown-tag data-od-xpath=\"\/HTML\/BODY\/DIV[@class=&apos;background-overlay&apos;]\/*[1][self::DIV]\/*[1][self::DIV]\/*[4][self::DIV]\/*[1][self::DIV]\/*[1][self::DIV]\/*[2][self::ARTICLE]\/*[3][self::DIV]\/*[7][self::DIV]\/*[1][self::A]\/*[1][self::IMG]\" src=\"https:\/\/opiniabuzau.ro\/wp-content\/smush-webp\/2022\/02\/MicrosoftTeams-image-4-1.jpg.webp\" alt width=\"728\" height=\"91\" class=\"perfmatters-lazy\"><img loading=\"lazy\" decoding=\"async\" data-od-unknown-tag data-od-xpath=\"\/HTML\/BODY\/DIV[@class=&apos;background-overlay&apos;]\/*[1][self::DIV]\/*[1][self::DIV]\/*[4][self::DIV]\/*[1][self::DIV]\/*[1][self::DIV]\/*[2][self::ARTICLE]\/*[3][self::DIV]\/*[7][self::DIV]\/*[1][self::A]\/*[1][self::IMG]\" src=\"https:\/\/opiniabuzau.ro\/wp-content\/smush-webp\/2022\/02\/MicrosoftTeams-image-4-1.jpg.webp\" alt width=\"728\" height=\"91\"><\/a><\/div>\n<p>O alt\u0103 tehnic\u0103 folosit\u0103 este \u0219i utilizarea \u201eCartona\u0219elor cu indicii\u201d, care con\u021bin mesaje scurte menite s\u0103 func\u021bioneze ca o \u201eancor\u0103\u201d pentru autocontrol. Ele reamintesc persoanei alternativele de g\u00e2ndire \u0219i comportament pe care le poate folosi \u00eentr-un moment de tensiune, precum <em>\u201eRespir\u0103 \u0219i num\u0103r\u0103 p\u00e2n\u0103 la 10!\u201d<\/em>, <em>\u201eFuria nu decide \u00een locul meu!\u201d<\/em>, <em>\u201ePot s\u0103 aleg s\u0103 plec din conflict!\u201d<\/em> sau <em>\u201eVorbe\u0219te, nu r\u0103ni!\u201d.<\/em><\/p>\n<p><img loading=\"lazy\" decoding=\"async\" data-od-unknown-tag data-od-xpath=\"\/HTML\/BODY\/DIV[@class=&apos;background-overlay&apos;]\/*[1][self::DIV]\/*[1][self::DIV]\/*[4][self::DIV]\/*[1][self::DIV]\/*[1][self::DIV]\/*[2][self::ARTICLE]\/*[3][self::DIV]\/*[10][self::P]\/*[1][self::IMG]\" class=\"alignright wp-image-478527 size-medium perfmatters-lazy\" src=\"https:\/\/opiniabuzau.ro\/wp-content\/uploads\/2026\/08\/probatiune-1-390x176.webp\" alt width=\"390\" height=\"176\"><\/p>\n<p><img loading=\"lazy\" decoding=\"async\" data-od-unknown-tag data-od-xpath=\"\/HTML\/BODY\/DIV[@class=&apos;background-overlay&apos;]\/*[1][self::DIV]\/*[1][self::DIV]\/*[4][self::DIV]\/*[1][self::DIV]\/*[1][self::DIV]\/*[2][self::ARTICLE]\/*[3][self::DIV]\/*[10][self::P]\/*[1][self::IMG]\" class=\"alignright wp-image-478527 size-medium\" src=\"https:\/\/opiniabuzau.ro\/wp-content\/uploads\/2026\/08\/probatiune-1-390x176.webp\" alt width=\"390\" height=\"176\">Schimbarea comportamentelor de furie \u00eencepe atunci c\u00e2nd \u00een\u021belegem c\u0103 nu putem controla \u00eentotdeauna ceea ce ni se \u00eent\u00e2mpl\u0103, dar putem alege cum r\u0103spundem. Parcursul propus de programul I-MAP este simplu, dar esen\u021bial: <em>\u201e\u00cen\u021beleg ce mi se \u00eent\u00e2mpl\u0103 \u2013 observ ce g\u00e2ndesc \u0219i ce simt \u2013 aleg cum r\u0103spund\u201d,<\/em> pentru ca o reac\u021bie de moment s\u0103 nu se transforme \u00eentr-un conflict sau \u00eentr-un comportament cu consecin\u021be grave.<\/p>\n<p>Aplicarea programului I-MAP, de c\u0103tre Serviciul de Proba\u021biune Buz\u0103u consolideaz\u0103 demersurile de prevenire a violen\u021bei domestice desf\u0103\u0219urate \u00een cadrul campaniei \u201eFuria trece, consecin\u021bele r\u0103m\u00e2n. Apas\u0103 RESTART \u2013 tu controlezi schimbarea!\u201d, contribuind totodat\u0103 la cre\u0219terea siguran\u021bei comunit\u0103\u021bii \u0219i la atingerea obiectivelor Strategiei Na\u021bionale de Prevenire a Recidivei 2025 \u2013 2029.<\/p>\n<p>Prin astfel de ini\u021biative, Serviciul de Proba\u021biune Buz\u0103u reafirm\u0103 importan\u021ba investi\u021biei \u00een oameni, educa\u021bie \u0219i dezvoltarea abilit\u0103\u021bilor personale, ca parte a eforturilor de reducere a riscului de recidiv\u0103, prevenire a violen\u021bei \u0219i cre\u0219tere a siguran\u021bei comunit\u0103\u021bii. Fiecare persoan\u0103 sprijinit\u0103 s\u0103 \u00ee\u0219i \u00een\u021beleag\u0103 emo\u021biile, s\u0103 \u00ee\u0219i dezvolte autocontrolul \u0219i s\u0103 aleag\u0103 un comportament responsabil are o nou\u0103 \u0219ans\u0103 la schimbare, iar aceast\u0103 schimbare poate \u00eensemna rela\u021bii mai s\u0103n\u0103toase, familii mai sigure \u0219i comunit\u0103\u021bi mai solidare.<\/p>\n<p><strong>Nicoleta \u021aendria B\u00ceSCEANU este P.R. al Serviciului de Proba\u021biune Buz\u0103u<\/strong><\/p>\n<iframe loading=\"lazy\" title=\"Campanie controlul furiei\" width=\"780\" height=\"439\" src=\"https:\/\/www.youtube.com\/embed\/AjJQABvFowg?feature=oembed\" frameborder allow=\"accelerometer; autoplay; clipboard-write; encrypted-media; gyroscope; picture-in-picture; web-share\" referrerpolicy=\"strict-origin-when-cross-origin\" allowfullscreen><\/iframe>\n<p>\u00a0<\/p>\n<\/div>\n<p>[analyse_source url=&#8221;https:\/\/opiniabuzau.ro\/video-de-la-furie-la-echilibru-prin-programul-de-reintegrare-sociala-i-map-gestionarea-furiei-aplicat-de-serviciul-de-probatiune-buzau\/&#8221;]<\/p>\n","protected":false},"excerpt":{"rendered":"<p>[analyse_image type=&#8221;featured&#8221; src=&#8221;https:\/\/opiniabuzau.ro\/wp-content\/uploads\/2026\/08\/probatiune-2-scaled.webp&#8221;] Nicoleta \u021aendria B\u00ceSCEANU Serviciul de Proba\u021biune Buz\u0103u\u00a0 a derulat \u00een luna august 2026, ca parte a activit\u0103\u021bii sale curente, programul de reintegrare social\u0103 \u201eI-MAP \u2013 gestionarea furiei\u201d, cu scopul de a sprijinii persoanele aflate \u00een supraveghere s\u0103 \u00ee\u0219i dezvolte capacitatea de autocontrol, de gestionare a emo\u021biilor \u0219i prevenire a reac\u021biilor impulsive, contribuind [&hellip;]<\/p>\n","protected":false},"author":1,"featured_media":0,"comment_status":"open","ping_status":"","sticky":false,"template":"","format":"standard","meta":{"footnotes":""},"categories":[2],"tags":[226,44],"class_list":["post-2117413","post","type-post","status-publish","format-standard","hentry","category-politics","tag-crawlmanager","tag-opiniabuzau-ro"],"_links":{"self":[{"href":"https:\/\/analyse.optim.biz\/index.php?rest_route=\/wp\/v2\/posts\/2117413","targetHints":{"allow":["GET"]}}],"collection":[{"href":"https:\/\/analyse.optim.biz\/index.php?rest_route=\/wp\/v2\/posts"}],"about":[{"href":"https:\/\/analyse.optim.biz\/index.php?rest_route=\/wp\/v2\/types\/post"}],"author":[{"embeddable":true,"href":"https:\/\/analyse.optim.biz\/index.php?rest_route=\/wp\/v2\/users\/1"}],"replies":[{"embeddable":true,"href":"https:\/\/analyse.optim.biz\/index.php?rest_route=%2Fwp%2Fv2%2Fcomments&post=2117413"}],"version-history":[{"count":0,"href":"https:\/\/analyse.optim.biz\/index.php?rest_route=\/wp\/v2\/posts\/2117413\/revisions"}],"wp:attachment":[{"href":"https:\/\/analyse.optim.biz\/index.php?rest_route=%2Fwp%2Fv2%2Fmedia&parent=2117413"}],"wp:term":[{"taxonomy":"category","embeddable":true,"href":"https:\/\/analyse.optim.biz\/index.php?rest_route=%2Fwp%2Fv2%2Fcategories&post=2117413"},{"taxonomy":"post_tag","embeddable":true,"href":"https:\/\/analyse.optim.biz\/index.php?rest_route=%2Fwp%2Fv2%2Ftags&post=2117413"}],"curies":[{"name":"wp","href":"https:\/\/api.w.org\/{rel}","templated":true}]}}