{"id":2117412,"date":"2026-08-26T21:01:57","date_gmt":"2026-08-26T18:01:57","guid":{"rendered":"https:\/\/analyse.optim.biz\/?p=2117412"},"modified":"2026-08-26T21:01:57","modified_gmt":"2026-08-26T18:01:57","slug":"27-august-2026","status":"publish","type":"post","link":"https:\/\/analyse.optim.biz\/?p=2117412","title":{"rendered":"27 august 2026"},"content":{"rendered":"<p>[analyse_image type=&#8221;featured&#8221; src=&#8221;https:\/\/opiniabuzau.ro\/wp-content\/uploads\/2025\/12\/Calendarul-Zilei-scaled.webp&#8221;]<\/p>\n<div class=\"entry-content entry clearfix\">\n<blockquote>\n<p><strong>Cre\u0219tinii ortodoc\u0219i \u00eel pomenesc pe <span>Sf\u00e2ntul Fanurie<\/span>, iar credincio\u0219ii romano-catolici \u00eei comemoreaz\u0103 pe <span>Sf\u00e2nta Monica<\/span> \u0219i pe <span>Sf\u00e2ntul Cezar de Arles, episcop<\/span>.<\/strong><\/p>\n<\/blockquote>\n<ul>\n<li>1877 \u2013 Primul asalt al trupelor rom\u00e2ne asupra sistemului de fortifica\u0163ii din jurul Plevnei. A fost atacat \u015fi cucerit redanul din fa\u0163a redutei Grivi\u0163a-1. Cucerirea acestui avanpost fortificat s-a \u00eenscris ca o prim\u0103 victorie a armatei rom\u00e2ne. (27 aug.\/8 sept. 1877)<\/li>\n<li>1905 \u2013 S-a n\u0103scut inginerul Ion S. Antoniu, membru corespondent al Academiei Rom\u00e2ne (21 martie 1963). (m. 10 mart. 1987)<\/li>\n<li>1917 \u2013 B\u0103t\u0103lia de la Cire\u015foaia. A fost ultima b\u0103t\u0103lie important\u0103 din campania anului 1917 pe frontul rom\u00e2nesc. (27 aug.\/9 sept. \u2013 30 aug.\/12 sept.)<\/li>\n<li>1918 \u2013 S-a n\u0103scut traduc\u0103torul \u015fi eseistul Leon Levi\u0163chi. (m. 16 oct. 1991)<\/li>\n<li>1920 \u2013 Au fost stabilite rela\u0163ii diplomatice la nivel de lega\u0163ie \u00eentre Rom\u00e2nia \u015fi Austria.<\/li>\n<li>1928 \u2013 S-a n\u0103scut Mircea Zaciu, istoric literar \u015fi eseist, membru de onoare al Academiei Rom\u00e2ne. (m. 21 mart. 2000)<\/li>\n<li>1930 \u2013 S-a n\u0103scut istoricul literar Zigu Ornea. (m. 15 nov. 2001)<\/li>\n<li>1942 \u2013 S-a n\u0103scut Dumitru (Pu\u015fi) Dinulescu, dramaturg, regizor de teatru \u015fi film. (m. 31 iul. 2019)<\/li>\n<li>1943 \u2013 A murit mare\u015falul Constantin Prezan, membru de onoare al Academiei Rom\u00e2ne. (n. 27 ian. 1861)<\/li>\n<li>1950 \u2013 S-a n\u0103scut actorul \u015fi regizorul Mihai M\u0103laimare.<\/li>\n<li>1959 \u2013 S-a n\u0103scut actorul Claudiu Bleon\u0163.<\/li>\n<li>1965 \u2013 A murit prozatorul, poetul \u015fi traduc\u0103torul Eusebiu Camilar, membru corespondent al Academiei Rom\u00e2ne (2 iul. 1955). (n. 7 oct. 1910)<\/li>\n<li>1970 \u2013 A murit actorul \u015etefan Ciobot\u0103ra\u015fu. (n. 21 mart. 1910)<\/li>\n<li>1972 \u2013 S-a n\u0103scut Horia Brenciu, c\u00e2nt\u0103re\u021b \u0219i prezentator de televiziune.<\/li>\n<li>1981 \u2013 A avut loc, la Bucure\u015fti, al XVI-lea Congres interna\u0163ional de istorie a \u015ftiin\u0163ei, la care au participat peste 1.200 de oameni de \u015ftiin\u0163\u0103 din 50 de \u0163\u0103ri. (27 aug. \u2013 3 sept.) (45 de ani)<\/li>\n<li>1982 \u2013 A fost lansat primul avion Rombac 1-11 realizat \u00een \u0163ara noastr\u0103.<\/li>\n<li>1991 \u2013 Guvernul Rom\u00e2niei a recunoscut independen\u0163a Republicii Moldova. Rom\u00e2nia a fost primul stat care a recunoscut Republica Moldova, la numai c\u00e2teva ore dup\u0103 declararea independen\u0163ei de stat. (35 de ani)<\/li>\n<li>1991 \u2013 A murit actorul Nicolae Brancomir. (n. 7 aug. 1904) (35 de ani)<\/li>\n<li>1997 \u2013 Guvernul a adoptat 31 de ordonan\u0163e, \u00eentre care \u015fi cele privind \u00eenfiin\u0163area S.C. Compania Na\u0163ional\u0103 de Transporturi Aeriene Rom\u00e2ne TAROM S.A. \u015fi a Oficiului Na\u0163ional al Cinematografiei. (27-28)<\/li>\n<\/ul>\n<h3>Austria<\/h3>\n<ul>\n<li>1986 \u2013 S-a n\u0103scut Sebastian Kurz, fost cancelar (dec. 2017 \u2013 mai 2019; 2020-2021), cel mai t\u00e2n\u0103r \u0219ef de guvern al \u0163\u0103rii \u015fi din lume, la acea vreme; antreprenor, a cofondat firma israelian\u0103 de securitate cibernetic\u0103 Dream Security, care a atins statutul de unicorn \u00een 2025. (40 de ani)<\/li>\n<\/ul>\n<h3>Italia<\/h3>\n<ul>\n<li>1576 \u2013 A murit pictorul renascentist Ti\u0163iano (Tiziano Vecellio). (n. 1488\/1490) (450 de ani)<\/li>\n<\/ul>\n<h3>Republica Moldova<\/h3>\n<ul>\n<li>2026 \u2013 Ziua na\u0163ional\u0103. Aniversarea proclam\u0103rii independen\u0163ei (1991)<\/li>\n<\/ul>\n<h3>SUA<\/h3>\n<ul>\n<li>1776 \u2013 B\u0103t\u0103lia de la Long Island: \u00een zona cunoscut\u0103, ast\u0103zi, sub numele de Brooklyn, New York, for\u0163ele militare britanice conduse de generalul William Howe au \u00eenfr\u00e2nt trupele americane conduse de generalul George Washington. (250 de ani)<\/li>\n<li>1871 \u2013 S-a n\u0103scut scriitorul Theodore Dreiser. (m. 28 dec. 1945) (155 de ani)<\/li>\n<li>1941 \u2013 S-a n\u0103scut Harrison Page, actor, cunoscut mai ales pentru rolurile din \u201eLionheart\u201d (1990), \u201eSledge Hammer!\u201d (1986) \u015fi \u201eBad Ass\u201d (2012). (85 de ani)<\/li>\n<li>1961 \u2013 S-a n\u0103scut designerul Tom Ford. (65 de ani)<\/li>\n<\/ul>\n<h3>Interna\u0163ionale<\/h3>\n<ul>\n<li>1936 \u2013 Egiptul \u015fi Marea Britanie au semnat tratatul care prevedea retragerea for\u0163elor britanice din Egipt, cu excep\u0163ia zonei Canalului de Suez. (85 de ani)<\/li>\n<li>1991 \u2013 Comunitatea European\u0103 recunoa\u015fte independen\u0163a statelor baltice Estonia, Letonia \u015fi Lituania. (35 de ani)<\/li>\n<li>2026 \u2013 Ziua mondial\u0103 a lacurilor (ONU).<\/li>\n<\/ul>\n<\/div>\n<p>[analyse_source url=&#8221;https:\/\/opiniabuzau.ro\/27-august-2026\/&#8221;]<\/p>\n","protected":false},"excerpt":{"rendered":"<p>[analyse_image type=&#8221;featured&#8221; src=&#8221;https:\/\/opiniabuzau.ro\/wp-content\/uploads\/2025\/12\/Calendarul-Zilei-scaled.webp&#8221;] Cre\u0219tinii ortodoc\u0219i \u00eel pomenesc pe Sf\u00e2ntul Fanurie, iar credincio\u0219ii romano-catolici \u00eei comemoreaz\u0103 pe Sf\u00e2nta Monica \u0219i pe Sf\u00e2ntul Cezar de Arles, episcop. 1877 \u2013 Primul asalt al trupelor rom\u00e2ne asupra sistemului de fortifica\u0163ii din jurul Plevnei. A fost atacat \u015fi cucerit redanul din fa\u0163a redutei Grivi\u0163a-1. Cucerirea acestui avanpost fortificat s-a \u00eenscris [&hellip;]<\/p>\n","protected":false},"author":1,"featured_media":0,"comment_status":"open","ping_status":"","sticky":false,"template":"","format":"standard","meta":{"footnotes":""},"categories":[2],"tags":[226,44],"class_list":["post-2117412","post","type-post","status-publish","format-standard","hentry","category-politics","tag-crawlmanager","tag-opiniabuzau-ro"],"_links":{"self":[{"href":"https:\/\/analyse.optim.biz\/index.php?rest_route=\/wp\/v2\/posts\/2117412","targetHints":{"allow":["GET"]}}],"collection":[{"href":"https:\/\/analyse.optim.biz\/index.php?rest_route=\/wp\/v2\/posts"}],"about":[{"href":"https:\/\/analyse.optim.biz\/index.php?rest_route=\/wp\/v2\/types\/post"}],"author":[{"embeddable":true,"href":"https:\/\/analyse.optim.biz\/index.php?rest_route=\/wp\/v2\/users\/1"}],"replies":[{"embeddable":true,"href":"https:\/\/analyse.optim.biz\/index.php?rest_route=%2Fwp%2Fv2%2Fcomments&post=2117412"}],"version-history":[{"count":0,"href":"https:\/\/analyse.optim.biz\/index.php?rest_route=\/wp\/v2\/posts\/2117412\/revisions"}],"wp:attachment":[{"href":"https:\/\/analyse.optim.biz\/index.php?rest_route=%2Fwp%2Fv2%2Fmedia&parent=2117412"}],"wp:term":[{"taxonomy":"category","embeddable":true,"href":"https:\/\/analyse.optim.biz\/index.php?rest_route=%2Fwp%2Fv2%2Fcategories&post=2117412"},{"taxonomy":"post_tag","embeddable":true,"href":"https:\/\/analyse.optim.biz\/index.php?rest_route=%2Fwp%2Fv2%2Ftags&post=2117412"}],"curies":[{"name":"wp","href":"https:\/\/api.w.org\/{rel}","templated":true}]}}